{"id":4952,"date":"2024-02-01T16:22:25","date_gmt":"2024-02-01T16:22:25","guid":{"rendered":"https:\/\/entrenotasyacordes.com\/?p=4952"},"modified":"2024-02-05T16:26:28","modified_gmt":"2024-02-05T16:26:28","slug":"billy-joel-presenta-su-primer-single-en-decadas-turn-the-lights-back-on","status":"publish","type":"post","link":"https:\/\/entrenotasyacordes.com\/?p=4952","title":{"rendered":"BILLY JOEL presenta su primer single en d\u00e9cadas \u201cTURN THE LIGHTS BACK ON\u201d"},"content":{"rendered":"\n<!--more-->\n\n\n\n<figure class=\"wp-block-embed is-type-video is-provider-youtube wp-block-embed-youtube wp-embed-aspect-16-9 wp-has-aspect-ratio\"><div class=\"wp-block-embed__wrapper\">\n<div class=\"epyt-video-wrapper\"><iframe loading=\"lazy\"  id=\"_ytid_61778\"  width=\"640\" height=\"360\"  data-origwidth=\"640\" data-origheight=\"360\" src=\"https:\/\/www.youtube.com\/embed\/hexZ5hwia08?enablejsapi=1&#038;autoplay=0&#038;cc_load_policy=0&#038;cc_lang_pref=&#038;iv_load_policy=1&#038;loop=0&#038;rel=1&#038;fs=1&#038;playsinline=0&#038;autohide=2&#038;theme=dark&#038;color=white&#038;controls=1&#038;\" class=\"__youtube_prefs__  epyt-is-override  no-lazyload\" data-vol=\"50\"  title=\"YouTube player\"  allow=\"fullscreen; accelerometer; autoplay; clipboard-write; encrypted-media; gyroscope; picture-in-picture; web-share\" referrerpolicy=\"strict-origin-when-cross-origin\" allowfullscreen data-no-lazy=\"1\" data-skipgform_ajax_framebjll=\"\"><\/iframe><\/div>\n<\/div><\/figure>\n\n\n\n<div style=\"height:26px\" aria-hidden=\"true\" class=\"wp-block-spacer\"><\/div>\n\n\n\n<p class=\"has-black-color has-text-color has-link-color wp-elements-8422bd6fe74c0d544d51d156f19ec497\"><strong>Columbia Records<\/strong>&nbsp;lanza el primer single nuevo de&nbsp;<strong><em><u>Billy Joel en d\u00e9cadas<\/u><\/em><\/strong>,&nbsp;<strong>\u00abTurn the Lights Back On<\/strong>\u00ab. Disponible en todas las plataformas&nbsp;<a href=\"https:\/\/click.emails.sonymusicfans.com\/?qs=23bf8cc541f07a89b8f1bb17b4c548573194445553605f24fa91ab2c4a87c300ebbae5974b6bfa7e600310140cbbfcdab0c543e5ad2a74b8\"><strong>AQU\u00cd<\/strong><\/a><strong>.<\/strong>&nbsp;El single viene acompa\u00f1ado de un lyric video en el canal oficial de YouTube de Billy: m\u00edralo&nbsp;<a href=\"https:\/\/click.emails.sonymusicfans.com\/?qs=23bf8cc541f07a89a3d856ce354e67d95c6b5a7db1c5832f70f52d301521e8e3fadbf855f4cdcf50b32482b61b62696b3eef11fb093c9dd3\"><strong>AQU\u00cd<\/strong><\/a>.&nbsp;<strong>\u00abTurn the Lights Back On\u00bb<\/strong>&nbsp;fue producida por el compositor y productor nominado al GRAMMY Freddy Wexler y escrita por Wexler, Arthur Bacon, Wayne Hector y Joel.<\/p>\n\n\n\n<div style=\"height:26px\" aria-hidden=\"true\" class=\"wp-block-spacer\"><\/div>\n\n\n\n<p class=\"has-black-color has-text-color has-link-color wp-elements-eb2e4519bf025606b1804abb29c06f2a\">El seis veces ganador del premio GRAMMY y miembro del Sal\u00f3n de la Fama\u00ae&nbsp;del Rock and Roll y homenajeado en el Kennedy Center\u00ae&nbsp;subir\u00e1 al escenario este domingo en los GRAMMY\u00ae&nbsp;2024.<\/p>\n\n\n\n<div style=\"height:26px\" aria-hidden=\"true\" class=\"wp-block-spacer\"><\/div>\n\n\n\n<p class=\"has-black-color has-text-color has-link-color wp-elements-24ea327eeafa9724bc7f614b81ae1a35\">Billy aludi\u00f3 inicialmente a la canci\u00f3n en&nbsp;<a href=\"https:\/\/click.emails.sonymusicfans.com\/?qs=23bf8cc541f07a8995c4dc60274b34331ad80819ae3d87bc4f0c02654e2af59a63dc9b0df5dde1edb9efa920a194eb7eae862707a5060012\">TikTok<\/a>, tras su debut en la plataforma. Ahora, ofrece una melod\u00eda cl\u00e1sica al estilo de&nbsp;<strong>Billy Joel<\/strong>, que encarna las particularidades de su sonido caracter\u00edstico y marca el comienzo del siguiente cap\u00edtulo de su historia. En la letra, pregunta: \u00ab\u00bfEsper\u00e9 demasiado&#8230; \u00bfVolver a encender las luces?<\/p>\n\n\n\n<div style=\"height:26px\" aria-hidden=\"true\" class=\"wp-block-spacer\"><\/div>\n\n\n\n<p class=\"has-black-color has-text-color has-link-color wp-elements-d1431d9acf3bceb511fc65c9442333e6\"><strong>Billy Joel&nbsp;<\/strong>sigue siendo uno de los artistas m\u00e1s influyentes de todos los tiempos y un narrador generacional sin comparaci\u00f3n. M\u00e1s all\u00e1 de vender m\u00e1s de 160 millones de \u00e1lbumes en todo el mundo y emerger como&nbsp;<em>\u00abel cuarto artista solista m\u00e1s vendido en los Estados Unidos<\/em>\u00ab, ha obtenido seis premios GRAMMY\u00ae&nbsp;de 23 nominaciones. Entre docenas de reconocimientos, fue incluido en el Sal\u00f3n de la Fama de los Compositores en 1992, en el Sal\u00f3n de la Fama del Rock and Roll en 1999 y en el Sal\u00f3n de la Fama de la M\u00fasica de Long Island en 2006. Adem\u00e1s, se convirti\u00f3 en la<em>&nbsp;\u00abPersona del A\u00f1o\u00bb de&nbsp;<\/em>MusiCares en 2002 y recibi\u00f3 el Kennedy Center\u00ae&nbsp;Honors en 2013. Haciendo historia, su doble diamante&nbsp;<strong><em>Greatest Hits \u2013 Volume I &amp; Volume II<\/em><\/strong>&nbsp;se destaca como&nbsp;<em>\u00abel sexto \u00e1lbum m\u00e1s certificado de todos los tiempos<\/em>.\u00c9xitos como \u00ab<strong>Piano Man<\/strong>\u00ab,<strong>&nbsp;\u00abUptown Girl\u00bb&nbsp;<\/strong>y\u00bb<strong>We Didn&#8217;t Start The Fire<\/strong>\u00bb han resonado a trav\u00e9s de las \u00e9pocas, incluso consagr\u00e1ndolo entre los mejores artistas de Spotify. Tras su actuaci\u00f3n n\u00famero 100 con entradas agotadas en el Madison Square Garden, el estado de Nueva York&nbsp;<em>(su hogar)<\/em>&nbsp;declar\u00f3 el 18 de julio&nbsp;<em>como el \u00abD\u00eda de Billy Joel<\/em>\u00ab.&nbsp;<em>En&nbsp;<\/em>2024, comparte su primera canci\u00f3n nueva en d\u00e9cadas&nbsp;<strong>\u00abTurn the Lights Back On<\/strong>.<strong>\u00ab<\/strong><\/p>\n\n\n\n<div style=\"height:26px\" aria-hidden=\"true\" class=\"wp-block-spacer\"><\/div>\n","protected":false},"excerpt":{"rendered":"","protected":false},"author":5,"featured_media":4953,"comment_status":"open","ping_status":"open","sticky":false,"template":"","format":"standard","meta":{"om_disable_all_campaigns":false,"_uf_show_specific_survey":0,"_uf_disable_surveys":false,"footnotes":""},"categories":[4],"tags":[],"class_list":["post-4952","post","type-post","status-publish","format-standard","has-post-thumbnail","hentry","category-musica"],"_links":{"self":[{"href":"https:\/\/entrenotasyacordes.com\/index.php?rest_route=\/wp\/v2\/posts\/4952","targetHints":{"allow":["GET"]}}],"collection":[{"href":"https:\/\/entrenotasyacordes.com\/index.php?rest_route=\/wp\/v2\/posts"}],"about":[{"href":"https:\/\/entrenotasyacordes.com\/index.php?rest_route=\/wp\/v2\/types\/post"}],"author":[{"embeddable":true,"href":"https:\/\/entrenotasyacordes.com\/index.php?rest_route=\/wp\/v2\/users\/5"}],"replies":[{"embeddable":true,"href":"https:\/\/entrenotasyacordes.com\/index.php?rest_route=%2Fwp%2Fv2%2Fcomments&post=4952"}],"version-history":[{"count":2,"href":"https:\/\/entrenotasyacordes.com\/index.php?rest_route=\/wp\/v2\/posts\/4952\/revisions"}],"predecessor-version":[{"id":4955,"href":"https:\/\/entrenotasyacordes.com\/index.php?rest_route=\/wp\/v2\/posts\/4952\/revisions\/4955"}],"wp:featuredmedia":[{"embeddable":true,"href":"https:\/\/entrenotasyacordes.com\/index.php?rest_route=\/wp\/v2\/media\/4953"}],"wp:attachment":[{"href":"https:\/\/entrenotasyacordes.com\/index.php?rest_route=%2Fwp%2Fv2%2Fmedia&parent=4952"}],"wp:term":[{"taxonomy":"category","embeddable":true,"href":"https:\/\/entrenotasyacordes.com\/index.php?rest_route=%2Fwp%2Fv2%2Fcategories&post=4952"},{"taxonomy":"post_tag","embeddable":true,"href":"https:\/\/entrenotasyacordes.com\/index.php?rest_route=%2Fwp%2Fv2%2Ftags&post=4952"}],"curies":[{"name":"wp","href":"https:\/\/api.w.org\/{rel}","templated":true}]}}