{"id":4956,"date":"2024-02-05T16:32:36","date_gmt":"2024-02-05T16:32:36","guid":{"rendered":"https:\/\/entrenotasyacordes.com\/?p=4956"},"modified":"2024-02-05T16:32:38","modified_gmt":"2024-02-05T16:32:38","slug":"son-mambo-viernes-9-de-febrero-21hs-en-la-cupula-bar-rock","status":"publish","type":"post","link":"https:\/\/entrenotasyacordes.com\/?p=4956","title":{"rendered":"Son mambo Viernes 9 de febrero 21hs en La C\u00fapula Bar Rock"},"content":{"rendered":"\n<p><a href=\"https:\/\/www.passline.com\/sitio-evento\/son-mambo-en-la-cupula?utm_source=email_marketing&amp;utm_admin=86415&amp;utm_medium=email&amp;utm_campaign=Son_Mambo_sigue_presentando_su_segundo_disco_El_sabor_que_los_pari\" title=\"\">Entradas a la venta <\/a><\/p>\n\n\n\n<!--more-->\n\n\n\n<p class=\"has-black-color has-text-color has-link-color wp-elements-7a682bc4ff80fc7c51ac1afa82fab15a\">Son mambo sigue presentando su segundo disco \u201cEl sabor que los pari\u00f3\u201d<\/p>\n\n\n\n<div style=\"height:14px\" aria-hidden=\"true\" class=\"wp-block-spacer\"><\/div>\n\n\n\n<p class=\"has-black-color has-text-color has-link-color wp-elements-c51c1c6f287742a7872cc5cd82725204\">Luego de su show fines de diciembre, vuelve Son Mambo al ruedo con un evento que se convertir\u00e1 en una noche m\u00e1gica a pura rumba timba salsa y son.<\/p>\n\n\n\n<div style=\"height:14px\" aria-hidden=\"true\" class=\"wp-block-spacer\"><\/div>\n\n\n\n<p class=\"has-black-color has-text-color has-link-color wp-elements-14a4be539de3bb1f0ed9e7a89fd97575\">Adem\u00e1s; estar\u00e1n acompa\u00f1ando la Formaci\u00f3n Peligrosa.<\/p>\n\n\n\n<div style=\"height:14px\" aria-hidden=\"true\" class=\"wp-block-spacer\"><\/div>\n\n\n\n<p class=\"has-black-color has-text-color has-link-color wp-elements-1e853c753c604d165277d12737d4f5b0\">Esta noche ser\u00e1 musicaliza por DJ NESHE y toda su artiller\u00eda pesada rumbera salsera!!<\/p>\n\n\n\n<div style=\"height:14px\" aria-hidden=\"true\" class=\"wp-block-spacer\"><\/div>\n\n\n\n<figure class=\"wp-block-image size-large\"><img loading=\"lazy\" decoding=\"async\" width=\"1024\" height=\"1024\" src=\"https:\/\/entrenotasyacordes.com\/wp-content\/uploads\/2024\/02\/653bc66185caef7f20e35b2c-1024x1024.png\" alt=\"\" class=\"wp-image-4957\" srcset=\"https:\/\/entrenotasyacordes.com\/wp-content\/uploads\/2024\/02\/653bc66185caef7f20e35b2c-1024x1024.png 1024w, https:\/\/entrenotasyacordes.com\/wp-content\/uploads\/2024\/02\/653bc66185caef7f20e35b2c-300x300.png 300w, https:\/\/entrenotasyacordes.com\/wp-content\/uploads\/2024\/02\/653bc66185caef7f20e35b2c-150x150.png 150w, https:\/\/entrenotasyacordes.com\/wp-content\/uploads\/2024\/02\/653bc66185caef7f20e35b2c-768x768.png 768w, https:\/\/entrenotasyacordes.com\/wp-content\/uploads\/2024\/02\/653bc66185caef7f20e35b2c-50x50.png 50w, https:\/\/entrenotasyacordes.com\/wp-content\/uploads\/2024\/02\/653bc66185caef7f20e35b2c.png 1400w\" sizes=\"auto, (max-width: 1024px) 100vw, 1024px\" \/><\/figure>\n\n\n\n<div style=\"height:14px\" aria-hidden=\"true\" class=\"wp-block-spacer\"><\/div>\n\n\n\n<p class=\"has-black-color has-text-color has-link-color wp-elements-a91e3df4a22d47d397aebcc9afbbea96\"><strong><em>Son Mambo lanza su segundo disco \u201cEL SABOR QUE LOS PARIO\u201d<\/em><\/strong>\u00a0con canciones propias, manteniendo el estilo y sonido personal del grupo, pero agregando nuevos colores y condimentos del rock y blues, como guitarras el\u00e9ctricas, Lap Steel, Arm\u00f3nicas (en tracks como\u00a0<em><strong>Bla bla bla\u00a0 o Luna Matancera<\/strong><\/em>, primer single adelanto), influencias de la Cumbia \u201cAmaz\u00f3nica\u201d (<em><strong>Ni\u00f1a de Cobre<\/strong><\/em>),aires de Salsa (<em><strong>Despierta<\/strong><\/em>) y profundizan a\u00fan m\u00e1s en el audio de las orquestas de los a\u00f1os 50tas con arreglos de cuerdas ,vientos y piano<br>(Payaso, Busco Trabajo).\u00a0<\/p>\n\n\n\n<div style=\"height:18px\" aria-hidden=\"true\" class=\"wp-block-spacer\"><\/div>\n\n\n\n<p class=\"has-black-color has-text-color has-link-color wp-elements-bf03100fbfe5736a5f6046f8082983c5\"><strong><em>Menci\u00f3n aparte para las letras<\/em><\/strong>, donde aflora una po\u00e9tica sensible llena de im\u00e1genes que pintan realidades suburbanas, mezclando influencias que van desde el folclore rioplatense y latinoamericano hasta la l\u00edrica del mejor Rock Argentino y el Tango.<\/p>\n\n\n\n<div style=\"height:18px\" aria-hidden=\"true\" class=\"wp-block-spacer\"><\/div>\n\n\n\n<figure class=\"wp-block-embed is-type-video is-provider-youtube wp-block-embed-youtube wp-embed-aspect-16-9 wp-has-aspect-ratio\"><div class=\"wp-block-embed__wrapper\">\n<div class=\"epyt-video-wrapper\"><iframe loading=\"lazy\"  id=\"_ytid_28712\"  width=\"640\" height=\"360\"  data-origwidth=\"640\" data-origheight=\"360\" src=\"https:\/\/www.youtube.com\/embed\/zo9LbPANsAQ?enablejsapi=1&#038;autoplay=0&#038;cc_load_policy=0&#038;cc_lang_pref=&#038;iv_load_policy=1&#038;loop=0&#038;rel=1&#038;fs=1&#038;playsinline=0&#038;autohide=2&#038;theme=dark&#038;color=white&#038;controls=1&#038;\" class=\"__youtube_prefs__  epyt-is-override  no-lazyload\" data-vol=\"50\"  title=\"YouTube player\"  allow=\"fullscreen; accelerometer; autoplay; clipboard-write; encrypted-media; gyroscope; picture-in-picture; web-share\" referrerpolicy=\"strict-origin-when-cross-origin\" allowfullscreen data-no-lazy=\"1\" data-skipgform_ajax_framebjll=\"\"><\/iframe><\/div>\n<\/div><\/figure>\n\n\n\n<div style=\"height:18px\" aria-hidden=\"true\" class=\"wp-block-spacer\"><\/div>\n\n\n\n<p class=\"has-black-color has-text-color has-link-color wp-elements-db66f44c10569d4dfb84f71db734288f\"><strong><em>FICHA TECNICA Y CR\u00c9DITOS \u201cEL SABOR QUE LOS PARI\u00d3\u201d NUEVO&nbsp;<\/em><\/strong><strong><em>ALBUM:<\/em><\/strong><\/p>\n\n\n\n<div style=\"height:18px\" aria-hidden=\"true\" class=\"wp-block-spacer\"><\/div>\n\n\n\n<p class=\"has-black-color has-text-color has-link-color wp-elements-156078df26474f7e6300564eecb35687\"><strong>Grabado en Estudios ION \/ TECNICA POR Juan Pablo de Mendoza&nbsp;<\/strong><br><strong>Grabaciones Adicionales en TRONADOR RECORDS<\/strong><br><strong>Producci\u00f3n Art\u00edstica:&nbsp; Lautaro Merzari y Jos\u00e9 Lavallen<\/strong><br><strong>Mezcla y Mastering: Niki Ridi en Estudios Medio Cielo<br><br><em>INVITADOS:<\/em><br>Francisco Huici&nbsp;<\/strong>arreglos de brass y saxo (Despierta)&nbsp;<strong><br>Juan Canosa&nbsp;<\/strong>tromb\u00f3n (Despierta)&nbsp;<strong><br>Jos\u00e9 Eleuterio&nbsp;<\/strong>arreglos de cuerdas&nbsp;(Payaso)<strong><br>Maritza Pacheco Blanco&nbsp;<\/strong>viol\u00edn y viola (Payaso)<strong><br>&nbsp;Javier Mayor&nbsp;<\/strong>trompeta (Payaso y Busco Trabajo)<strong><br>Tomas Pastoriza&nbsp;<\/strong>piano (Payaso)<strong><br>Jos\u00e9 Lavalen<\/strong>&nbsp;guitarras el\u00e9ctricas, ac\u00fasticas, LapSteel, arm\u00f3nica y coros&nbsp;<strong><br>Lautaro Merzari&nbsp;<\/strong>maracas, guacharaca y coros<\/p>\n\n\n\n<div style=\"height:18px\" aria-hidden=\"true\" class=\"wp-block-spacer\"><\/div>\n\n\n\n<figure class=\"wp-block-image size-large\"><img loading=\"lazy\" decoding=\"async\" width=\"1024\" height=\"1024\" src=\"https:\/\/entrenotasyacordes.com\/wp-content\/uploads\/2024\/02\/653bfa5485558e1052dffd38-1-1024x1024.png\" alt=\"\" class=\"wp-image-4959\" srcset=\"https:\/\/entrenotasyacordes.com\/wp-content\/uploads\/2024\/02\/653bfa5485558e1052dffd38-1-1024x1024.png 1024w, https:\/\/entrenotasyacordes.com\/wp-content\/uploads\/2024\/02\/653bfa5485558e1052dffd38-1-300x300.png 300w, https:\/\/entrenotasyacordes.com\/wp-content\/uploads\/2024\/02\/653bfa5485558e1052dffd38-1-150x150.png 150w, https:\/\/entrenotasyacordes.com\/wp-content\/uploads\/2024\/02\/653bfa5485558e1052dffd38-1-768x768.png 768w, https:\/\/entrenotasyacordes.com\/wp-content\/uploads\/2024\/02\/653bfa5485558e1052dffd38-1-50x50.png 50w, https:\/\/entrenotasyacordes.com\/wp-content\/uploads\/2024\/02\/653bfa5485558e1052dffd38-1.png 1400w\" sizes=\"auto, (max-width: 1024px) 100vw, 1024px\" \/><\/figure>\n\n\n\n<div style=\"height:18px\" aria-hidden=\"true\" class=\"wp-block-spacer\"><\/div>\n\n\n\n<p class=\"has-black-color has-text-color has-link-color wp-elements-967bd3b760becf30b517eaf09107003f\">SON MAMBO banda formada por amigos del oeste del conurbano bonaerense, que se mueven bajo el radar de la zona de Isidro Casanova al l\u00edmite con Laferrere .&nbsp;&nbsp;<\/p>\n\n\n\n<div style=\"height:18px\" aria-hidden=\"true\" class=\"wp-block-spacer\"><\/div>\n\n\n\n<p class=\"has-black-color has-text-color has-link-color wp-elements-50b75e511a57aeb9d30a3d4336dfb468\"><strong><em>Gustavo Medina (contrabajista) y Hern\u00e1n Ortiz (tres cubano)<\/em><\/strong>&nbsp;fueron los iniciadores de esta idea que representa el Son Cubano \u201cMatancero\u201d (de Matanza Cuba? no.. de la Matanza del Oeste de BSAS Argentina!)&nbsp;<\/p>\n\n\n\n<div style=\"height:18px\" aria-hidden=\"true\" class=\"wp-block-spacer\"><\/div>\n\n\n\n<p class=\"has-black-color has-text-color has-link-color wp-elements-2897303d6cc4aa1717a8e26650e2f589\">Durante el 2012 el proyecto fue mutando hasta consolidarse en 2014 con la llegada de&nbsp;<strong><em>Gonzalo Villarreal (Voz), Miguel Est\u00e9vez(Guitarras) y los percusionistas Daniel Sosa,<\/em>&nbsp;<em>Rub\u00e9n Escobar y Ezequiel Carabajal.<\/em><\/strong><\/p>\n\n\n\n<div style=\"height:18px\" aria-hidden=\"true\" class=\"wp-block-spacer\"><\/div>\n\n\n\n<p class=\"has-black-color has-text-color has-link-color wp-elements-a7d291548569c01a3def6396e7f7f9a4\">La banda lanza&nbsp;<em><strong>EL SON DE LA MATANZA (Tronador Records 2019)<\/strong><\/em><strong><em>su \u00e1lbum<\/em>&nbsp;<em>debut<\/em><\/strong>&nbsp;donde suenan los cl\u00e1sicos del son cubano (influencia directa de Buena Vista Social Club) en forma de covers con un estilo personal que rescata las ra\u00edces del genero pero que va un poco m\u00e1s all\u00e1 de los purismos.&nbsp;<\/p>\n\n\n\n<div style=\"height:18px\" aria-hidden=\"true\" class=\"wp-block-spacer\"><\/div>\n\n\n\n<p class=\"has-black-color has-text-color has-link-color wp-elements-27237cc4b3c2ed07a0ed0fd3bdf04c89\">En 2020, durante el encierro pand\u00e9mico, empiezan a componer canciones para seguir adelante con el proyecto y reinventarse, para lo que ser\u00eda su segundo trabajo de estudio, ahora con canciones propias en su totalidad.<\/p>\n\n\n\n<div style=\"height:18px\" aria-hidden=\"true\" class=\"wp-block-spacer\"><\/div>\n\n\n\n<p class=\"has-black-color has-text-color has-link-color wp-elements-8ee2eccf78827f71f8caf4b19e378fc7\">En 2021 la banda trabaja este material nuevamente con la producci\u00f3n art\u00edstica integral de la dupla de productores\/m\u00fasicos de Tronador Records :&nbsp;<\/p>\n\n\n\n<div style=\"height:18px\" aria-hidden=\"true\" class=\"wp-block-spacer\"><\/div>\n\n\n\n<p class=\"has-black-color has-text-color has-link-color wp-elements-5e94f61fb98c81bddf68326c0abe7d03\">-Lautaro Merzari (Alegrias De A Peso, Soneros Del Calamani, Sonora Marta La Reina, Mel Muniz entre otros).<\/p>\n\n\n\n<div style=\"height:18px\" aria-hidden=\"true\" class=\"wp-block-spacer\"><\/div>\n\n\n\n<p class=\"has-black-color has-text-color has-link-color wp-elements-7a7a6b73e9667a095e3b75f833638e4a\">-Jos\u00e9 Lavallen (Las Bodas Qu\u00edmicas, Alegr\u00edas de A Peso, The Keruza, Keruzones; entre otros)<\/p>\n\n\n\n<div style=\"height:75px\" aria-hidden=\"true\" class=\"wp-block-spacer\"><\/div>\n","protected":false},"excerpt":{"rendered":"<p>Entradas a la venta<\/p>\n","protected":false},"author":5,"featured_media":4960,"comment_status":"open","ping_status":"open","sticky":false,"template":"","format":"standard","meta":{"om_disable_all_campaigns":false,"_uf_show_specific_survey":0,"_uf_disable_surveys":false,"footnotes":""},"categories":[36],"tags":[],"class_list":["post-4956","post","type-post","status-publish","format-standard","has-post-thumbnail","hentry","category-conciertos"],"_links":{"self":[{"href":"https:\/\/entrenotasyacordes.com\/index.php?rest_route=\/wp\/v2\/posts\/4956","targetHints":{"allow":["GET"]}}],"collection":[{"href":"https:\/\/entrenotasyacordes.com\/index.php?rest_route=\/wp\/v2\/posts"}],"about":[{"href":"https:\/\/entrenotasyacordes.com\/index.php?rest_route=\/wp\/v2\/types\/post"}],"author":[{"embeddable":true,"href":"https:\/\/entrenotasyacordes.com\/index.php?rest_route=\/wp\/v2\/users\/5"}],"replies":[{"embeddable":true,"href":"https:\/\/entrenotasyacordes.com\/index.php?rest_route=%2Fwp%2Fv2%2Fcomments&post=4956"}],"version-history":[{"count":2,"href":"https:\/\/entrenotasyacordes.com\/index.php?rest_route=\/wp\/v2\/posts\/4956\/revisions"}],"predecessor-version":[{"id":4962,"href":"https:\/\/entrenotasyacordes.com\/index.php?rest_route=\/wp\/v2\/posts\/4956\/revisions\/4962"}],"wp:featuredmedia":[{"embeddable":true,"href":"https:\/\/entrenotasyacordes.com\/index.php?rest_route=\/wp\/v2\/media\/4960"}],"wp:attachment":[{"href":"https:\/\/entrenotasyacordes.com\/index.php?rest_route=%2Fwp%2Fv2%2Fmedia&parent=4956"}],"wp:term":[{"taxonomy":"category","embeddable":true,"href":"https:\/\/entrenotasyacordes.com\/index.php?rest_route=%2Fwp%2Fv2%2Fcategories&post=4956"},{"taxonomy":"post_tag","embeddable":true,"href":"https:\/\/entrenotasyacordes.com\/index.php?rest_route=%2Fwp%2Fv2%2Ftags&post=4956"}],"curies":[{"name":"wp","href":"https:\/\/api.w.org\/{rel}","templated":true}]}}