{"id":5228,"date":"2024-01-26T19:21:00","date_gmt":"2024-01-26T19:21:00","guid":{"rendered":"https:\/\/entrenotasyacordes.com\/?p=5228"},"modified":"2024-02-19T19:23:59","modified_gmt":"2024-02-19T19:23:59","slug":"mana-sumo-un-quinto-show-en-el-movistar-arena","status":"publish","type":"post","link":"https:\/\/entrenotasyacordes.com\/?p=5228","title":{"rendered":"Man\u00e1 sum\u00f3 un quinto show en el Movistar Arena"},"content":{"rendered":"\n<!--more-->\n\n\n\n<p class=\"has-black-color has-text-color has-link-color wp-elements-cdbfeea307ce363ac9ed3d0b74cd4e38\"><strong>Man\u00e1\u00a0<\/strong>anunci\u00f3 que luego de agotar cuatro\u00a0<strong><a href=\"https:\/\/www.ambito.com\/espectaculos\/babasonicos-vuelve-junio-al-movistar-arena-cuanto-estan-las-entradas-y-como-comprarlas-n5920255\" target=\"_blank\" rel=\"noreferrer noopener\">Movistar Arena<\/a><\/strong>\u00a0suma<strong>\u00a0una nueva fecha para el 5 de marzo<\/strong>\u00a0en el estadio de Villa Crespo.<\/p>\n\n\n\n<div style=\"height:13px\" aria-hidden=\"true\" class=\"wp-block-spacer\"><\/div>\n\n\n\n<p class=\"has-black-color has-text-color has-link-color wp-elements-93bc4f0e5c004655725af15e2e88dba7\"><strong>A los shows del 20, 22, 24 de febrero y 3 de marzo, todos con entradas agotadas<\/strong>, el grupo que vuelve a la Argentina despu\u00e9s de 8 a\u00f1os, suma este \u00faltimo show.<\/p>\n\n\n\n<div style=\"height:13px\" aria-hidden=\"true\" class=\"wp-block-spacer\"><\/div>\n\n\n\n<p class=\"has-black-color has-text-color has-link-color wp-elements-02a5ffcb54341465881a07b12427de73\">Las presentaciones se realizar\u00e1n en el marco de su gira\u00a0<strong>M\u00e9xico Lindo Querido<\/strong>\u00a0durante el tramo latinoamericano, que antes de los shows en el Movistar Arena lo llevar\u00e1n a Asunci\u00f3n de Paraguay, y luego a Vi\u00f1a del Mar y Santiago en Chile; Bogot\u00e1, Lima, Quito y Ciudad de Guatemala.<\/p>\n\n\n\n<div style=\"height:13px\" aria-hidden=\"true\" class=\"wp-block-spacer\"><\/div>\n\n\n\n<figure class=\"wp-block-image size-large\"><img loading=\"lazy\" decoding=\"async\" width=\"1024\" height=\"576\" src=\"https:\/\/entrenotasyacordes.com\/wp-content\/uploads\/2024\/02\/imagepng-1-1024x576.webp\" alt=\"\" class=\"wp-image-5229\" srcset=\"https:\/\/entrenotasyacordes.com\/wp-content\/uploads\/2024\/02\/imagepng-1-1024x576.webp 1024w, https:\/\/entrenotasyacordes.com\/wp-content\/uploads\/2024\/02\/imagepng-1-300x169.webp 300w, https:\/\/entrenotasyacordes.com\/wp-content\/uploads\/2024\/02\/imagepng-1-768x432.webp 768w, https:\/\/entrenotasyacordes.com\/wp-content\/uploads\/2024\/02\/imagepng-1.webp 1200w\" sizes=\"auto, (max-width: 1024px) 100vw, 1024px\" \/><\/figure>\n\n\n\n<div style=\"height:13px\" aria-hidden=\"true\" class=\"wp-block-spacer\"><\/div>\n\n\n\n<p class=\"has-black-color has-text-color has-link-color wp-elements-1d105ae04f2c6f4edf99c15f597b0de8\">Considerada la banda de rock en espa\u00f1ol m\u00e1s influyente del mundo, Man\u00e1 arranc\u00f3 su recorrido en 1986 cuando cuatro amigos de Guadalajara se unieron para mezclar nuevos sonidos de rock con ritmos latinos y caribe\u00f1os.<\/p>\n\n\n\n<div style=\"height:13px\" aria-hidden=\"true\" class=\"wp-block-spacer\"><\/div>\n\n\n\n<p class=\"has-black-color has-text-color has-link-color wp-elements-6edfac53705bea6ec50a93cfed484da4\">El grupo incluye a&nbsp;<strong>Fher Olvera&nbsp;<\/strong>como vocalista, guitarrista y compositor principal,&nbsp;<strong>\u00c1lex Gonz\u00e1lez&nbsp;<\/strong>en la bater\u00eda,<strong>&nbsp;Sergio Vall\u00edn<\/strong>&nbsp;en la guitarra, y&nbsp;<strong>Juan Calleros<\/strong>&nbsp;en el bajo. Su primer \u00e1lbum, \u00abFalta Amor\u00bb es de 1990; y en 1992 lanzaron \u00ab\u00bfD\u00f3nde Jugar\u00e1n los Ni\u00f1os?\u00bb, que vendi\u00f3 m\u00e1s de 10 millones de copias en todo el mundo y los eyect\u00f3 a la escena internacional.<\/p>\n\n\n\n<div style=\"height:13px\" aria-hidden=\"true\" class=\"wp-block-spacer\"><\/div>\n\n\n\n<p class=\"has-black-color has-text-color has-link-color wp-elements-bf62a5385ee129ef38d84f8076934f41\">Hasta la actualidad lanz\u00f3 11 \u00e1lbumes registrados en estudio junto con varios de shows en vivo y complicaciones y ha ganado 4 premios Grammy y 9 Grammy Latinos, adem\u00e1s del Premio Billboard Latino a la Trayectoria Art\u00edstica en 2018, el Latin Grammy Persona del A\u00f1o en 2018 y m\u00e1s recientemente el premio Icono Latin Billboard de 2021.<\/p>\n\n\n\n<div style=\"height:13px\" aria-hidden=\"true\" class=\"wp-block-spacer\"><\/div>\n","protected":false},"excerpt":{"rendered":"","protected":false},"author":5,"featured_media":5230,"comment_status":"open","ping_status":"open","sticky":false,"template":"","format":"standard","meta":{"om_disable_all_campaigns":false,"_uf_show_specific_survey":0,"_uf_disable_surveys":false,"footnotes":""},"categories":[36],"tags":[],"class_list":["post-5228","post","type-post","status-publish","format-standard","has-post-thumbnail","hentry","category-conciertos"],"_links":{"self":[{"href":"https:\/\/entrenotasyacordes.com\/index.php?rest_route=\/wp\/v2\/posts\/5228","targetHints":{"allow":["GET"]}}],"collection":[{"href":"https:\/\/entrenotasyacordes.com\/index.php?rest_route=\/wp\/v2\/posts"}],"about":[{"href":"https:\/\/entrenotasyacordes.com\/index.php?rest_route=\/wp\/v2\/types\/post"}],"author":[{"embeddable":true,"href":"https:\/\/entrenotasyacordes.com\/index.php?rest_route=\/wp\/v2\/users\/5"}],"replies":[{"embeddable":true,"href":"https:\/\/entrenotasyacordes.com\/index.php?rest_route=%2Fwp%2Fv2%2Fcomments&post=5228"}],"version-history":[{"count":1,"href":"https:\/\/entrenotasyacordes.com\/index.php?rest_route=\/wp\/v2\/posts\/5228\/revisions"}],"predecessor-version":[{"id":5231,"href":"https:\/\/entrenotasyacordes.com\/index.php?rest_route=\/wp\/v2\/posts\/5228\/revisions\/5231"}],"wp:featuredmedia":[{"embeddable":true,"href":"https:\/\/entrenotasyacordes.com\/index.php?rest_route=\/wp\/v2\/media\/5230"}],"wp:attachment":[{"href":"https:\/\/entrenotasyacordes.com\/index.php?rest_route=%2Fwp%2Fv2%2Fmedia&parent=5228"}],"wp:term":[{"taxonomy":"category","embeddable":true,"href":"https:\/\/entrenotasyacordes.com\/index.php?rest_route=%2Fwp%2Fv2%2Fcategories&post=5228"},{"taxonomy":"post_tag","embeddable":true,"href":"https:\/\/entrenotasyacordes.com\/index.php?rest_route=%2Fwp%2Fv2%2Ftags&post=5228"}],"curies":[{"name":"wp","href":"https:\/\/api.w.org\/{rel}","templated":true}]}}