{"id":5756,"date":"2024-03-13T14:47:23","date_gmt":"2024-03-13T14:47:23","guid":{"rendered":"https:\/\/entrenotasyacordes.com\/?p=5756"},"modified":"2024-03-13T14:47:48","modified_gmt":"2024-03-13T14:47:48","slug":"placebo-cuenta-regresiva-para-ver-a-labanda-en-el-luna-park","status":"publish","type":"post","link":"https:\/\/entrenotasyacordes.com\/?p=5756","title":{"rendered":"PLACEBO: \u00a1CUENTA REGRESIVA PARA VER A LABANDA EN EL LUNA PARK!"},"content":{"rendered":"\n<p class=\"has-black-color has-text-color has-link-color wp-elements-091b599f54e6e03cce915a34f05a5dc9\"><strong>JUEVES 14 DE MARZO<\/strong> <strong>ESTADIO LUNA PARK<\/strong><\/p>\n\n\n\n<div style=\"height:16px\" aria-hidden=\"true\" class=\"wp-block-spacer\"><\/div>\n\n\n\n<!--more-->\n\n\n\n<p class=\"has-black-color has-text-color has-link-color wp-elements-e17b923be21d79d289eaa834a25b8697\">Luego de 10 a\u00f1os Placebo regresa al pa\u00eds para presentar su nuevo disco \u201cNever Let Me Go\u201d. Con 30 a\u00f1os de trayectoria, la banda liderada por Brian Molko y Stefan Olsdal, y apadrinada por el emblem\u00e1tico David Bowie,\u00a0regresa a la Argentina.<\/p>\n\n\n\n<div style=\"height:12px\" aria-hidden=\"true\" class=\"wp-block-spacer\"><\/div>\n\n\n\n<p class=\"has-black-color has-text-color has-link-color wp-elements-478c7348a899222bb2a531d6b9a26c38\">El opening local estar\u00e1 a cargo de Las Ligas menores, y luego ser\u00e1 el turno de la presentaci\u00f3n de Big Special, la banda elegida por Placebo para&nbsp;acompa\u00f1arlos en la gira Latinoamericana.<\/p>\n\n\n\n<div style=\"height:12px\" aria-hidden=\"true\" class=\"wp-block-spacer\"><\/div>\n\n\n\n<p class=\"has-black-color has-text-color has-link-color wp-elements-41da4e042fe80eeb578bb49599696cb3\"><strong>\u00daltimas entradas disponibles, ingresando \u00fanicamente a trav\u00e9s de\u00a0<\/strong><a href=\"http:\/\/www.ticketportal.com.ar\/?utm_source=perfit&amp;utm_medium=email\" target=\"_blank\" rel=\"noreferrer noopener\">www.ticketportal.com.ar<\/a><strong>\u00a0\u00a0<\/strong><\/p>\n\n\n\n<div style=\"height:16px\" aria-hidden=\"true\" class=\"wp-block-spacer\"><\/div>\n\n\n\n<p class=\"has-black-color has-text-color has-link-color wp-elements-e9ccbd62c299a3914f97c99b81b97af4\">\u00a0 \u00a1Luego de una larga espera de 10 a\u00f1os, lleg\u00f3 el momento de ver nuevamente a Placebo en Argentina! La banda de rock alternativo llega para presentar \u00abNever Let Me Go\u00bb, su \u00faltimo \u00e1lbum, en el m\u00edtico Estadio Luna Park con producci\u00f3n de<strong>\u00a0Fenix Entertainment.<\/strong><\/p>\n\n\n\n<div style=\"height:16px\" aria-hidden=\"true\" class=\"wp-block-spacer\"><\/div>\n\n\n\n<p class=\"has-black-color has-text-color has-link-color wp-elements-804002b715fd62b49a8a0d14e45e1ccd\">El pr\u00f3ximo jueves, el m\u00edtico Estadio Luna Park se llenar\u00e1 de m\u00fasica desde su apertura, a las 19 hs. Minutos m\u00e1s tarde, ser\u00e1n\u00a0<strong>Las Ligas Menores,<\/strong>\u00a0los responsables de dar inicio a la noche. Con m\u00e1s de 10 a\u00f1os desde su formaci\u00f3n, se han presentado en grandes festivales como Coachella, cuentan con 2 discos editados y han recibido la nominaci\u00f3n al Latin Grammy como Mejor Canci\u00f3n de Rock por su sencillo\u00bbHice todo mal\u00bb.\u00a0 Luego de un 2023 que los llev\u00f3 a recorrer Chile, M\u00e9xico, Brasil y Espa\u00f1a, planean un nuevo a\u00f1o que comienza con una posibilidad \u00fanica. mientras se encuentran grabando su tercer disco de estudio. \u00a0<\/p>\n\n\n\n<div style=\"height:16px\" aria-hidden=\"true\" class=\"wp-block-spacer\"><\/div>\n\n\n\n<p class=\"has-black-color has-text-color has-link-color wp-elements-c15b2a155e8911dc87492cd9b6f460c3\">A las 20 hs,\u00a0<strong>Big Special,<\/strong>\u00a0la banda elegida por Placebo para acompa\u00f1arlos en la gira Latinoamericana, se presentar\u00e1 por primera vez en nuestro pa\u00eds. Ma\u00f1ana, mi\u00e9rcoles 13 de marzo, lanzan su nuevo sencillo de su tan esperado \u00e1lbum, que saldr\u00e1 el 10 de mayo y que esperamos adelanten en exclusiva en esta presentaci\u00f3n.\u00a0<\/p>\n\n\n\n<div style=\"height:16px\" aria-hidden=\"true\" class=\"wp-block-spacer\"><\/div>\n\n\n\n<p class=\"has-black-color has-text-color has-link-color wp-elements-5c8621c65a97c0a000757f377bc6b37b\">A las 21 hs,\u00a0<strong>PLACEBO<\/strong>,\u00a0considerada una de las bandas m\u00e1s importantes del rock<br>alternativo de todos los tiempos, presentar\u00e1 \u00abNever Let Me Go\u00bb, su \u00faltimo \u00e1lbum de estudio.<\/p>\n\n\n\n<div style=\"height:16px\" aria-hidden=\"true\" class=\"wp-block-spacer\"><\/div>\n\n\n\n<p class=\"has-black-color has-text-color has-link-color wp-elements-86506332bd070bec6cb7c821fe59d7a3\">Desde que se form\u00f3 en 1994 han editado \u00e1lbumes repletos de temas ic\u00f3nicos que forman parte ya de la banda sonora de varias generaciones. \u00cdcono y referente musical que se mantiene vivo gracias al carisma de Brian Molko y Stefan Olsdal.<\/p>\n\n\n\n<div style=\"height:16px\" aria-hidden=\"true\" class=\"wp-block-spacer\"><\/div>\n\n\n\n<p class=\"has-black-color has-text-color has-link-color wp-elements-e4f066cdf5498aa9f959f279105f5561\">Su mezcla de elementos rock, postpunk y g\u00f3tico crean una experiencia sonora inquietante y liberadora, desatando una influencia que contin\u00faa resonando en quienes exploran los rincones m\u00e1s oscuros de la psique humana a trav\u00e9s de la m\u00fasica. Son los supervivientes del romanticismo de principios de siglo, con canciones como \u201cThe Bitter End\u201c, \u201cEvery Me and Every You\u201d o \u201cWithout You I\u2019m Nothing\u201d, que cautiv\u00f3 a David Bowie.<\/p>\n\n\n\n<div style=\"height:16px\" aria-hidden=\"true\" class=\"wp-block-spacer\"><\/div>\n\n\n\n<p class=\"has-black-color has-text-color has-link-color wp-elements-494b48e203f762267c403b2dba722148\">Cuando comenzaron a trabajar en \u201cNever Let Me Go\u201d en el 2018, fue como si la banda hubiera vuelto al punto de partida, con Brian y Stefan, s\u00f3lo que hoy un poco m\u00e1s sofisticados y un poco m\u00e1s de experiencia avalada \u00a0por una carrera de casi 30 a\u00f1os y m\u00e1s de 13 millones de discos vendidos. \u00abEntre las giras\u00bb, recuerda Molko, \u00abnos encontr\u00e1bamos all\u00ed peri\u00f3dicamente y debat\u00edamos cosas como, &#8216;Ahora solo somos t\u00fa y yo en el estudio, \u00bfdeber\u00edamos hacer un disco que suene diferente a lo que hemos hecho antes? \u00bfY programar todas las bater\u00edas nosotros mismos?\u00bb<\/p>\n\n\n\n<div style=\"height:16px\" aria-hidden=\"true\" class=\"wp-block-spacer\"><\/div>\n\n\n\n<p class=\"has-black-color has-text-color has-link-color wp-elements-1f2e31ce30c4cf7986801822b841993a\">La insatisfacci\u00f3n perpetua de Brian con todo lo que ha creado antes lo llev\u00f3 a buscar nuevas formas de trabajar, con una l\u00f3gica casi fuera de la caja. \u00abYo tengo un gran problema de aburrimiento\u00bb, explica. \u00abSi volvi\u00e9ramos al mismo proceso exacto, pens\u00e9 que me aburrir\u00eda bastante r\u00e1pido. As\u00ed que decid\u00ed hacer todo al rev\u00e9s, solo para mantener el proceso interesante para m\u00ed, abordar todo desde el \u00e1ngulo opuesto, para evitar aburrirme y repetirme. Entonce pens\u00e9, \u00bfCu\u00e1l es la \u00faltima cosa que creamos art\u00edsticamente cuando estamos haciendo un disco? Es la portada del \u00e1lbum. \u00a1Ok, empecemos con la portada del \u00e1lbum!'\u00bb<\/p>\n\n\n\n<div style=\"height:16px\" aria-hidden=\"true\" class=\"wp-block-spacer\"><\/div>\n\n\n\n<p class=\"has-black-color has-text-color has-link-color wp-elements-fababbbd208eee14c57f6fe87b8e4874\">Molko ten\u00eda una imagen en mente, se la mostr\u00f3 a Olsdal, le cont\u00f3 la historia, y acordaron que deber\u00eda ser la obra de arte del \u00e1lbum, de manera algo poco convencional, antes de finalizar una sola nota de m\u00fasica. Molko luego produjo una lista de t\u00edtulos de canciones supuestos que hab\u00eda escrito durante los \u00faltimos cinco a\u00f1os, que inclu\u00edan &#8216;Happy Birthday In The Sky&#8217;, &#8216;Beautiful James&#8217; y varias otras de la futura lista de canciones, y esas canciones fueron escritas seg\u00fan los t\u00edtulos.<\/p>\n\n\n\n<div style=\"height:16px\" aria-hidden=\"true\" class=\"wp-block-spacer\"><\/div>\n\n\n\n<p class=\"has-black-color has-text-color has-link-color wp-elements-3761d2912342e30b8285aa7eea4e4d9e\">Una vez que las cosas se hab\u00edan puesto en marcha de la manera \u00abmenos conceptual y m\u00e1s pr\u00e1ctica\u00bb, dice, \u00abesa forma inversa de trabajar se desvaneci\u00f3\u00bb, y todas las habilidades, tanto innatas como adquiridas, de este d\u00fao indestructible para construir una pieza musical colosal y desgarradora, entraron en juego con fuerza.<\/p>\n\n\n\n<div style=\"height:16px\" aria-hidden=\"true\" class=\"wp-block-spacer\"><\/div>\n","protected":false},"excerpt":{"rendered":"<p>JUEVES 14 DE MARZO ESTADIO LUNA PARK<\/p>\n","protected":false},"author":5,"featured_media":5757,"comment_status":"open","ping_status":"open","sticky":false,"template":"","format":"standard","meta":{"om_disable_all_campaigns":false,"_uf_show_specific_survey":0,"_uf_disable_surveys":false,"footnotes":""},"categories":[36],"tags":[],"class_list":["post-5756","post","type-post","status-publish","format-standard","has-post-thumbnail","hentry","category-conciertos"],"_links":{"self":[{"href":"https:\/\/entrenotasyacordes.com\/index.php?rest_route=\/wp\/v2\/posts\/5756","targetHints":{"allow":["GET"]}}],"collection":[{"href":"https:\/\/entrenotasyacordes.com\/index.php?rest_route=\/wp\/v2\/posts"}],"about":[{"href":"https:\/\/entrenotasyacordes.com\/index.php?rest_route=\/wp\/v2\/types\/post"}],"author":[{"embeddable":true,"href":"https:\/\/entrenotasyacordes.com\/index.php?rest_route=\/wp\/v2\/users\/5"}],"replies":[{"embeddable":true,"href":"https:\/\/entrenotasyacordes.com\/index.php?rest_route=%2Fwp%2Fv2%2Fcomments&post=5756"}],"version-history":[{"count":3,"href":"https:\/\/entrenotasyacordes.com\/index.php?rest_route=\/wp\/v2\/posts\/5756\/revisions"}],"predecessor-version":[{"id":5761,"href":"https:\/\/entrenotasyacordes.com\/index.php?rest_route=\/wp\/v2\/posts\/5756\/revisions\/5761"}],"wp:featuredmedia":[{"embeddable":true,"href":"https:\/\/entrenotasyacordes.com\/index.php?rest_route=\/wp\/v2\/media\/5757"}],"wp:attachment":[{"href":"https:\/\/entrenotasyacordes.com\/index.php?rest_route=%2Fwp%2Fv2%2Fmedia&parent=5756"}],"wp:term":[{"taxonomy":"category","embeddable":true,"href":"https:\/\/entrenotasyacordes.com\/index.php?rest_route=%2Fwp%2Fv2%2Fcategories&post=5756"},{"taxonomy":"post_tag","embeddable":true,"href":"https:\/\/entrenotasyacordes.com\/index.php?rest_route=%2Fwp%2Fv2%2Ftags&post=5756"}],"curies":[{"name":"wp","href":"https:\/\/api.w.org\/{rel}","templated":true}]}}