{"id":5870,"date":"2024-03-15T16:23:17","date_gmt":"2024-03-15T16:23:17","guid":{"rendered":"https:\/\/entrenotasyacordes.com\/?p=5870"},"modified":"2024-03-15T16:23:52","modified_gmt":"2024-03-15T16:23:52","slug":"ovy-on-the-drums-trae-la-nostalgia-con-el-nuevo-album-cassette-01-junto-a-myke-towers","status":"publish","type":"post","link":"https:\/\/entrenotasyacordes.com\/?p=5870","title":{"rendered":"Ovy On The Drums Trae la nostalgia con el nuevo \u00e1lbum \u201cCassette 01\u201d Junto a Myke Towers"},"content":{"rendered":"\n<div style=\"height:13px\" aria-hidden=\"true\" class=\"wp-block-spacer\"><\/div>\n\n\n\n<!--more-->\n\n\n\n<p class=\"has-black-color has-text-color has-link-color wp-elements-72ad28bbc979868c96a15c8609d5875a\"><strong>Ovy On The Drums, <\/strong>creador de \u00e9xitos y productor colombiano cr\u00edticamente aclamado, lanza su primera entrega de una serie musical en colaboraci\u00f3n con el creador de \u00e9xitos mundial <strong>Myke Towers <\/strong>titulada <strong><em>Cassette 01<\/em><\/strong>. El \u00e1lbum est\u00e1 repleto de ritmos urbanos innovadores, resaltando el estilo \u00fanico de Ovy y su capacidad para colaborar con diversos artistas .<\/p>\n\n\n\n<div style=\"height:20px\" aria-hidden=\"true\" class=\"wp-block-spacer\"><\/div>\n\n\n\n<p class=\"has-black-color has-text-color has-link-color wp-elements-8a05b5ca3fb765421a27f008d6a7a5c2\">Grabado en el estudio de <strong>Myke Towers <\/strong>en su Puerto Rico natal, <strong><em>Cassette 01 <\/em><\/strong>es un testimonio de la gran qu\u00edmica creativa entre Ovy On The Drums y Myke Towers, y como resultado un \u00e1lbum que traspasa los l\u00edmites del g\u00e9nero urbano. La canci\u00f3n principal de <strong><em>Cassette 01 <\/em><\/strong>es \u201c<strong>Desataaa<\/strong>\u201d con <strong>Myke Towers <\/strong>y la sensaci\u00f3n del pop urbano espa\u00f1ol, Saiko, la cual promete encender las pistas de baile de todo el mundo. \u201c<strong>Desataaa<\/strong>\u201d es un excelente ejemplo de lo que posiciona a <strong>Ovy On The Drums <\/strong>como uno de los productores m\u00e1s solicitados.<\/p>\n\n\n\n<div style=\"height:20px\" aria-hidden=\"true\" class=\"wp-block-spacer\"><\/div>\n\n\n\n<figure class=\"wp-block-image size-large\"><img loading=\"lazy\" decoding=\"async\" width=\"1024\" height=\"683\" src=\"https:\/\/entrenotasyacordes.com\/wp-content\/uploads\/2024\/03\/Ovy-MykeBlesd-Ryan-Castro-1-1024x683.jpg\" alt=\"\" class=\"wp-image-5872\" srcset=\"https:\/\/entrenotasyacordes.com\/wp-content\/uploads\/2024\/03\/Ovy-MykeBlesd-Ryan-Castro-1-1024x683.jpg 1024w, https:\/\/entrenotasyacordes.com\/wp-content\/uploads\/2024\/03\/Ovy-MykeBlesd-Ryan-Castro-1-300x200.jpg 300w, https:\/\/entrenotasyacordes.com\/wp-content\/uploads\/2024\/03\/Ovy-MykeBlesd-Ryan-Castro-1-768x512.jpg 768w, https:\/\/entrenotasyacordes.com\/wp-content\/uploads\/2024\/03\/Ovy-MykeBlesd-Ryan-Castro-1-1536x1025.jpg 1536w, https:\/\/entrenotasyacordes.com\/wp-content\/uploads\/2024\/03\/Ovy-MykeBlesd-Ryan-Castro-1-2048x1366.jpg 2048w\" sizes=\"auto, (max-width: 1024px) 100vw, 1024px\" \/><\/figure>\n\n\n\n<div style=\"height:20px\" aria-hidden=\"true\" class=\"wp-block-spacer\"><\/div>\n\n\n\n<p class=\"has-black-color has-text-color has-link-color wp-elements-86c6efd7254b078ab319bb1ba058add8\">\u201cCassette 01 es un nuevo concepto innovador inspirado en la gran m\u00fasica del pasado. Myke Towers y yo estamos aportando algo nuevo al presente con la esperanza de dar forma a la m\u00fasica del futuro\u201d, dijo Ovy On The Drums.<\/p>\n\n\n\n<div style=\"height:20px\" aria-hidden=\"true\" class=\"wp-block-spacer\"><\/div>\n\n\n\n<figure class=\"wp-block-embed is-type-video is-provider-youtube wp-block-embed-youtube wp-embed-aspect-16-9 wp-has-aspect-ratio\"><div class=\"wp-block-embed__wrapper\">\n<div class=\"epyt-video-wrapper\"><iframe loading=\"lazy\"  id=\"_ytid_43614\"  width=\"640\" height=\"360\"  data-origwidth=\"640\" data-origheight=\"360\" src=\"https:\/\/www.youtube.com\/embed\/Hxov63EzcJo?enablejsapi=1&#038;list=PL3Id6a5SbMejsGOspHR-0LpeUiaVeAtlG&#038;autoplay=0&#038;cc_load_policy=0&#038;cc_lang_pref=&#038;iv_load_policy=1&#038;loop=0&#038;rel=1&#038;fs=1&#038;playsinline=0&#038;autohide=2&#038;theme=dark&#038;color=white&#038;controls=1&#038;\" class=\"__youtube_prefs__  epyt-is-override  no-lazyload\" data-vol=\"50\"  title=\"YouTube player\"  allow=\"fullscreen; accelerometer; autoplay; clipboard-write; encrypted-media; gyroscope; picture-in-picture; web-share\" referrerpolicy=\"strict-origin-when-cross-origin\" allowfullscreen data-no-lazy=\"1\" data-skipgform_ajax_framebjll=\"\"><\/iframe><\/div>\n<\/div><\/figure>\n\n\n\n<div style=\"height:20px\" aria-hidden=\"true\" class=\"wp-block-spacer\"><\/div>\n\n\n\n<p class=\"has-black-color has-text-color has-link-color wp-elements-c1bb0cf965a811893f6a625d3a139851\"><strong>Ovy On The Drums <\/strong>cuenta con un trabajo impresionante y aclamado por la cr\u00edtica, habiendo sido reconocido por la Academia de la Grabaci\u00f3n ocho veces, incluido un Latin GRAMMY por el &#8216;<em>\u00c1lbum del A\u00f1o<\/em>&#8216; de Karol G por \u00ab<strong>MA\u00d1ANA SER\u00c1 BONITO<\/strong>\u00bb y, m\u00e1s recientemente, un GRAMMY al &#8216;<em>Mejor \u00c1lbum de M\u00fasica Urbana<\/em>&#8216; junto a Karol G por \u201c<strong>MA\u00d1ANA SER\u00c1 BONITO<\/strong>\u201d. Adem\u00e1s de trabajar con Karol G, Ovy On The Drums ha colaborado con algunos de los nombres m\u00e1s importantes de la industria, incluidos J Balvin, Sebasti\u00e1n Yatra, Becky G y Rauw Alejandro, solo por nombrar algunos.<\/p>\n\n\n\n<div style=\"height:17px\" aria-hidden=\"true\" class=\"wp-block-spacer\"><\/div>\n\n\n\n<h3 class=\"wp-block-heading has-black-color has-text-color has-link-color wp-elements-84eace62a258651706975ae873f4bf40\">\u201cLa qu\u00edmica era m\u00e1gica cada vez que est\u00e1bamos en el estudio y algo genial surg\u00eda sin forzarlo, y fue entonces cuando decidimos hacer un proyecto juntos\u201d, dijo Myke Towers.<\/h3>\n\n\n\n<div style=\"height:17px\" aria-hidden=\"true\" class=\"wp-block-spacer\"><\/div>\n\n\n\n<p class=\"has-black-color has-text-color has-link-color wp-elements-0f126a2996a5dd421681c723237c6e1b\">En este \u00e1lbum, <strong>Ovy On The Drums <\/strong>fusiona su musicalidad con la nostalgia para ofrecer una experiencia auditiva. Cada pista de \u201c<strong>Cassette 01<\/strong>\u201d lleva a los oyentes en un viaje a trav\u00e9s de un amplio y diverso panorama musical, mezclando g\u00e9neros e incorporando una variedad de sonidos para crear algo verdaderamente especial. La serie de videos que acompa\u00f1an a este \u00e1lbum est\u00e1n inspiradas en el concepto de \u201clavado de casetes\u201d, un inteligente juego de \u201clavado de dinero\u201d.<\/p>\n\n\n\n<div style=\"height:17px\" aria-hidden=\"true\" class=\"wp-block-spacer\"><\/div>\n\n\n\n<p class=\"has-black-color has-text-color has-link-color wp-elements-19eaa97951d4b503f8e87a95f2046a9c\"><strong><em>Cassette 01 <\/em><\/strong>ya est\u00e1 disponible en todas las plataformas de streaming.<\/p>\n\n\n\n<div style=\"height:17px\" aria-hidden=\"true\" class=\"wp-block-spacer\"><\/div>\n\n\n\n<figure class=\"wp-block-image size-large\"><img loading=\"lazy\" decoding=\"async\" width=\"1024\" height=\"683\" src=\"https:\/\/entrenotasyacordes.com\/wp-content\/uploads\/2024\/03\/Ovy-Myke-Saiko-1024x683.jpg\" alt=\"\" class=\"wp-image-5873\" srcset=\"https:\/\/entrenotasyacordes.com\/wp-content\/uploads\/2024\/03\/Ovy-Myke-Saiko-1024x683.jpg 1024w, https:\/\/entrenotasyacordes.com\/wp-content\/uploads\/2024\/03\/Ovy-Myke-Saiko-300x200.jpg 300w, https:\/\/entrenotasyacordes.com\/wp-content\/uploads\/2024\/03\/Ovy-Myke-Saiko-768x512.jpg 768w, https:\/\/entrenotasyacordes.com\/wp-content\/uploads\/2024\/03\/Ovy-Myke-Saiko-1536x1025.jpg 1536w, https:\/\/entrenotasyacordes.com\/wp-content\/uploads\/2024\/03\/Ovy-Myke-Saiko-2048x1366.jpg 2048w\" sizes=\"auto, (max-width: 1024px) 100vw, 1024px\" \/><\/figure>\n\n\n\n<div style=\"height:17px\" aria-hidden=\"true\" class=\"wp-block-spacer\"><\/div>\n\n\n\n<p class=\"has-black-color has-text-color has-link-color wp-elements-8c2c6464385f6aaae007e5e92514d878\"><strong><u>Pista x Pista de \u201cCassette 01\u201d<\/u><\/strong><strong><\/strong><\/p>\n\n\n\n<p class=\"has-black-color has-text-color has-link-color wp-elements-4eaa5f789bcdcc447a5aa8c668d25cf2\">\u201c<strong>Desataaa<\/strong>\u201d con Myke Towers, Saiko<\/p>\n\n\n\n<p class=\"has-black-color has-text-color has-link-color wp-elements-ce435ac30c27a16cfc9570b6f744df15\"><em>Esta pista de enfoque es una colaboraci\u00f3n de alta energ\u00eda que presenta versos suaves y el carisma de Saiko y Myke Towers. Con letras como \u201cella no quiere compromiso, ahora quiere portarse mal\u201d, \u201cDesataa\u201d har\u00e1 que los oyentes quieran bailar.<\/em><\/p>\n\n\n\n<div style=\"height:23px\" aria-hidden=\"true\" class=\"wp-block-spacer\"><\/div>\n\n\n\n<p class=\"has-black-color has-text-color has-link-color wp-elements-8f4b969515282e062882b1d728107519\">\u201c<strong>GODIVA<\/strong>\u201d con Myke Towers, Blessd, Ryan Castro<\/p>\n\n\n\n<p class=\"has-black-color has-text-color has-link-color wp-elements-ee04679636b622cddfcc3e3d1b288a20\"><em>Con dos de los actos m\u00e1s populares de Colombia, Blessd y Ryan Castro aportan su mejor juego a esta pegadiza pista.<\/em><\/p>\n\n\n\n<div style=\"height:23px\" aria-hidden=\"true\" class=\"wp-block-spacer\"><\/div>\n\n\n\n<p class=\"has-black-color has-text-color has-link-color wp-elements-840e1e1ec5cdb510d4e44da0b29f1d51\">\u201c<strong>Bellaquer\u00eda<\/strong>\u201d ft. Myke Towers, La Joaqui<\/p>\n\n\n\n<p class=\"has-black-color has-text-color has-link-color wp-elements-3f29e0f1d912de8e9cd5c40926b61f89\"><em>Esta canci\u00f3n seduce a los oyentes con su tempo m\u00e1s lento y sus vibraciones relajadas, exudando una energ\u00eda coqueta. Con la hipn\u00f3tica voz de La Joaqui y letras como &#8216;la noche esta pa la bellaqueria&#8217;, este tema es irresistible.<\/em><\/p>\n\n\n\n<div style=\"height:23px\" aria-hidden=\"true\" class=\"wp-block-spacer\"><\/div>\n\n\n\n<p class=\"has-black-color has-text-color has-link-color wp-elements-8b0ad5cee346283e641b8f263a50dfdd\">\u201c<strong>Amor Narc\u00f3tico<\/strong>\u201d ft. Myke Towers<\/p>\n\n\n\n<p><em>Sumergi\u00e9ndose en la naturaleza embriagadora del amor, \u201cAmor Narcotico\u201d explora el profundo impacto del amor que es m\u00e1s profundo que la atracci\u00f3n f\u00edsica para abarcar la profundidad y la conexi\u00f3n emocional.<\/em><\/p>\n\n\n\n<div style=\"height:23px\" aria-hidden=\"true\" class=\"wp-block-spacer\"><\/div>\n\n\n\n<p>\u201cPobre Diabla\u201d con Myke Towers<\/p>\n\n\n\n<p>Con esto, Ovy y Myke reflexionan sobre relaciones pasadas, expresando arrepentimiento y a\u00f1oranza por una ex amante con letras como &#8216;te quiero devuelta, de esto soy sincero&#8217;. Juntos, expresan brillantemente la variedad de emociones que rodean esta situaci\u00f3n.<\/p>\n\n\n\n<div style=\"height:23px\" aria-hidden=\"true\" class=\"wp-block-spacer\"><\/div>\n\n\n\n<p>\u201cTu Cuerpo Me Llama\u201d ft. Myke Towers<\/p>\n\n\n\n<p>Esta canci\u00f3n alegre y divertida explora la din\u00e1mica de una relaci\u00f3n de amigos con beneficios. La canci\u00f3n se sumerge en las complejidades identificables de la intimidad moderna, todo con un ritmo divertido.<\/p>\n\n\n\n<div style=\"height:23px\" aria-hidden=\"true\" class=\"wp-block-spacer\"><\/div>\n\n\n\n<p>\u201cCassette 01\u201d Tracklist<\/p>\n\n\n\n<p>1.&nbsp;&nbsp;&nbsp;&nbsp;&nbsp;&nbsp;&nbsp;&nbsp;&nbsp;&nbsp;&nbsp; \u201cDesataaa\u201d ft. Myke Towers, Saiko<\/p>\n\n\n\n<p>2.&nbsp;&nbsp;&nbsp;&nbsp;&nbsp;&nbsp;&nbsp;&nbsp;&nbsp;&nbsp;&nbsp; \u201cGODIVA\u201d ft. Myke Towers, Blessd, Ryan Castro<\/p>\n\n\n\n<p>3.&nbsp;&nbsp;&nbsp;&nbsp;&nbsp;&nbsp;&nbsp;&nbsp;&nbsp;&nbsp;&nbsp; \u201cBellaqueria\u201d ft. Myke Towers, La Joaqui<\/p>\n\n\n\n<p>4.&nbsp;&nbsp;&nbsp;&nbsp;&nbsp;&nbsp;&nbsp;&nbsp;&nbsp;&nbsp;&nbsp; \u201cAmor Narcotico\u201d ft. Myke Towers<\/p>\n\n\n\n<p>5.&nbsp;&nbsp;&nbsp;&nbsp;&nbsp;&nbsp;&nbsp;&nbsp;&nbsp;&nbsp;&nbsp; \u201cPobre Diabla\u201d ft. Myke Towers<\/p>\n\n\n\n<p>6.&nbsp;&nbsp;&nbsp;&nbsp;&nbsp;&nbsp;&nbsp;&nbsp;&nbsp;&nbsp;&nbsp; \u201cTu Cuerpo Me Llama\u201d ft. Myke Towers<\/p>\n\n\n\n<div style=\"height:23px\" aria-hidden=\"true\" class=\"wp-block-spacer\"><\/div>\n","protected":false},"excerpt":{"rendered":"","protected":false},"author":5,"featured_media":5874,"comment_status":"open","ping_status":"open","sticky":false,"template":"","format":"standard","meta":{"om_disable_all_campaigns":false,"_uf_show_specific_survey":0,"_uf_disable_surveys":false,"footnotes":""},"categories":[4],"tags":[],"class_list":["post-5870","post","type-post","status-publish","format-standard","has-post-thumbnail","hentry","category-musica"],"_links":{"self":[{"href":"https:\/\/entrenotasyacordes.com\/index.php?rest_route=\/wp\/v2\/posts\/5870","targetHints":{"allow":["GET"]}}],"collection":[{"href":"https:\/\/entrenotasyacordes.com\/index.php?rest_route=\/wp\/v2\/posts"}],"about":[{"href":"https:\/\/entrenotasyacordes.com\/index.php?rest_route=\/wp\/v2\/types\/post"}],"author":[{"embeddable":true,"href":"https:\/\/entrenotasyacordes.com\/index.php?rest_route=\/wp\/v2\/users\/5"}],"replies":[{"embeddable":true,"href":"https:\/\/entrenotasyacordes.com\/index.php?rest_route=%2Fwp%2Fv2%2Fcomments&post=5870"}],"version-history":[{"count":2,"href":"https:\/\/entrenotasyacordes.com\/index.php?rest_route=\/wp\/v2\/posts\/5870\/revisions"}],"predecessor-version":[{"id":5877,"href":"https:\/\/entrenotasyacordes.com\/index.php?rest_route=\/wp\/v2\/posts\/5870\/revisions\/5877"}],"wp:featuredmedia":[{"embeddable":true,"href":"https:\/\/entrenotasyacordes.com\/index.php?rest_route=\/wp\/v2\/media\/5874"}],"wp:attachment":[{"href":"https:\/\/entrenotasyacordes.com\/index.php?rest_route=%2Fwp%2Fv2%2Fmedia&parent=5870"}],"wp:term":[{"taxonomy":"category","embeddable":true,"href":"https:\/\/entrenotasyacordes.com\/index.php?rest_route=%2Fwp%2Fv2%2Fcategories&post=5870"},{"taxonomy":"post_tag","embeddable":true,"href":"https:\/\/entrenotasyacordes.com\/index.php?rest_route=%2Fwp%2Fv2%2Ftags&post=5870"}],"curies":[{"name":"wp","href":"https:\/\/api.w.org\/{rel}","templated":true}]}}