{"id":5878,"date":"2024-03-15T16:30:46","date_gmt":"2024-03-15T16:30:46","guid":{"rendered":"https:\/\/entrenotasyacordes.com\/?p=5878"},"modified":"2024-03-15T16:30:48","modified_gmt":"2024-03-15T16:30:48","slug":"vanesa-martin-presenta-4-paredes-junto-a-yami-safdie","status":"publish","type":"post","link":"https:\/\/entrenotasyacordes.com\/?p=5878","title":{"rendered":"VANESA MART\u00cdN PRESENTA \u20184 PAREDES\u2019 JUNTO A YAMI SAFDIE"},"content":{"rendered":"\n<p class=\"has-black-color has-text-color has-link-color wp-elements-7fb7396f304d537a9eff37e6fefebf26\">LA ARTISTA REVELACI\u00d3N DEL NUEVO POP EN ARGENTINA<\/p>\n\n\n\n<!--more-->\n\n\n\n<div style=\"height:18px\" aria-hidden=\"true\" class=\"wp-block-spacer\"><\/div>\n\n\n\n<p class=\"has-black-color has-text-color has-link-color wp-elements-439d93a63e056f5ea95110906a103b11\"><strong>Vanesa Mart\u00edn <\/strong>es una de las artistas femeninas referentes y m\u00e1s consolidadas de Espa\u00f1a y Latinoam\u00e9rica. Una artista hecha a s\u00ed misma, autora e int\u00e9rprete de todos sus temas, con una personalidad y capacidad de conexi\u00f3n \u00fanica, que fusiona de manera vers\u00e1til diferentes g\u00e9neros como el pop contempor\u00e1neo, el rock y la m\u00fasica de ra\u00edz. Despu\u00e9s del lanzamiento de su octavo disco de estudio \u201cPlaceres y pecados\u201d, nominado al Lat\u00edn Grammy el pasado a\u00f1o, y de una gira exitosa por Espa\u00f1a, Latinoam\u00e9rica y EEUU presenta <strong>\u201c4 paredes\u201d <\/strong>junto a <strong>Yami Safdie<\/strong>.<\/p>\n\n\n\n<div style=\"height:23px\" aria-hidden=\"true\" class=\"wp-block-spacer\"><\/div>\n\n\n\n<p class=\"has-black-color has-text-color has-link-color wp-elements-56a8ef5db08e650e24b989f381572f8d\"><strong>Yami Safdie <\/strong>es una cantante argentina de 26 a\u00f1os cuyo sonido particular y letras sinceras han llegado a millones de corazones. Nacida en Haedo, Buenos Aires, Yami ha estado cantando desde que naci\u00f3 y comenz\u00f3 sus estudios en teatro musical a los 9 a\u00f1os. A los 19 a\u00f1os decidi\u00f3 compartir su voz en redes sociales, lo que la llev\u00f3 a tener 3.7 millones de seguidores en Tik Tok y m\u00e1s de 1 millon en Instagram. En 2022, Yami lanz\u00f3 su primer \u00e1lbum \u00abDije Que No Me Iba a Enamorar\u00bb el cual ya acumula m\u00e1s de 100 millones de reproducciones solo en Spotify y m\u00e1s de 3 millones de oyentes, y ha sido nominado para los Premio Gardel. Actualmente, est\u00e1 a punto de comenzar su primera gira nacional junto con su nuevo \u00e1lbum \u00abSUR\u00bb.<\/p>\n\n\n\n<figure class=\"wp-block-embed is-type-video is-provider-youtube wp-block-embed-youtube wp-embed-aspect-16-9 wp-has-aspect-ratio\"><div class=\"wp-block-embed__wrapper\">\n<div class=\"epyt-video-wrapper\"><iframe loading=\"lazy\"  id=\"_ytid_30398\"  width=\"640\" height=\"360\"  data-origwidth=\"640\" data-origheight=\"360\" src=\"https:\/\/www.youtube.com\/embed\/4QYTGuqirXY?enablejsapi=1&#038;autoplay=0&#038;cc_load_policy=0&#038;cc_lang_pref=&#038;iv_load_policy=1&#038;loop=0&#038;rel=1&#038;fs=1&#038;playsinline=0&#038;autohide=2&#038;theme=dark&#038;color=white&#038;controls=1&#038;\" class=\"__youtube_prefs__  epyt-is-override  no-lazyload\" data-vol=\"50\"  title=\"YouTube player\"  allow=\"fullscreen; accelerometer; autoplay; clipboard-write; encrypted-media; gyroscope; picture-in-picture; web-share\" referrerpolicy=\"strict-origin-when-cross-origin\" allowfullscreen data-no-lazy=\"1\" data-skipgform_ajax_framebjll=\"\"><\/iframe><\/div>\n<\/div><\/figure>\n\n\n\n<div style=\"height:23px\" aria-hidden=\"true\" class=\"wp-block-spacer\"><\/div>\n\n\n\n<p class=\"has-black-color has-text-color has-link-color wp-elements-c2aa98bd5a638ac61441ec5dd5e2266b\">Producida por <strong>Mercaderlab<\/strong>, <strong>\u201c4 paredes\u201d <\/strong>es una canci\u00f3n que naci\u00f3 en la \u00faltima edici\u00f3n de She Sounds en 2023, un camp de composici\u00f3n para mujeres compositoras, artistas y productoras en Madrid que cont\u00f3 tambi\u00e9n con la colaboraci\u00f3n de Road Ramos como productora. Un tema con una influencia de chacarera, de gran profundidad y llena de emoci\u00f3n donde ambas artistas conjugan perfectamente su talento e interpretaci\u00f3n. Y como resultado tenemos esta maravillosa canci\u00f3n.<\/p>\n\n\n\n<div style=\"height:23px\" aria-hidden=\"true\" class=\"wp-block-spacer\"><\/div>\n\n\n\n<p class=\"has-black-color has-text-color has-link-color wp-elements-96c120c2eda75d4da7fa7a80220bf1ef\">Vanesa: <em>\u00abConoc\u00ed a Yami un d\u00eda en las oficinas de Warner. Una persona de su equipo insist\u00eda en que ten\u00edamos que conocernos y juntarnos. Cuando llegu\u00e9 a casa busqu\u00e9 su m\u00fasica, y me gust\u00f3 mucho su propuesta, su personalidad y su mensaje.<\/em><\/p>\n\n\n\n<div style=\"height:23px\" aria-hidden=\"true\" class=\"wp-block-spacer\"><\/div>\n\n\n\n<p class=\"has-black-color has-text-color has-link-color wp-elements-fb99d60c19bf7c24834686a587bb06f7\"><em>En She Sounds finalmente nos juntamos. Ten\u00edamos claro que quer\u00edamos hacer algo con mucha identidad, llegar a ese punto de mestizaje entre su cultura y la m\u00eda. Argentina es un pa\u00eds que amo, al que llevo a\u00f1os yendo de gira, me ha llenado de momentos inolvidables y su folclore me fascina. Fue muy f\u00e1cil navegar con ella en esta aventura. Es maravillosa, tiene un talento incre\u00edble y&nbsp;&nbsp;&nbsp;&nbsp;&nbsp; &nbsp;estoy&nbsp;&nbsp;&nbsp;&nbsp;&nbsp; &nbsp;feliz&nbsp;&nbsp;&nbsp;&nbsp;&nbsp; &nbsp;con&nbsp;&nbsp;&nbsp;&nbsp;&nbsp; &nbsp;el&nbsp;&nbsp;&nbsp;&nbsp;&nbsp; &nbsp;resultado&nbsp;&nbsp;&nbsp;&nbsp;&nbsp; &nbsp;y&nbsp;&nbsp;&nbsp;&nbsp;&nbsp; &nbsp;la&nbsp;&nbsp;&nbsp;&nbsp;&nbsp; &nbsp;verdad&nbsp;&nbsp;&nbsp;&nbsp;&nbsp; &nbsp;que&nbsp;&nbsp;&nbsp;&nbsp;&nbsp; &nbsp;guarda\u00bb.<\/em><\/p>\n\n\n\n<div style=\"height:23px\" aria-hidden=\"true\" class=\"wp-block-spacer\"><\/div>\n\n\n\n<p class=\"has-black-color has-text-color has-link-color wp-elements-c035543ac1c2f7e2ece06b2e90cc066b\">Yami: <em>\u201cEstar en el estudio con Vanesa es muy loco, porque ella es una gran referente y una gran compositora con una gran trayectoria. Al principio me dio un poco de miedo, un poco de verg\u00fcenza estar con ella y opinar y trabajar juntas. Pero la verdad es que desde el primer<\/em><\/p>\n\n\n\n<div style=\"height:23px\" aria-hidden=\"true\" class=\"wp-block-spacer\"><\/div>\n\n\n\n<p class=\"has-black-color has-text-color has-link-color wp-elements-c3ad11bbaf99948ff353a227f482f809\"><em>momento ella fue super amorosa y amable y me hizo sentir s\u00faper c\u00f3moda. Empezamos a fluir muy bien juntas, hablamos de qu\u00e9 ten\u00edamos ganas de decir en la canci\u00f3n, qu\u00e9 tipo de m\u00fasica ten\u00edamos ganas de hacer. A ella le interes\u00f3 mucho probar algo parecido a una chacarera, pero fusionado tambi\u00e9n con sonidos espa\u00f1oles. Entonces Vanesa agarr\u00f3 una guitarra, empez\u00f3 a tocar unos acordes y a ra\u00edz de eso empez\u00f3 a fluir toda esta historia de \u00ab4 paredes\u00bb. Terminamos la canci\u00f3n, despu\u00e9s grabamos las voces cada una desde su pa\u00eds, y luego nos juntamos en Madrid nuevamente para grabar el v\u00eddeo, y qued\u00f3 esta canci\u00f3n hermosa\u201d.<\/em><\/p>\n\n\n\n<div style=\"height:23px\" aria-hidden=\"true\" class=\"wp-block-spacer\"><\/div>\n","protected":false},"excerpt":{"rendered":"<p>LA ARTISTA REVELACI\u00d3N DEL NUEVO POP EN ARGENTINA<\/p>\n","protected":false},"author":5,"featured_media":5879,"comment_status":"open","ping_status":"open","sticky":false,"template":"","format":"standard","meta":{"om_disable_all_campaigns":false,"_uf_show_specific_survey":0,"_uf_disable_surveys":false,"footnotes":""},"categories":[4],"tags":[],"class_list":["post-5878","post","type-post","status-publish","format-standard","has-post-thumbnail","hentry","category-musica"],"_links":{"self":[{"href":"https:\/\/entrenotasyacordes.com\/index.php?rest_route=\/wp\/v2\/posts\/5878","targetHints":{"allow":["GET"]}}],"collection":[{"href":"https:\/\/entrenotasyacordes.com\/index.php?rest_route=\/wp\/v2\/posts"}],"about":[{"href":"https:\/\/entrenotasyacordes.com\/index.php?rest_route=\/wp\/v2\/types\/post"}],"author":[{"embeddable":true,"href":"https:\/\/entrenotasyacordes.com\/index.php?rest_route=\/wp\/v2\/users\/5"}],"replies":[{"embeddable":true,"href":"https:\/\/entrenotasyacordes.com\/index.php?rest_route=%2Fwp%2Fv2%2Fcomments&post=5878"}],"version-history":[{"count":1,"href":"https:\/\/entrenotasyacordes.com\/index.php?rest_route=\/wp\/v2\/posts\/5878\/revisions"}],"predecessor-version":[{"id":5880,"href":"https:\/\/entrenotasyacordes.com\/index.php?rest_route=\/wp\/v2\/posts\/5878\/revisions\/5880"}],"wp:featuredmedia":[{"embeddable":true,"href":"https:\/\/entrenotasyacordes.com\/index.php?rest_route=\/wp\/v2\/media\/5879"}],"wp:attachment":[{"href":"https:\/\/entrenotasyacordes.com\/index.php?rest_route=%2Fwp%2Fv2%2Fmedia&parent=5878"}],"wp:term":[{"taxonomy":"category","embeddable":true,"href":"https:\/\/entrenotasyacordes.com\/index.php?rest_route=%2Fwp%2Fv2%2Fcategories&post=5878"},{"taxonomy":"post_tag","embeddable":true,"href":"https:\/\/entrenotasyacordes.com\/index.php?rest_route=%2Fwp%2Fv2%2Ftags&post=5878"}],"curies":[{"name":"wp","href":"https:\/\/api.w.org\/{rel}","templated":true}]}}