{"id":5881,"date":"2024-03-15T16:35:23","date_gmt":"2024-03-15T16:35:23","guid":{"rendered":"https:\/\/entrenotasyacordes.com\/?p=5881"},"modified":"2024-03-15T16:35:25","modified_gmt":"2024-03-15T16:35:25","slug":"la-china-ecko-presentan-su-nuevo-estreno-en-colaboracion-me-gusta","status":"publish","type":"post","link":"https:\/\/entrenotasyacordes.com\/?p=5881","title":{"rendered":"La China &amp; Ecko presentan su nuevo estreno en colaboraci\u00f3n: \u201cMe Gusta\u201d"},"content":{"rendered":"\n<!--more-->\n\n\n\n<p class=\"has-black-color has-text-color has-link-color wp-elements-f15a18b019c723480140ef539373bcde\">La talentosa cantante, actriz y modelo, se une nuevamente al destacado artista urbano Ecko en su pr\u00f3ximo lanzamiento titulado \u00abMe Gusta\u00bb. Esta colaboraci\u00f3n, promete conquistar los corazones de los amantes del g\u00e9nero con una letra cautivadora que explora el deseo entre los protagonistas, destacando elementos como la boca, el cuerpo y la piel de la persona amada.<\/p>\n\n\n\n<div style=\"height:14px\" aria-hidden=\"true\" class=\"wp-block-spacer\"><\/div>\n\n\n\n<p class=\"has-black-color has-text-color has-link-color wp-elements-0b66596d516792a241e562c4b7be3237\">El videoclip de \u00abMe Gusta\u00bb fue filmado en Sevilla, Espa\u00f1a, proporcionando un escenario visual que complementa a la perfecci\u00f3n la sensualidad y el romance impregnados en la canci\u00f3n. La elecci\u00f3n de este lugar no solo a\u00f1ade una est\u00e9tica \u00fanica, sino que tambi\u00e9n evoca una sensaci\u00f3n de encanto y sofisticaci\u00f3n que enriquece cada parte de esta obra musical.<\/p>\n\n\n\n<div style=\"height:14px\" aria-hidden=\"true\" class=\"wp-block-spacer\"><\/div>\n\n\n\n<p class=\"has-black-color has-text-color has-link-color wp-elements-c2995d04e0609d99200b4210ff034c4a\">Este lanzamiento reafirma el camino de La China en su carrera musical a lo que se ha avocado al 100% este \u00faltimo a\u00f1o, desarrollada con gran proyecci\u00f3n.<\/p>\n\n\n\n<div style=\"height:14px\" aria-hidden=\"true\" class=\"wp-block-spacer\"><\/div>\n\n\n\n<figure class=\"wp-block-embed is-type-video is-provider-youtube wp-block-embed-youtube wp-embed-aspect-16-9 wp-has-aspect-ratio\"><div class=\"wp-block-embed__wrapper\">\n<div class=\"epyt-video-wrapper\"><iframe loading=\"lazy\"  id=\"_ytid_49390\"  width=\"640\" height=\"360\"  data-origwidth=\"640\" data-origheight=\"360\" src=\"https:\/\/www.youtube.com\/embed\/rm6idhB8C24?enablejsapi=1&#038;autoplay=0&#038;cc_load_policy=0&#038;cc_lang_pref=&#038;iv_load_policy=1&#038;loop=0&#038;rel=1&#038;fs=1&#038;playsinline=0&#038;autohide=2&#038;theme=dark&#038;color=white&#038;controls=1&#038;\" class=\"__youtube_prefs__  epyt-is-override  no-lazyload\" data-vol=\"50\"  title=\"YouTube player\"  allow=\"fullscreen; accelerometer; autoplay; clipboard-write; encrypted-media; gyroscope; picture-in-picture; web-share\" referrerpolicy=\"strict-origin-when-cross-origin\" allowfullscreen data-no-lazy=\"1\" data-skipgform_ajax_framebjll=\"\"><\/iframe><\/div>\n<\/div><\/figure>\n\n\n\n<div style=\"height:14px\" aria-hidden=\"true\" class=\"wp-block-spacer\"><\/div>\n","protected":false},"excerpt":{"rendered":"","protected":false},"author":5,"featured_media":5882,"comment_status":"open","ping_status":"open","sticky":false,"template":"","format":"standard","meta":{"om_disable_all_campaigns":false,"_uf_show_specific_survey":0,"_uf_disable_surveys":false,"footnotes":""},"categories":[4],"tags":[],"class_list":["post-5881","post","type-post","status-publish","format-standard","has-post-thumbnail","hentry","category-musica"],"_links":{"self":[{"href":"https:\/\/entrenotasyacordes.com\/index.php?rest_route=\/wp\/v2\/posts\/5881","targetHints":{"allow":["GET"]}}],"collection":[{"href":"https:\/\/entrenotasyacordes.com\/index.php?rest_route=\/wp\/v2\/posts"}],"about":[{"href":"https:\/\/entrenotasyacordes.com\/index.php?rest_route=\/wp\/v2\/types\/post"}],"author":[{"embeddable":true,"href":"https:\/\/entrenotasyacordes.com\/index.php?rest_route=\/wp\/v2\/users\/5"}],"replies":[{"embeddable":true,"href":"https:\/\/entrenotasyacordes.com\/index.php?rest_route=%2Fwp%2Fv2%2Fcomments&post=5881"}],"version-history":[{"count":1,"href":"https:\/\/entrenotasyacordes.com\/index.php?rest_route=\/wp\/v2\/posts\/5881\/revisions"}],"predecessor-version":[{"id":5883,"href":"https:\/\/entrenotasyacordes.com\/index.php?rest_route=\/wp\/v2\/posts\/5881\/revisions\/5883"}],"wp:featuredmedia":[{"embeddable":true,"href":"https:\/\/entrenotasyacordes.com\/index.php?rest_route=\/wp\/v2\/media\/5882"}],"wp:attachment":[{"href":"https:\/\/entrenotasyacordes.com\/index.php?rest_route=%2Fwp%2Fv2%2Fmedia&parent=5881"}],"wp:term":[{"taxonomy":"category","embeddable":true,"href":"https:\/\/entrenotasyacordes.com\/index.php?rest_route=%2Fwp%2Fv2%2Fcategories&post=5881"},{"taxonomy":"post_tag","embeddable":true,"href":"https:\/\/entrenotasyacordes.com\/index.php?rest_route=%2Fwp%2Fv2%2Ftags&post=5881"}],"curies":[{"name":"wp","href":"https:\/\/api.w.org\/{rel}","templated":true}]}}