{"id":5889,"date":"2024-03-18T16:31:32","date_gmt":"2024-03-18T16:31:32","guid":{"rendered":"https:\/\/entrenotasyacordes.com\/?p=5889"},"modified":"2024-03-18T16:31:34","modified_gmt":"2024-03-18T16:31:34","slug":"sr-flavio-y-su-banda-presenta-el-viejo-y-el-mar","status":"publish","type":"post","link":"https:\/\/entrenotasyacordes.com\/?p=5889","title":{"rendered":"SR FLAVIO Y SU BANDA PRESENTA \u201cEL VIEJO Y EL MAR\u201d"},"content":{"rendered":"\n<!--more-->\n\n\n\n<figure class=\"wp-block-embed is-type-rich is-provider-spotify wp-block-embed-spotify wp-embed-aspect-21-9 wp-has-aspect-ratio\"><div class=\"wp-block-embed__wrapper\">\n<iframe title=\"Spotify Embed: Se\u00f1or Flavio\" style=\"border-radius: 12px\" width=\"100%\" height=\"352\" frameborder=\"0\" allowfullscreen allow=\"autoplay; clipboard-write; encrypted-media; fullscreen; picture-in-picture\" loading=\"lazy\" src=\"https:\/\/open.spotify.com\/embed\/artist\/62t4iQeCFvQFF7h4wO2Dxd?si=CbvYwAWaShWNXx8f71NJGQ&#038;nd=1&#038;dlsi=ac1bcbe55d7c4691&#038;utm_source=oembed\"><\/iframe>\n<\/div><\/figure>\n\n\n\n<div style=\"height:27px\" aria-hidden=\"true\" class=\"wp-block-spacer\"><\/div>\n\n\n\n<p class=\"has-black-color has-text-color has-link-color wp-elements-83c7500f17717cf474d610399ae188a9\"><strong>LLEGA EL NUEVO EP DE SR FLAVIO Y SU BANDA<\/strong><\/p>\n\n\n\n<div style=\"height:13px\" aria-hidden=\"true\" class=\"wp-block-spacer\"><\/div>\n\n\n\n<p class=\"has-black-color has-text-color has-link-color wp-elements-1d17a54f1863fedb92f4dcb769407cfb\">Despu\u00e9s de su \u00faltimo \u00e1lbum a beneficio,&nbsp;<strong>\u201cEn Vivo desde el Merendero los Chicos del Fondo\u201d<\/strong>&nbsp;publicado en 2022 y grabado en diciembre de 2021 en Mar del Plata, Provincia de Buenos Aires,&nbsp;<strong>Sr Flavio<\/strong>&nbsp;vuelve con su esperado nuevo material.<\/p>\n\n\n\n<div style=\"height:13px\" aria-hidden=\"true\" class=\"wp-block-spacer\"><\/div>\n\n\n\n<p class=\"has-black-color has-text-color has-link-color wp-elements-2123561625a1a5c1ed282ba5c73de4f5\">Nuevas canciones, en formato \u201cTr\u00edo\u201d:\u00a0Sr Flavio, en bajo y voz, acompa\u00f1ado por sus hijos, Astor Cianciarulo, en bater\u00eda, y Jay Cianciarulo, en guitarra.<\/p>\n\n\n\n<div style=\"height:15px\" aria-hidden=\"true\" class=\"wp-block-spacer\"><\/div>\n\n\n\n<p class=\"has-black-color has-text-color has-link-color wp-elements-28eca540cef042711a87e03a6fc5b786\"><strong>\u201cEl viejo y el mar\u201d\u00a0<\/strong>es el tema elegido para darle nombre a este nuevo EP, que re\u00fane cinco canciones, entre las cu\u00e1les se encuentra una nueva versi\u00f3n de\u00a0<strong>\u201cMadre Herida\u201c<\/strong>, publicada por primera vez luego de su recordado show y disco en vivo, desde el merendero.<\/p>\n\n\n\n<div style=\"height:15px\" aria-hidden=\"true\" class=\"wp-block-spacer\"><\/div>\n\n\n\n<p>Como novedad, este nuevo compilado estrena canci\u00f3n, grabada en Monterrey, M\u00e9xico, cuyo nombre es\u00a0<strong>\u201cRosal\u00eda Penar\u00e1n\u201d<\/strong>.<\/p>\n\n\n\n<div style=\"height:13px\" aria-hidden=\"true\" class=\"wp-block-spacer\"><\/div>\n\n\n\n<p class=\"has-black-color has-text-color has-link-color wp-elements-cf36c23d4d22b210b4a14393b2c3169c\"><strong><u>TRACKLIST<\/u><\/strong><br><strong>Madre Herida<\/strong><br><strong>Del ser<\/strong><br><strong>El viejo y el mar<\/strong><br><strong>Me lo dijo la Chamana Jefa<\/strong><br><strong>Rosal\u00eda Penar\u00e1n<\/strong><\/p>\n\n\n\n<div style=\"height:13px\" aria-hidden=\"true\" class=\"wp-block-spacer\"><\/div>\n\n\n\n<p class=\"has-black-color has-text-color has-link-color wp-elements-a159a8557c0c1d6566e1151ab1f7a757\">Una vez m\u00e1s, Sr Flavio nos llama a la acci\u00f3n y propone una Misi\u00f3n Solidaria para acompa\u00f1ar este lanzamiento, anunciando que este nuevo EP se presentar\u00e1 en el marco de otro show a beneficio del merendero \u201cLos chicos del Fondo\u201d, programado para fines de marzo (pr\u00f3ximamente se conocer\u00e1 la fecha exacta).<\/p>\n\n\n\n<div style=\"height:16px\" aria-hidden=\"true\" class=\"wp-block-spacer\"><\/div>\n\n\n\n<p class=\"has-black-color has-text-color has-link-color wp-elements-174e011261a4bc6d90215cc70a214f96\">El Merendero \u201cLos chicos del Fondo\u201d comenz\u00f3 a funcionar en junio del a\u00f1o 2018, como continuidad de un trabajo solidario informal iniciado por Mar\u00eda Acosta, actual encargada y responsable del lugar. Mar\u00eda comenz\u00f3 esta tarea ofreciendo la merienda a chicos del barrio, que concurr\u00edan acompa\u00f1ados por sus madres. De a poco, se fueron sumando manos y la ayuda fue creciendo. Entre otros, Sr Flavio colabora a trav\u00e9s de distintas acciones, para mejorar progresivamente la infraestructura del merendero y, de este modo, el servicio comunitario que all\u00ed se brinda.<\/p>\n\n\n\n<div style=\"height:16px\" aria-hidden=\"true\" class=\"wp-block-spacer\"><\/div>\n","protected":false},"excerpt":{"rendered":"","protected":false},"author":5,"featured_media":5890,"comment_status":"open","ping_status":"open","sticky":false,"template":"","format":"standard","meta":{"om_disable_all_campaigns":false,"_uf_show_specific_survey":0,"_uf_disable_surveys":false,"footnotes":""},"categories":[4],"tags":[],"class_list":["post-5889","post","type-post","status-publish","format-standard","has-post-thumbnail","hentry","category-musica"],"_links":{"self":[{"href":"https:\/\/entrenotasyacordes.com\/index.php?rest_route=\/wp\/v2\/posts\/5889","targetHints":{"allow":["GET"]}}],"collection":[{"href":"https:\/\/entrenotasyacordes.com\/index.php?rest_route=\/wp\/v2\/posts"}],"about":[{"href":"https:\/\/entrenotasyacordes.com\/index.php?rest_route=\/wp\/v2\/types\/post"}],"author":[{"embeddable":true,"href":"https:\/\/entrenotasyacordes.com\/index.php?rest_route=\/wp\/v2\/users\/5"}],"replies":[{"embeddable":true,"href":"https:\/\/entrenotasyacordes.com\/index.php?rest_route=%2Fwp%2Fv2%2Fcomments&post=5889"}],"version-history":[{"count":2,"href":"https:\/\/entrenotasyacordes.com\/index.php?rest_route=\/wp\/v2\/posts\/5889\/revisions"}],"predecessor-version":[{"id":5892,"href":"https:\/\/entrenotasyacordes.com\/index.php?rest_route=\/wp\/v2\/posts\/5889\/revisions\/5892"}],"wp:featuredmedia":[{"embeddable":true,"href":"https:\/\/entrenotasyacordes.com\/index.php?rest_route=\/wp\/v2\/media\/5890"}],"wp:attachment":[{"href":"https:\/\/entrenotasyacordes.com\/index.php?rest_route=%2Fwp%2Fv2%2Fmedia&parent=5889"}],"wp:term":[{"taxonomy":"category","embeddable":true,"href":"https:\/\/entrenotasyacordes.com\/index.php?rest_route=%2Fwp%2Fv2%2Fcategories&post=5889"},{"taxonomy":"post_tag","embeddable":true,"href":"https:\/\/entrenotasyacordes.com\/index.php?rest_route=%2Fwp%2Fv2%2Ftags&post=5889"}],"curies":[{"name":"wp","href":"https:\/\/api.w.org\/{rel}","templated":true}]}}