{"id":5893,"date":"2024-03-18T16:35:29","date_gmt":"2024-03-18T16:35:29","guid":{"rendered":"https:\/\/entrenotasyacordes.com\/?p=5893"},"modified":"2024-03-18T16:35:31","modified_gmt":"2024-03-18T16:35:31","slug":"agapornis-presenta-quedate","status":"publish","type":"post","link":"https:\/\/entrenotasyacordes.com\/?p=5893","title":{"rendered":"AGAPORNIS  presenta \u201cQU\u00c9DATE\u201d"},"content":{"rendered":"\n<!--more-->\n\n\n\n<figure class=\"wp-block-embed is-type-video is-provider-youtube wp-block-embed-youtube wp-embed-aspect-16-9 wp-has-aspect-ratio\"><div class=\"wp-block-embed__wrapper\">\n<div class=\"epyt-video-wrapper\"><iframe loading=\"lazy\"  id=\"_ytid_97880\"  width=\"640\" height=\"360\"  data-origwidth=\"640\" data-origheight=\"360\" src=\"https:\/\/www.youtube.com\/embed\/kk3CLDD9fYM?enablejsapi=1&#038;autoplay=0&#038;cc_load_policy=0&#038;cc_lang_pref=&#038;iv_load_policy=1&#038;loop=0&#038;rel=1&#038;fs=1&#038;playsinline=0&#038;autohide=2&#038;theme=dark&#038;color=white&#038;controls=1&#038;\" class=\"__youtube_prefs__  epyt-is-override  no-lazyload\" data-vol=\"50\"  title=\"YouTube player\"  allow=\"fullscreen; accelerometer; autoplay; clipboard-write; encrypted-media; gyroscope; picture-in-picture; web-share\" referrerpolicy=\"strict-origin-when-cross-origin\" allowfullscreen data-no-lazy=\"1\" data-skipgform_ajax_framebjll=\"\"><\/iframe><\/div>\n<\/div><\/figure>\n\n\n\n<div style=\"height:19px\" aria-hidden=\"true\" class=\"wp-block-spacer\"><\/div>\n\n\n\n<p class=\"has-black-color has-text-color has-link-color wp-elements-82fdbcddb3cb97d469b77beab19717d5\">La exitosa banda argentina de cumbia pop,\u00a0<strong>Agapornis,<\/strong>\u00a0presenta\u00a0<strong>\u00abQu\u00e9date\u00bb<\/strong>, su primer lanzamiento de 2024. Este single inaugura adem\u00e1s una nueva etapa del grupo, que promete sorpresas que pueden incluir nuevo \u00e1lbum, en el segundo semestre del a\u00f1o.<\/p>\n\n\n\n<div style=\"height:17px\" aria-hidden=\"true\" class=\"wp-block-spacer\"><\/div>\n\n\n\n<p class=\"has-black-color has-text-color has-link-color wp-elements-aa9d2b7b3f0f6556b029a0f2ba2c23e5\">La producci\u00f3n musical de \u201c<em>Qu\u00e9date<\/em>\u201d, a cargo de Luciano Frangi, destaca por su habilidad para integrar elementos cl\u00e1sicos de la cumbia, especialmente el distintivo sonido del acorde\u00f3n, en un contexto contempor\u00e1neo y fresco. La banda ha logrado una fusi\u00f3n \u00fanica al incorporar instrumentos tradicionales de la cumbia, con una producci\u00f3n pop moderna.<\/p>\n\n\n\n<div style=\"height:17px\" aria-hidden=\"true\" class=\"wp-block-spacer\"><\/div>\n\n\n\n<p class=\"has-black-color has-text-color has-link-color wp-elements-c1568fb32199517827ec8f1cddc72542\"><em>\u00abQu\u00e9date\u00bb es una muestra de c\u00f3mo Agapornis puede reinventar canciones de una forma distinta, presentando una melod\u00eda cautivadora y una interpretaci\u00f3n que le imprime el sello distintivo de la banda.<\/em><\/p>\n\n\n\n<div style=\"height:17px\" aria-hidden=\"true\" class=\"wp-block-spacer\"><\/div>\n\n\n\n<p class=\"has-black-color has-text-color has-link-color wp-elements-2431d632b7565866dde305c198380ba7\">Agapornis viene de vivir un gran 2023, donde lanzaron su EP \u00abCumbia Pop\u00bb, un proyecto de cuatro versiones de \u00e9xitos conocidos a nivel mundial, reinterpretados con el sello distintivo de la banda. La selecci\u00f3n de canciones, \u201cCoraz\u00f3n part\u00edo\u201d, \u201cInevitable\u201d, \u201cTan enamorados\u201d y \u201cLa incondicional\u201d, fue producida por Luciano Frangi, agregando su estilo cumbiero y festivo que caracteriza la propuesta musical de la banda. Estas interpretaciones demuestran la versatilidad de la banda y su capacidad para adaptar diferentes g\u00e9neros al estilo cumbia pop. Desde el punto de vista audiovisual, se asociaron a Trendo para crear la imagen de los verdaderos \u00abp\u00e1jaros del amor\u00bb, Agapornis, ahora humanizados y convertidos en m\u00fasicos cumbieros que despliegan su talento en vivo con una elegante camisa y corbata roja.<\/p>\n\n\n\n<div style=\"height:17px\" aria-hidden=\"true\" class=\"wp-block-spacer\"><\/div>\n\n\n\n<figure class=\"wp-block-image size-full\"><img loading=\"lazy\" decoding=\"async\" width=\"773\" height=\"515\" src=\"https:\/\/entrenotasyacordes.com\/wp-content\/uploads\/2024\/03\/image3.jpg\" alt=\"\" class=\"wp-image-5894\" srcset=\"https:\/\/entrenotasyacordes.com\/wp-content\/uploads\/2024\/03\/image3.jpg 773w, https:\/\/entrenotasyacordes.com\/wp-content\/uploads\/2024\/03\/image3-300x200.jpg 300w, https:\/\/entrenotasyacordes.com\/wp-content\/uploads\/2024\/03\/image3-768x512.jpg 768w\" sizes=\"auto, (max-width: 773px) 100vw, 773px\" \/><\/figure>\n\n\n\n<div style=\"height:17px\" aria-hidden=\"true\" class=\"wp-block-spacer\"><\/div>\n\n\n\n<p class=\"has-black-color has-text-color has-link-color wp-elements-1fbe7a379fc0c16655e2577ddd124a03\"><strong>Sobre AGAPORNIS<\/strong><\/p>\n\n\n\n<div style=\"height:17px\" aria-hidden=\"true\" class=\"wp-block-spacer\"><\/div>\n\n\n\n<p class=\"has-black-color has-text-color has-link-color wp-elements-6f58eab665ee357b244e80a3c3511094\">Con m\u00e1s de 12 a\u00f1os de trayectoria,<strong>&nbsp;<\/strong>AGAPORNIS&nbsp;se convirti\u00f3 en una de las bandas que pone a bailar a la gente en fiestas, eventos, festivales y boliches. &nbsp;Lo que comenz\u00f3 como un&nbsp;<em>hobby&nbsp;<\/em>entre amigos, se convirti\u00f3 en un trabajo profesional: sus covers de canciones rom\u00e1nticas, reggaet\u00f3n y rock nacional transformadas en cumbia m\u00e1s sus propios hits son un \u00e9xito total entre los j\u00f3venes y&nbsp;p\u00fablico de todas las edades.<\/p>\n\n\n\n<div style=\"height:17px\" aria-hidden=\"true\" class=\"wp-block-spacer\"><\/div>\n","protected":false},"excerpt":{"rendered":"","protected":false},"author":5,"featured_media":5895,"comment_status":"open","ping_status":"open","sticky":false,"template":"","format":"standard","meta":{"om_disable_all_campaigns":false,"_uf_show_specific_survey":0,"_uf_disable_surveys":false,"footnotes":""},"categories":[4],"tags":[],"class_list":["post-5893","post","type-post","status-publish","format-standard","has-post-thumbnail","hentry","category-musica"],"_links":{"self":[{"href":"https:\/\/entrenotasyacordes.com\/index.php?rest_route=\/wp\/v2\/posts\/5893","targetHints":{"allow":["GET"]}}],"collection":[{"href":"https:\/\/entrenotasyacordes.com\/index.php?rest_route=\/wp\/v2\/posts"}],"about":[{"href":"https:\/\/entrenotasyacordes.com\/index.php?rest_route=\/wp\/v2\/types\/post"}],"author":[{"embeddable":true,"href":"https:\/\/entrenotasyacordes.com\/index.php?rest_route=\/wp\/v2\/users\/5"}],"replies":[{"embeddable":true,"href":"https:\/\/entrenotasyacordes.com\/index.php?rest_route=%2Fwp%2Fv2%2Fcomments&post=5893"}],"version-history":[{"count":1,"href":"https:\/\/entrenotasyacordes.com\/index.php?rest_route=\/wp\/v2\/posts\/5893\/revisions"}],"predecessor-version":[{"id":5896,"href":"https:\/\/entrenotasyacordes.com\/index.php?rest_route=\/wp\/v2\/posts\/5893\/revisions\/5896"}],"wp:featuredmedia":[{"embeddable":true,"href":"https:\/\/entrenotasyacordes.com\/index.php?rest_route=\/wp\/v2\/media\/5895"}],"wp:attachment":[{"href":"https:\/\/entrenotasyacordes.com\/index.php?rest_route=%2Fwp%2Fv2%2Fmedia&parent=5893"}],"wp:term":[{"taxonomy":"category","embeddable":true,"href":"https:\/\/entrenotasyacordes.com\/index.php?rest_route=%2Fwp%2Fv2%2Fcategories&post=5893"},{"taxonomy":"post_tag","embeddable":true,"href":"https:\/\/entrenotasyacordes.com\/index.php?rest_route=%2Fwp%2Fv2%2Ftags&post=5893"}],"curies":[{"name":"wp","href":"https:\/\/api.w.org\/{rel}","templated":true}]}}