{"id":5897,"date":"2024-03-18T16:40:18","date_gmt":"2024-03-18T16:40:18","guid":{"rendered":"https:\/\/entrenotasyacordes.com\/?p=5897"},"modified":"2024-03-18T16:40:20","modified_gmt":"2024-03-18T16:40:20","slug":"fantasia-utopica-presenta-brus-li-su-nuevo-video","status":"publish","type":"post","link":"https:\/\/entrenotasyacordes.com\/?p=5897","title":{"rendered":"FANTAS\u00cdA UT\u00d3PICA PRESENTA BRUS LI, SU NUEVO VIDEO"},"content":{"rendered":"\n<!--more-->\n\n\n\n<figure class=\"wp-block-embed is-type-video is-provider-youtube wp-block-embed-youtube wp-embed-aspect-16-9 wp-has-aspect-ratio\"><div class=\"wp-block-embed__wrapper\">\n<div class=\"epyt-video-wrapper\"><iframe loading=\"lazy\"  id=\"_ytid_17506\"  width=\"640\" height=\"360\"  data-origwidth=\"640\" data-origheight=\"360\" src=\"https:\/\/www.youtube.com\/embed\/Bh_yO_5dgVQ?enablejsapi=1&#038;autoplay=0&#038;cc_load_policy=0&#038;cc_lang_pref=&#038;iv_load_policy=1&#038;loop=0&#038;rel=1&#038;fs=1&#038;playsinline=0&#038;autohide=2&#038;theme=dark&#038;color=white&#038;controls=1&#038;\" class=\"__youtube_prefs__  epyt-is-override  no-lazyload\" data-vol=\"50\"  title=\"YouTube player\"  allow=\"fullscreen; accelerometer; autoplay; clipboard-write; encrypted-media; gyroscope; picture-in-picture; web-share\" referrerpolicy=\"strict-origin-when-cross-origin\" allowfullscreen data-no-lazy=\"1\" data-skipgform_ajax_framebjll=\"\"><\/iframe><\/div>\n<\/div><\/figure>\n\n\n\n<div style=\"height:20px\" aria-hidden=\"true\" class=\"wp-block-spacer\"><\/div>\n\n\n\n<p class=\"has-black-color has-text-color has-link-color wp-elements-e1b594a8c3e0e856cf0bb74e9f8c31d1\"><strong>\u201cBrus Li\u201d<\/strong>\u00a0es una de las canciones m\u00e1s importantes de la banda\u00a0<strong>\u201cFantas\u00eda Ut\u00f3pica\u201d<\/strong>. Pertenece a su EP \u201cEl Eterno Retorno Parte 1\u201d y carga con un mensaje comprometido con la realidad y profundo. De una manera po\u00e9tica y sin que sea forzado ,la canci\u00f3n habla sobre la inequidad social, la falta de empat\u00eda y la desigualdad de una manera ser\u00eda y al mismo tiempo con un tinte de humor y sarcasmo que representa a la perfecci\u00f3n la narrativa y el c\u00f3digo de Fantas\u00eda Ut\u00f3pica en su obra.<\/p>\n\n\n\n<div style=\"height:20px\" aria-hidden=\"true\" class=\"wp-block-spacer\"><\/div>\n\n\n\n<p>El sonido de guitarra ac\u00fastica sumado al de los violines hacen que la canci\u00f3n junto al video cuenten una historia cruda pero art\u00edstica a la vez, que demuestran un discurso consciente de los tiempos que corren, sosteni\u00e9ndose fuertemente con\u00a0 la intenci\u00f3n revolucionaria del Rock.<\/p>\n\n\n\n<div style=\"height:20px\" aria-hidden=\"true\" class=\"wp-block-spacer\"><\/div>\n\n\n\n<p class=\"has-black-color has-text-color has-link-color wp-elements-4c38425973b976535bc47898e1f980df\"><strong>ACERCA DE FANTAS\u00cdA UT\u00d3PICA<\/strong><\/p>\n\n\n\n<div style=\"height:18px\" aria-hidden=\"true\" class=\"wp-block-spacer\"><\/div>\n\n\n\n<p class=\"has-black-color has-text-color has-link-color wp-elements-6d84081462222c63696dea2852478de2\">Fantas\u00eda Ut\u00f3pica, la banda independiente de rock fusi\u00f3n y alternativo que ha cautivado al p\u00fablico desde su fundaci\u00f3n en 2015, contin\u00faa dejando una marca indeleble en la escena musical con su innovador enfoque y compromiso con la experimentaci\u00f3n.<br>&nbsp;<\/p>\n\n\n\n<div style=\"height:18px\" aria-hidden=\"true\" class=\"wp-block-spacer\"><\/div>\n\n\n\n<p class=\"has-black-color has-text-color has-link-color wp-elements-582fb33d00d0b5f6b36b0a3fed25a472\">Conformada&nbsp;por cuatro talentosos m\u00fasicos que desaf\u00edan las convenciones, Fantas\u00eda Ut\u00f3pica trasciende los l\u00edmites del rock convencional al incorporar una amplia gama de g\u00e9neros musicales en sus composiciones, ofreciendo as\u00ed un espect\u00e1culo \u00fanico que deja sin aliento a su audiencia en cada presentaci\u00f3n.<br>&nbsp;<\/p>\n\n\n\n<div style=\"height:18px\" aria-hidden=\"true\" class=\"wp-block-spacer\"><\/div>\n\n\n\n<p class=\"has-black-color has-text-color has-link-color wp-elements-d292546bfebe1a670bbf175a12263f24\">En 2020, la banda lanz\u00f3 su primer \u00e1lbum, \u00abRealidad Dist\u00f3pica\u00bb, una obra que, en contraste con su nombre, explora los conceptos de dualidad y contradicci\u00f3n presentes en su m\u00fasica. Este \u00e1lbum sent\u00f3 las bases para su evoluci\u00f3n art\u00edstica, que se consolid\u00f3 con el lanzamiento de tres sencillos entre 2022 y principios de 2023: \u00abBrus Li\u00bb, \u00abSra. Extraterrestre\u00bb y \u00abManos de Espuma\u00bb, aclamados por su contenido cargado de cr\u00edticas sociales y reflexiones sobre la salud mental.<\/p>\n\n\n\n<div style=\"height:18px\" aria-hidden=\"true\" class=\"wp-block-spacer\"><\/div>\n\n\n\n<figure class=\"wp-block-image size-large\"><img loading=\"lazy\" decoding=\"async\" width=\"1024\" height=\"429\" src=\"https:\/\/entrenotasyacordes.com\/wp-content\/uploads\/2024\/03\/16cadae2-5ff4-39fa-a595-16d888119e1b-1024x429.png\" alt=\"\" class=\"wp-image-5898\" srcset=\"https:\/\/entrenotasyacordes.com\/wp-content\/uploads\/2024\/03\/16cadae2-5ff4-39fa-a595-16d888119e1b-1024x429.png 1024w, https:\/\/entrenotasyacordes.com\/wp-content\/uploads\/2024\/03\/16cadae2-5ff4-39fa-a595-16d888119e1b-300x126.png 300w, https:\/\/entrenotasyacordes.com\/wp-content\/uploads\/2024\/03\/16cadae2-5ff4-39fa-a595-16d888119e1b-768x322.png 768w, https:\/\/entrenotasyacordes.com\/wp-content\/uploads\/2024\/03\/16cadae2-5ff4-39fa-a595-16d888119e1b-1536x644.png 1536w, https:\/\/entrenotasyacordes.com\/wp-content\/uploads\/2024\/03\/16cadae2-5ff4-39fa-a595-16d888119e1b.png 1920w\" sizes=\"auto, (max-width: 1024px) 100vw, 1024px\" \/><\/figure>\n\n\n\n<div style=\"height:18px\" aria-hidden=\"true\" class=\"wp-block-spacer\"><\/div>\n\n\n\n<p class=\"has-black-color has-text-color has-link-color wp-elements-a4ff1cdcd40a0e9e9bba7c12be6424d9\">El EP \u00abEl Eterno Retorno Parte 1\u00bb, donde se incluyen estos sencillos, representa un hito significativo en la carrera de la banda. Presentado en vivo en 2022 ante una Sala Melany colmada de seguidores, este trabajo refleja el compromiso de Fantas\u00eda Ut\u00f3pica con la autenticidad y la profundidad tem\u00e1tica, alej\u00e1ndose de los confines de la m\u00fasica comercial.<\/p>\n\n\n\n<div style=\"height:18px\" aria-hidden=\"true\" class=\"wp-block-spacer\"><\/div>\n\n\n\n<p class=\"has-black-color has-text-color has-link-color wp-elements-6e3a684fd2a9df3fc7c9e283b4b0b323\">La creatividad de la banda no se limita \u00fanicamente a la m\u00fasica. Adem\u00e1s de ofrecer experiencias memorables en sus presentaciones en vivo, los miembros de Fantas\u00eda Ut\u00f3pica se embarcan en diversas facetas art\u00edsticas. Jose Aiello, baterista de la banda, deleita al p\u00fablico con tragos de autor inspirados en las canciones del grupo. Por otro lado, Facundo Burghi, cantante y guitarrista, se encarga de realizar la parte gr\u00e1fica, creando ilustraciones y trabajos en flyers, portadas de canciones, entre otros, agregando as\u00ed una dimensi\u00f3n visual \u00fanica a la experiencia de Fantas\u00eda Ut\u00f3pica.<\/p>\n\n\n\n<div style=\"height:18px\" aria-hidden=\"true\" class=\"wp-block-spacer\"><\/div>\n\n\n\n<p class=\"has-black-color has-text-color has-link-color wp-elements-839a7ed794200677c2b8610fabebaf7c\">Adem\u00e1s de su compromiso art\u00edstico, Fantas\u00eda Ut\u00f3pica demuestra una profunda solidaridad con la comunidad musical local. En 2023, organizaron un evento ben\u00e9fico en Abbey Road, donde todos los fondos recaudados fueron destinados a apoyar a un m\u00fasico y productor local que hab\u00eda sido v\u00edctima de un robo.<\/p>\n\n\n\n<div style=\"height:18px\" aria-hidden=\"true\" class=\"wp-block-spacer\"><\/div>\n\n\n\n<p class=\"has-black-color has-text-color has-link-color wp-elements-1843085d27edf41c07822afebdc1457a\">El a\u00f1o 2024 marca un nuevo hito en la trayectoria de Fantas\u00eda Ut\u00f3pica, con su primera presentaci\u00f3n en la Capital Federal, en el reconocido espacio CLUB CULTURAL MATIENZO, as\u00ed como un \u00edntimo show ac\u00fastico en la cafeter\u00eda de autor COFI JAUS.<\/p>\n\n\n\n<div style=\"height:18px\" aria-hidden=\"true\" class=\"wp-block-spacer\"><\/div>\n\n\n\n<p class=\"has-black-color has-text-color has-link-color wp-elements-7b7a954a00c6cbea285046f0efb04562\">Fantas\u00eda Ut\u00f3pica ha compartido escenario con destacados artistas como Willy Quiroga de Vox Dei, Vale Acevedo, Edu Schmidt, Eruca Sativa, Riki Musso, entre otros. En Mar del Plata, han dejado su huella en los principales escenarios y festivales, siempre ofreciendo un espect\u00e1culo que va m\u00e1s all\u00e1 de la m\u00fasica, una experiencia que invita a la reflexi\u00f3n y la exploraci\u00f3n de nuevas emociones.<\/p>\n\n\n\n<div style=\"height:18px\" aria-hidden=\"true\" class=\"wp-block-spacer\"><\/div>\n\n\n\n<p class=\"has-black-color has-text-color has-link-color wp-elements-966004a32d440f9ade62d5077b16958d\"><strong>El rock como antorcha y la b\u00fasqueda como m\u00f3vil, nos dejan la pregunta&#8230;<\/strong><\/p>\n\n\n\n<p class=\"has-black-color has-text-color has-link-color wp-elements-0a5b124e984968d64e32cbbfd4a7bef5\"><strong>\u00bfCu\u00e1l es tu Fantas\u00eda Ut\u00f3pica?<\/strong><\/p>\n\n\n\n<div style=\"height:18px\" aria-hidden=\"true\" class=\"wp-block-spacer\"><\/div>\n","protected":false},"excerpt":{"rendered":"","protected":false},"author":5,"featured_media":5899,"comment_status":"open","ping_status":"open","sticky":false,"template":"","format":"standard","meta":{"om_disable_all_campaigns":false,"_uf_show_specific_survey":0,"_uf_disable_surveys":false,"footnotes":""},"categories":[4],"tags":[],"class_list":["post-5897","post","type-post","status-publish","format-standard","has-post-thumbnail","hentry","category-musica"],"_links":{"self":[{"href":"https:\/\/entrenotasyacordes.com\/index.php?rest_route=\/wp\/v2\/posts\/5897","targetHints":{"allow":["GET"]}}],"collection":[{"href":"https:\/\/entrenotasyacordes.com\/index.php?rest_route=\/wp\/v2\/posts"}],"about":[{"href":"https:\/\/entrenotasyacordes.com\/index.php?rest_route=\/wp\/v2\/types\/post"}],"author":[{"embeddable":true,"href":"https:\/\/entrenotasyacordes.com\/index.php?rest_route=\/wp\/v2\/users\/5"}],"replies":[{"embeddable":true,"href":"https:\/\/entrenotasyacordes.com\/index.php?rest_route=%2Fwp%2Fv2%2Fcomments&post=5897"}],"version-history":[{"count":2,"href":"https:\/\/entrenotasyacordes.com\/index.php?rest_route=\/wp\/v2\/posts\/5897\/revisions"}],"predecessor-version":[{"id":5901,"href":"https:\/\/entrenotasyacordes.com\/index.php?rest_route=\/wp\/v2\/posts\/5897\/revisions\/5901"}],"wp:featuredmedia":[{"embeddable":true,"href":"https:\/\/entrenotasyacordes.com\/index.php?rest_route=\/wp\/v2\/media\/5899"}],"wp:attachment":[{"href":"https:\/\/entrenotasyacordes.com\/index.php?rest_route=%2Fwp%2Fv2%2Fmedia&parent=5897"}],"wp:term":[{"taxonomy":"category","embeddable":true,"href":"https:\/\/entrenotasyacordes.com\/index.php?rest_route=%2Fwp%2Fv2%2Fcategories&post=5897"},{"taxonomy":"post_tag","embeddable":true,"href":"https:\/\/entrenotasyacordes.com\/index.php?rest_route=%2Fwp%2Fv2%2Ftags&post=5897"}],"curies":[{"name":"wp","href":"https:\/\/api.w.org\/{rel}","templated":true}]}}