{"id":5904,"date":"2024-03-19T12:45:19","date_gmt":"2024-03-19T12:45:19","guid":{"rendered":"https:\/\/entrenotasyacordes.com\/?p=5904"},"modified":"2024-03-19T12:45:20","modified_gmt":"2024-03-19T12:45:20","slug":"canciones-pensadas-en-el-sofa-el-nuevo-trabajo-discografico-de-muriel-lanfranco","status":"publish","type":"post","link":"https:\/\/entrenotasyacordes.com\/?p=5904","title":{"rendered":"Canciones pensadas en el sof\u00e1: el nuevo trabajo discogr\u00e1fico de Muriel Lanfranco."},"content":{"rendered":"\n<!--more-->\n\n\n\n<p class=\"has-black-color has-text-color has-link-color wp-elements-8a08550107f30aa7d26ef79bcb287f3e\"><strong>21 de abril<\/strong> &#8211; <strong>Club Lucille<\/strong><\/p>\n\n\n\n<p class=\"has-black-color has-text-color has-link-color wp-elements-1281198b287ced013d968a310a8665d6\"><strong>Entradas a la venta a trav\u00e9s de <\/strong><a href=\"http:\/\/www.passline.com\"><strong>www.passline.com<\/strong><\/a><\/p>\n\n\n\n<div style=\"height:17px\" aria-hidden=\"true\" class=\"wp-block-spacer\"><\/div>\n\n\n\n<p class=\"has-black-color has-text-color has-link-color wp-elements-dacde0f45a8c0c1156bb6afa58a7a2c4\"><em>La cantante y compositora cordobesa estrena <strong>\u201cCanciones pensadas en el sof\u00e1\u201d<\/strong>, su tercer disco de estudio, que conjuga ritmos, sonoridades y distintos universos musicales.<\/em><\/p>\n\n\n\n<div style=\"height:17px\" aria-hidden=\"true\" class=\"wp-block-spacer\"><\/div>\n\n\n\n<p class=\"has-black-color has-text-color has-link-color wp-elements-767401c0390e752f77d30aba092eae13\"><strong><em>\u201cCanciones pensadas en el sof\u00e1\u201d<\/em><\/strong><em> <\/em>comenz\u00f3 a gestarse en plena pandemia como una revoluci\u00f3n a un panorama hostil y poco alentador para la m\u00fasica, como una revoluci\u00f3n interna y creativa de esta reconocida compositora en donde se refleja un universo musical diverso y distinto a sus anteriores discos, con canciones propias muy ligadas al pop, al folk (su cuna musical) y&nbsp; a un viaje por colores, mixtura, sentimientos entrelazados con ritmos, matices y canciones que en algunos casos, invitan a un recorrido por su infancia y sus primeros pasos en la m\u00fasica.<\/p>\n\n\n\n<div style=\"height:17px\" aria-hidden=\"true\" class=\"wp-block-spacer\"><\/div>\n\n\n\n<p class=\"has-black-color has-text-color has-link-color wp-elements-0ed3184a9069f5159f7bcf01ab43e19f\">En este recorrido musical que comprende diez canciones, se destacan <strong>\u201cMisma direcci\u00f3n\u201d<\/strong>, <strong>\u201cEn el sof\u00e1\u201d<\/strong>, <strong>\u201cDonde quiero estar\u201d<\/strong> y <strong>\u201cEstaciones\u201c<\/strong>, un homenaje a <strong>Rosario Bl\u00e9fari,<\/strong> figura imprescindible de la escena alternativa argentina.&nbsp;<br><br>Luego de una extensa gira nacional con \u201cPies afuera\u201d, disco que la llev\u00f3 a visitar provincias y recorrer distintos escenarios del pa\u00eds, la artista trabaj\u00f3 intensamente junto a sus m\u00fasicos en la producci\u00f3n de este nuevo material para posicionarse nuevamente en la escena de la m\u00fasica local.<\/p>\n\n\n\n<div style=\"height:17px\" aria-hidden=\"true\" class=\"wp-block-spacer\"><\/div>\n\n\n\n<p class=\"has-black-color has-text-color has-link-color wp-elements-b2fcd139bb8045077efc30b0ed89f888\">Muriel es periodista y productora, m\u00e1nager de artistas y adem\u00e1s ex conductora de televisi\u00f3n. Durante m\u00e1s de 10 a\u00f1os estuvo al frente del ciclo <strong>\u201cFiestas Argentinas\u201d <\/strong>emitido por la TV P\u00fablica y posteriormente por Canal 9. Actualmente Muriel es m\u00e1nager de <strong>Javier Calamaro<\/strong> y<strong> Bruno Arias <\/strong>entre otros artistas.<\/p>\n\n\n\n<div style=\"height:17px\" aria-hidden=\"true\" class=\"wp-block-spacer\"><\/div>\n\n\n\n<figure class=\"wp-block-embed is-type-rich is-provider-spotify wp-block-embed-spotify wp-embed-aspect-21-9 wp-has-aspect-ratio\"><div class=\"wp-block-embed__wrapper\">\n<iframe title=\"Spotify Embed: Canciones Pensadas en el Sof\u00e1\" style=\"border-radius: 12px\" width=\"100%\" height=\"352\" frameborder=\"0\" allowfullscreen allow=\"autoplay; clipboard-write; encrypted-media; fullscreen; picture-in-picture\" loading=\"lazy\" src=\"https:\/\/open.spotify.com\/embed\/album\/4MGEBW7mOzaQlepBRNSJgv?si=ryM1kjVbSD-XEMjkOys7fg&#038;context=spotify%3Aalbum%3A4MGEBW7mOzaQlepBRNSJgv&#038;nd=1&#038;dlsi=1f6c2116b0444380&#038;utm_source=oembed\"><\/iframe>\n<\/div><\/figure>\n","protected":false},"excerpt":{"rendered":"","protected":false},"author":5,"featured_media":5905,"comment_status":"open","ping_status":"open","sticky":false,"template":"","format":"standard","meta":{"om_disable_all_campaigns":false,"_uf_show_specific_survey":0,"_uf_disable_surveys":false,"footnotes":""},"categories":[4],"tags":[],"class_list":["post-5904","post","type-post","status-publish","format-standard","has-post-thumbnail","hentry","category-musica"],"_links":{"self":[{"href":"https:\/\/entrenotasyacordes.com\/index.php?rest_route=\/wp\/v2\/posts\/5904","targetHints":{"allow":["GET"]}}],"collection":[{"href":"https:\/\/entrenotasyacordes.com\/index.php?rest_route=\/wp\/v2\/posts"}],"about":[{"href":"https:\/\/entrenotasyacordes.com\/index.php?rest_route=\/wp\/v2\/types\/post"}],"author":[{"embeddable":true,"href":"https:\/\/entrenotasyacordes.com\/index.php?rest_route=\/wp\/v2\/users\/5"}],"replies":[{"embeddable":true,"href":"https:\/\/entrenotasyacordes.com\/index.php?rest_route=%2Fwp%2Fv2%2Fcomments&post=5904"}],"version-history":[{"count":2,"href":"https:\/\/entrenotasyacordes.com\/index.php?rest_route=\/wp\/v2\/posts\/5904\/revisions"}],"predecessor-version":[{"id":5907,"href":"https:\/\/entrenotasyacordes.com\/index.php?rest_route=\/wp\/v2\/posts\/5904\/revisions\/5907"}],"wp:featuredmedia":[{"embeddable":true,"href":"https:\/\/entrenotasyacordes.com\/index.php?rest_route=\/wp\/v2\/media\/5905"}],"wp:attachment":[{"href":"https:\/\/entrenotasyacordes.com\/index.php?rest_route=%2Fwp%2Fv2%2Fmedia&parent=5904"}],"wp:term":[{"taxonomy":"category","embeddable":true,"href":"https:\/\/entrenotasyacordes.com\/index.php?rest_route=%2Fwp%2Fv2%2Fcategories&post=5904"},{"taxonomy":"post_tag","embeddable":true,"href":"https:\/\/entrenotasyacordes.com\/index.php?rest_route=%2Fwp%2Fv2%2Ftags&post=5904"}],"curies":[{"name":"wp","href":"https:\/\/api.w.org\/{rel}","templated":true}]}}