{"id":6017,"date":"2024-03-22T12:13:50","date_gmt":"2024-03-22T12:13:50","guid":{"rendered":"https:\/\/entrenotasyacordes.com\/?p=6017"},"modified":"2024-03-22T12:13:51","modified_gmt":"2024-03-22T12:13:51","slug":"teresa-parodi-retrato-de-familia","status":"publish","type":"post","link":"https:\/\/entrenotasyacordes.com\/?p=6017","title":{"rendered":"TERESA PARODI RETRATO DE FAMILIA"},"content":{"rendered":"\n<p class=\"has-black-color has-text-color has-link-color wp-elements-c365674a8ba9fddc4e3820e301029a12\"><strong>S\u00e1bados 15, 22 y 29 de Junio<\/strong><\/p>\n\n\n\n<!--more-->\n\n\n\n<p class=\"has-black-color has-text-color has-link-color wp-elements-8f65cb139cd93c263db9f28dcf64ce8c\"><strong>Localidades en venta en Torquato\u00a0Tasso <strong>y por\u00a0<a href=\"https:\/\/click.emails.sonymusicfans.com\/?qs=d794b51204f3ebd01da5495da1757d1345e4b2af6631d3566dd7355d93a16369d58f2ad1918d2a7612079d1482dbe8e73ef762cdb3637b61\">PASSLINE<\/a><\/strong><\/strong><\/p>\n\n\n\n<div style=\"height:19px\" aria-hidden=\"true\" class=\"wp-block-spacer\"><\/div>\n\n\n\n<p class=\"has-black-color has-text-color has-link-color wp-elements-a0cf4cd60370fd7553191d30ef58b49e\"><em>Elijo presentar mi \u00faltimo disco \u00abRetrato de familia\u00bb en el querido Torquato Tasso porque busco la complicidad de la cercan\u00eda. Este lugar tan importante para nuestra m\u00fasica popular ahora me abre sus puertas para llevar a cabo un ciclo especial en el que participar\u00e1n artistas invitados que forman parte del disco.<\/em><\/p>\n\n\n\n<div style=\"height:19px\" aria-hidden=\"true\" class=\"wp-block-spacer\"><\/div>\n\n\n\n<p class=\"has-black-color has-text-color has-link-color wp-elements-ccb28b96558acb3dc7b018e54c228b12\"><em>Mis canciones apelan a una memoria que hemos construido en comunidad afectiva y celebrante. Siento que tengo mucho para decir todav\u00eda y por eso el convite. Tenderemos puentes amorosos desde el escenario y los cruzaremos con ilusi\u00f3n y alegr\u00eda buscando el abrazo reparador tan necesario para seguir adelante en estos dif\u00edciles d\u00edas.<\/em><\/p>\n\n\n\n<div style=\"height:19px\" aria-hidden=\"true\" class=\"wp-block-spacer\"><\/div>\n\n\n\n<p class=\"has-black-color has-text-color has-link-color wp-elements-94c63423f646812dd28125e7c6388e53\"><strong>Teresa&nbsp;<\/strong><\/p>\n\n\n\n<div style=\"height:19px\" aria-hidden=\"true\" class=\"wp-block-spacer\"><\/div>\n\n\n\n<figure class=\"wp-block-image size-full\"><img loading=\"lazy\" decoding=\"async\" width=\"1024\" height=\"1024\" src=\"https:\/\/entrenotasyacordes.com\/wp-content\/uploads\/2024\/03\/438badfe-9d75-4bb9-8d1c-7562a0de0b90.jpg\" alt=\"\" class=\"wp-image-6018\" srcset=\"https:\/\/entrenotasyacordes.com\/wp-content\/uploads\/2024\/03\/438badfe-9d75-4bb9-8d1c-7562a0de0b90.jpg 1024w, https:\/\/entrenotasyacordes.com\/wp-content\/uploads\/2024\/03\/438badfe-9d75-4bb9-8d1c-7562a0de0b90-300x300.jpg 300w, https:\/\/entrenotasyacordes.com\/wp-content\/uploads\/2024\/03\/438badfe-9d75-4bb9-8d1c-7562a0de0b90-150x150.jpg 150w, https:\/\/entrenotasyacordes.com\/wp-content\/uploads\/2024\/03\/438badfe-9d75-4bb9-8d1c-7562a0de0b90-768x768.jpg 768w, https:\/\/entrenotasyacordes.com\/wp-content\/uploads\/2024\/03\/438badfe-9d75-4bb9-8d1c-7562a0de0b90-50x50.jpg 50w\" sizes=\"auto, (max-width: 1024px) 100vw, 1024px\" \/><\/figure>\n\n\n\n<div style=\"height:19px\" aria-hidden=\"true\" class=\"wp-block-spacer\"><\/div>\n\n\n\n<p class=\"has-black-color has-text-color has-link-color wp-elements-d582942b4103c82399c671a0eb293e86\"><strong>ACERCA DE RETRATRO DE FAMILIA<\/strong><\/p>\n\n\n\n<div style=\"height:19px\" aria-hidden=\"true\" class=\"wp-block-spacer\"><\/div>\n\n\n\n<p class=\"has-black-color has-text-color has-link-color wp-elements-a6a26d1bb4d2e00e4e599904efc2fb6b\">\u201cLas reuniones familiares son esos estallidos, a veces hechos de silencio, donde encontramos refugio. En nuestro caso, siempre est\u00e1 ese momento sagrado en el que aparecen las guitarras y nos ponemos a cantar. La m\u00fasica es el retrato de nuestra familia; atraves\u00f3 generaciones, se volc\u00f3 hacia distintas formas, pero es sin duda nuestro lenguaje com\u00fan, el idioma en el que hacemos pie. Retrato de familia es m\u00e1s que un disco para m\u00ed: es un encuentro circular entre mis canciones, mis hijos, nietas, nietos y todas las personas amorosas que hacen posible mi m\u00fasica y que por eso tambi\u00e9n son mi familia.\u201d<\/p>\n\n\n\n<div style=\"height:19px\" aria-hidden=\"true\" class=\"wp-block-spacer\"><\/div>\n\n\n\n<p class=\"has-black-color has-text-color has-link-color wp-elements-d10b954f3a3389a72d0f6b2d08c24ebf\">\u201cLunas que besan r\u00edos, aromas que llegan para prohibirnos olvidar, selvas resistiendo, tristezas despiertas, p\u00e1jaros como banderas, nuestra patria quit\u00e1ndose el barro de la piel. Las im\u00e1genes que re\u00fane el \u00e1lbum son las que viven desde siempre en mi escritura, hurgan en los cielos de anta\u00f1o para se\u00f1alar el presente y me reafirman social, ideol\u00f3gica, po\u00e9tica y musicalmente.<\/p>\n\n\n\n<div style=\"height:19px\" aria-hidden=\"true\" class=\"wp-block-spacer\"><\/div>\n\n\n\n<p class=\"has-black-color has-text-color has-link-color wp-elements-e060cb7b5da948fb3b3e05bc8b491a37\">Cada canci\u00f3n encontr\u00f3 su lugar en el disco de manera natural. Algunas, como \u201cCantiga para Dominga\u201d (inspirada en una mujer que luchaba contra sus penas), surgieron de experiencias vividas, mientras que otras, como \u201cPaisaje\u201d, brotaron de manera casi espont\u00e1nea, como estampidos de letra y melod\u00eda que irrumpieron y los dej\u00e9 hacer.<\/p>\n\n\n\n<div style=\"height:19px\" aria-hidden=\"true\" class=\"wp-block-spacer\"><\/div>\n\n\n\n<p class=\"has-black-color has-text-color has-link-color wp-elements-db4c2f558e4f58e4e8579cf8f9669679\">\u201cAlguna vez le\u00ed que lo que no se da, se pierde. En Retrato de familia insisto en seguir dando, para que el viento lleve lejos las voces, para que mis letras atraviesen tiempos, paisajes y acaricien a otras familias, para que la m\u00fasica sea siempre el lugar m\u00e1s verdadero para encontrarnos.\u201d<\/p>\n\n\n\n<div style=\"height:19px\" aria-hidden=\"true\" class=\"wp-block-spacer\"><\/div>\n","protected":false},"excerpt":{"rendered":"<p>S\u00e1bados 15, 22 y 29 de Junio<\/p>\n","protected":false},"author":5,"featured_media":6019,"comment_status":"open","ping_status":"open","sticky":false,"template":"","format":"standard","meta":{"om_disable_all_campaigns":false,"_uf_show_specific_survey":0,"_uf_disable_surveys":false,"footnotes":""},"categories":[36],"tags":[],"class_list":["post-6017","post","type-post","status-publish","format-standard","has-post-thumbnail","hentry","category-conciertos"],"_links":{"self":[{"href":"https:\/\/entrenotasyacordes.com\/index.php?rest_route=\/wp\/v2\/posts\/6017","targetHints":{"allow":["GET"]}}],"collection":[{"href":"https:\/\/entrenotasyacordes.com\/index.php?rest_route=\/wp\/v2\/posts"}],"about":[{"href":"https:\/\/entrenotasyacordes.com\/index.php?rest_route=\/wp\/v2\/types\/post"}],"author":[{"embeddable":true,"href":"https:\/\/entrenotasyacordes.com\/index.php?rest_route=\/wp\/v2\/users\/5"}],"replies":[{"embeddable":true,"href":"https:\/\/entrenotasyacordes.com\/index.php?rest_route=%2Fwp%2Fv2%2Fcomments&post=6017"}],"version-history":[{"count":1,"href":"https:\/\/entrenotasyacordes.com\/index.php?rest_route=\/wp\/v2\/posts\/6017\/revisions"}],"predecessor-version":[{"id":6020,"href":"https:\/\/entrenotasyacordes.com\/index.php?rest_route=\/wp\/v2\/posts\/6017\/revisions\/6020"}],"wp:featuredmedia":[{"embeddable":true,"href":"https:\/\/entrenotasyacordes.com\/index.php?rest_route=\/wp\/v2\/media\/6019"}],"wp:attachment":[{"href":"https:\/\/entrenotasyacordes.com\/index.php?rest_route=%2Fwp%2Fv2%2Fmedia&parent=6017"}],"wp:term":[{"taxonomy":"category","embeddable":true,"href":"https:\/\/entrenotasyacordes.com\/index.php?rest_route=%2Fwp%2Fv2%2Fcategories&post=6017"},{"taxonomy":"post_tag","embeddable":true,"href":"https:\/\/entrenotasyacordes.com\/index.php?rest_route=%2Fwp%2Fv2%2Ftags&post=6017"}],"curies":[{"name":"wp","href":"https:\/\/api.w.org\/{rel}","templated":true}]}}