{"id":6021,"date":"2024-03-22T12:16:21","date_gmt":"2024-03-22T12:16:21","guid":{"rendered":"https:\/\/entrenotasyacordes.com\/?p=6021"},"modified":"2024-03-22T12:16:23","modified_gmt":"2024-03-22T12:16:23","slug":"koino-yokan-2","status":"publish","type":"post","link":"https:\/\/entrenotasyacordes.com\/?p=6021","title":{"rendered":"KOINO YOKAN"},"content":{"rendered":"\n<p class=\"has-black-color has-text-color has-link-color wp-elements-cf636d7bda72958abbc5ad253344ea96\">REGRESA AL TEATRO \u00d3PERA LA PLATA<\/p>\n\n\n\n<!--more-->\n\n\n\n<p class=\"has-black-color has-text-color has-link-color wp-elements-7b5ad8fce1465c683ce2c944168c3f8c\"><strong>Koino\u00a0Yokan el d\u00fao revelaci\u00f3n pop rock de la escena actual regresa al Teatro \u00d3pera La Plata, la cita ser\u00e1 el s\u00e1bado 6 de abril &#8211; 20hs. Las entradas anticipadas ya se encuentran a la venta por sistema\u00a0<a href=\"https:\/\/livepass.com.ar\/events\/koino-yokan-en-el-teatro-opera-lp-06-04\" target=\"_blank\" rel=\"noreferrer noopener\">Livepass<\/a>\u00a0y boleter\u00eda del teatro.<\/strong><br><strong>Con\u00a0Banco Provinciaten\u00e9s 4 cuotas sin inter\u00e9s con tarjetas Visa y Mastercard.<\/strong><\/p>\n\n\n\n<div style=\"height:17px\" aria-hidden=\"true\" class=\"wp-block-spacer\"><\/div>\n\n\n\n<figure class=\"wp-block-image size-large\"><img loading=\"lazy\" decoding=\"async\" width=\"1024\" height=\"684\" src=\"https:\/\/entrenotasyacordes.com\/wp-content\/uploads\/2024\/03\/8431b58d-ca71-1846-f054-d33de1ae8379-1024x684.jpg\" alt=\"\" class=\"wp-image-6022\" srcset=\"https:\/\/entrenotasyacordes.com\/wp-content\/uploads\/2024\/03\/8431b58d-ca71-1846-f054-d33de1ae8379-1024x684.jpg 1024w, https:\/\/entrenotasyacordes.com\/wp-content\/uploads\/2024\/03\/8431b58d-ca71-1846-f054-d33de1ae8379-300x200.jpg 300w, https:\/\/entrenotasyacordes.com\/wp-content\/uploads\/2024\/03\/8431b58d-ca71-1846-f054-d33de1ae8379-768x513.jpg 768w, https:\/\/entrenotasyacordes.com\/wp-content\/uploads\/2024\/03\/8431b58d-ca71-1846-f054-d33de1ae8379-1536x1026.jpg 1536w, https:\/\/entrenotasyacordes.com\/wp-content\/uploads\/2024\/03\/8431b58d-ca71-1846-f054-d33de1ae8379-2048x1368.jpg 2048w\" sizes=\"auto, (max-width: 1024px) 100vw, 1024px\" \/><\/figure>\n\n\n\n<div style=\"height:17px\" aria-hidden=\"true\" class=\"wp-block-spacer\"><\/div>\n\n\n\n<p class=\"has-black-color has-text-color has-link-color wp-elements-cbe31dad78bb9aee327904b4bb1ed969\">Con m\u00e1s de 100 millones de vistas en sus videos y 50 millones de streams en sus canciones, han consolidado una marca imborrable en la industria musical. Desde el lanzamiento de su primer \u00e1lbum \u00abLo que ayer call\u00e9\u00bb, en 2021, hasta la\u00a0conquista\u00a0de los rankings virales de Argentina y Uruguay en 2022 con 8 sencillos,\u00a0Koino\u00a0Yokan demostr\u00f3 su dominio en el mundo digital. La gran conexi\u00f3n con su p\u00fablico los llev\u00f3 a cada rinc\u00f3n de la Argentina y a varios pa\u00edses de Latinoam\u00e9rica. Su gira por Argentina y Uruguay en 2022, que culmin\u00f3 con un espect\u00e1culo ante 2000 personas en el Complejo C de Buenos Aires, es solo una muestra del acompa\u00f1amiento que demuestran sus fans en cada recital. El 2023 fue un a\u00f1o significativo marcado por tres actuaciones agotadas en el Teatro Vorterix y muchos shows en diversas ciudades. El 9 de noviembre,\u00a0Koino\u00a0Yokan lleg\u00f3 por primera vez al m\u00edtico Teatro Gran Rex, consolid\u00e1ndose entre el mainstream de la escena musical actual luego de agotar las localidades. En 2024 fue parte del Cosqu\u00edn Rock, y tambi\u00e9n lo\u00a0sera\u00a0del Baradero Rock, Lollapalooza y Festival\u00a0Sat\u00e9lite<\/p>\n\n\n\n<div style=\"height:17px\" aria-hidden=\"true\" class=\"wp-block-spacer\"><\/div>\n","protected":false},"excerpt":{"rendered":"<p>REGRESA AL TEATRO \u00d3PERA LA PLATA<\/p>\n","protected":false},"author":5,"featured_media":6023,"comment_status":"open","ping_status":"open","sticky":false,"template":"","format":"standard","meta":{"om_disable_all_campaigns":false,"_uf_show_specific_survey":0,"_uf_disable_surveys":false,"footnotes":""},"categories":[36],"tags":[],"class_list":["post-6021","post","type-post","status-publish","format-standard","has-post-thumbnail","hentry","category-conciertos"],"_links":{"self":[{"href":"https:\/\/entrenotasyacordes.com\/index.php?rest_route=\/wp\/v2\/posts\/6021","targetHints":{"allow":["GET"]}}],"collection":[{"href":"https:\/\/entrenotasyacordes.com\/index.php?rest_route=\/wp\/v2\/posts"}],"about":[{"href":"https:\/\/entrenotasyacordes.com\/index.php?rest_route=\/wp\/v2\/types\/post"}],"author":[{"embeddable":true,"href":"https:\/\/entrenotasyacordes.com\/index.php?rest_route=\/wp\/v2\/users\/5"}],"replies":[{"embeddable":true,"href":"https:\/\/entrenotasyacordes.com\/index.php?rest_route=%2Fwp%2Fv2%2Fcomments&post=6021"}],"version-history":[{"count":2,"href":"https:\/\/entrenotasyacordes.com\/index.php?rest_route=\/wp\/v2\/posts\/6021\/revisions"}],"predecessor-version":[{"id":6025,"href":"https:\/\/entrenotasyacordes.com\/index.php?rest_route=\/wp\/v2\/posts\/6021\/revisions\/6025"}],"wp:featuredmedia":[{"embeddable":true,"href":"https:\/\/entrenotasyacordes.com\/index.php?rest_route=\/wp\/v2\/media\/6023"}],"wp:attachment":[{"href":"https:\/\/entrenotasyacordes.com\/index.php?rest_route=%2Fwp%2Fv2%2Fmedia&parent=6021"}],"wp:term":[{"taxonomy":"category","embeddable":true,"href":"https:\/\/entrenotasyacordes.com\/index.php?rest_route=%2Fwp%2Fv2%2Fcategories&post=6021"},{"taxonomy":"post_tag","embeddable":true,"href":"https:\/\/entrenotasyacordes.com\/index.php?rest_route=%2Fwp%2Fv2%2Ftags&post=6021"}],"curies":[{"name":"wp","href":"https:\/\/api.w.org\/{rel}","templated":true}]}}