{"id":6026,"date":"2024-03-19T12:17:00","date_gmt":"2024-03-19T12:17:00","guid":{"rendered":"https:\/\/entrenotasyacordes.com\/?p=6026"},"modified":"2024-03-22T12:26:31","modified_gmt":"2024-03-22T12:26:31","slug":"pedro-capo-estrena-existo-junto-a-carin-leon","status":"publish","type":"post","link":"https:\/\/entrenotasyacordes.com\/?p=6026","title":{"rendered":"PEDRO CAP\u00d3 ESTRENA \u201cEXISTO\u201d JUNTO A CARIN LE\u00d3N"},"content":{"rendered":"\n<!--more-->\n\n\n\n<figure class=\"wp-block-embed is-type-video is-provider-youtube wp-block-embed-youtube wp-embed-aspect-16-9 wp-has-aspect-ratio\"><div class=\"wp-block-embed__wrapper\">\n<div class=\"epyt-video-wrapper\"><iframe loading=\"lazy\"  id=\"_ytid_26827\"  width=\"640\" height=\"360\"  data-origwidth=\"640\" data-origheight=\"360\" src=\"https:\/\/www.youtube.com\/embed\/smmAU4i1QtI?enablejsapi=1&#038;autoplay=0&#038;cc_load_policy=0&#038;cc_lang_pref=&#038;iv_load_policy=1&#038;loop=0&#038;rel=1&#038;fs=1&#038;playsinline=0&#038;autohide=2&#038;theme=dark&#038;color=white&#038;controls=1&#038;\" class=\"__youtube_prefs__  epyt-is-override  no-lazyload\" data-vol=\"50\"  title=\"YouTube player\"  allow=\"fullscreen; accelerometer; autoplay; clipboard-write; encrypted-media; gyroscope; picture-in-picture; web-share\" referrerpolicy=\"strict-origin-when-cross-origin\" allowfullscreen data-no-lazy=\"1\" data-skipgform_ajax_framebjll=\"\"><\/iframe><\/div>\n<\/div><\/figure>\n\n\n\n<div style=\"height:24px\" aria-hidden=\"true\" class=\"wp-block-spacer\"><\/div>\n\n\n\n<p class=\"has-black-color has-text-color has-link-color wp-elements-91ff86f2a44523aa31f05aa6463ee828\"><strong>PEDRO CAP\u00d3 TOUR 2024<\/strong><\/p>\n\n\n\n<div style=\"height:24px\" aria-hidden=\"true\" class=\"wp-block-spacer\"><\/div>\n\n\n\n<p class=\"has-black-color has-text-color has-link-color wp-elements-0221ec55f4bb945981241fd64f2894ba\">24 DE MAYO | MAGNOLIO SALA | MONTEVIDEO<\/p>\n\n\n\n<p class=\"has-black-color has-text-color has-link-color wp-elements-d57a3d3c023d73a5190005350e5e7acc\">30 DE MAYO | ESPACIO QUALITY | C\u00d3RDOBA<\/p>\n\n\n\n<p class=\"has-black-color has-text-color has-link-color wp-elements-6bc1d081f86a4e3919ec5359a44cb7df\">31 DE MAYO | SALA DE LAS ARTES | ROSARIO<\/p>\n\n\n\n<p class=\"has-black-color has-text-color has-link-color wp-elements-bafeb7ea7878f3ff2187f1426257feb8\">1 DE JUNIO | TEATRO \u00d3PERA | BUENOS AIRES<br>&nbsp;<\/p>\n\n\n\n<div style=\"height:24px\" aria-hidden=\"true\" class=\"wp-block-spacer\"><\/div>\n\n\n\n<p class=\"has-black-color has-text-color has-link-color wp-elements-b3d1ea23bacc685377132162516b6a50\"><strong>Pedro Cap\u00f3<\/strong>&nbsp;y&nbsp;<strong>Carin Le\u00f3n&nbsp;<\/strong>se unen por primera vez en una colaboraci\u00f3n musical sin precedentes para el lanzamiento de su nuevo tema,&nbsp;<strong>\u201cExisto\u201d<\/strong>, que formar\u00e1 parte del pr\u00f3ximo \u00e1lbum de estudio del cantautor puertorrique\u00f1o y que, desde hoy, est\u00e1 disponible en todas las plataformas digitales.<br>&nbsp;<\/p>\n\n\n\n<div style=\"height:24px\" aria-hidden=\"true\" class=\"wp-block-spacer\"><\/div>\n\n\n\n<p class=\"has-black-color has-text-color has-link-color wp-elements-26781b888476ab55dc71113277731718\">Este proyecto \u00fanico, desarrollado inicialmente de manera natural y muy org\u00e1nica durante la conferencia \u201cMaking the hit LIVE\u201d en la semana de la m\u00fasica latina de Billboard en Miami, busca destacar un tributo a la fortaleza innata del ser humano.<\/p>\n\n\n\n<div style=\"height:24px\" aria-hidden=\"true\" class=\"wp-block-spacer\"><\/div>\n\n\n\n<p class=\"has-black-color has-text-color has-link-color wp-elements-4cf6889e2c106ee3a34d3037a000f7b5\">Con un estribillo contundente que pregunta, \u201c\u00bfc\u00f3mo no voy a ser exitoso, si existo?\u201d, la canci\u00f3n se posiciona como un resalte a la resiliencia y el empoderamiento del ser humano en medio de la adversidad, basada en las experiencias reales de ambos cantantes. El sencillo captura la esencia de aquellos que han enfrentado cr\u00edticas y rechazo social, ofreciendo un mensaje inspirador de superaci\u00f3n, en la b\u00fasqueda constante de la realizaci\u00f3n humana.<\/p>\n\n\n\n<div style=\"height:24px\" aria-hidden=\"true\" class=\"wp-block-spacer\"><\/div>\n\n\n\n<figure class=\"wp-block-image size-large\"><img loading=\"lazy\" decoding=\"async\" width=\"1024\" height=\"1024\" src=\"https:\/\/entrenotasyacordes.com\/wp-content\/uploads\/2024\/03\/existo-promo-2-1-1024x1024.jpg\" alt=\"\" class=\"wp-image-6028\" srcset=\"https:\/\/entrenotasyacordes.com\/wp-content\/uploads\/2024\/03\/existo-promo-2-1-1024x1024.jpg 1024w, https:\/\/entrenotasyacordes.com\/wp-content\/uploads\/2024\/03\/existo-promo-2-1-300x300.jpg 300w, https:\/\/entrenotasyacordes.com\/wp-content\/uploads\/2024\/03\/existo-promo-2-1-150x150.jpg 150w, https:\/\/entrenotasyacordes.com\/wp-content\/uploads\/2024\/03\/existo-promo-2-1-768x768.jpg 768w, https:\/\/entrenotasyacordes.com\/wp-content\/uploads\/2024\/03\/existo-promo-2-1-1536x1536.jpg 1536w, https:\/\/entrenotasyacordes.com\/wp-content\/uploads\/2024\/03\/existo-promo-2-1-2048x2048.jpg 2048w, https:\/\/entrenotasyacordes.com\/wp-content\/uploads\/2024\/03\/existo-promo-2-1-50x50.jpg 50w\" sizes=\"auto, (max-width: 1024px) 100vw, 1024px\" \/><\/figure>\n\n\n\n<div style=\"height:24px\" aria-hidden=\"true\" class=\"wp-block-spacer\"><\/div>\n\n\n\n<p class=\"has-black-color has-text-color has-link-color wp-elements-670715039e3e5aa234c125a9bc6cf503\"><em>\u201cEste proyecto va m\u00e1s all\u00e1 de la m\u00fasica; es un testimonio de la fortaleza que todos llevamos dentro. \u2018Existo\u2019 es un recordatorio de que nuestra existencia es poderosa, incluso en los momentos m\u00e1s desafiantes y creo que la mejor prueba es la forma en que este tema se dio. Yo admiro y respeto demasiado a Carin Le\u00f3n y estaba loco por hacer algo juntos\u201d<\/em>, cont\u00f3 Pedro Cap\u00f3.<\/p>\n\n\n\n<div style=\"height:24px\" aria-hidden=\"true\" class=\"wp-block-spacer\"><\/div>\n\n\n\n<p class=\"has-black-color has-text-color has-link-color wp-elements-d83f9eb221940cf904426ee6c5855cba\">El video musical oficial acompa\u00f1a el lanzamiento, proporcionando una mirada \u00edntima a la sesi\u00f3n de grabaci\u00f3n donde la magia de&nbsp;<em>\u201cExisto\u201d&nbsp;<\/em>cobr\u00f3 vida de manera oficial. Desde la improvisaci\u00f3n inicial hasta la materializaci\u00f3n del tema, el video refleja la autenticidad y la conexi\u00f3n org\u00e1nica entre los talentos indudables de Pedro Cap\u00f3 y Carin Le\u00f3n.<\/p>\n\n\n\n<div style=\"height:24px\" aria-hidden=\"true\" class=\"wp-block-spacer\"><\/div>\n\n\n\n<figure class=\"wp-block-image size-full\"><img loading=\"lazy\" decoding=\"async\" width=\"600\" height=\"600\" src=\"https:\/\/entrenotasyacordes.com\/wp-content\/uploads\/2024\/03\/h5l15iYHErXo.jpg\" alt=\"\" class=\"wp-image-6029\" srcset=\"https:\/\/entrenotasyacordes.com\/wp-content\/uploads\/2024\/03\/h5l15iYHErXo.jpg 600w, https:\/\/entrenotasyacordes.com\/wp-content\/uploads\/2024\/03\/h5l15iYHErXo-300x300.jpg 300w, https:\/\/entrenotasyacordes.com\/wp-content\/uploads\/2024\/03\/h5l15iYHErXo-150x150.jpg 150w, https:\/\/entrenotasyacordes.com\/wp-content\/uploads\/2024\/03\/h5l15iYHErXo-50x50.jpg 50w\" sizes=\"auto, (max-width: 600px) 100vw, 600px\" \/><\/figure>\n","protected":false},"excerpt":{"rendered":"","protected":false},"author":5,"featured_media":6030,"comment_status":"open","ping_status":"open","sticky":false,"template":"","format":"standard","meta":{"om_disable_all_campaigns":false,"_uf_show_specific_survey":0,"_uf_disable_surveys":false,"footnotes":""},"categories":[4],"tags":[],"class_list":["post-6026","post","type-post","status-publish","format-standard","has-post-thumbnail","hentry","category-musica"],"_links":{"self":[{"href":"https:\/\/entrenotasyacordes.com\/index.php?rest_route=\/wp\/v2\/posts\/6026","targetHints":{"allow":["GET"]}}],"collection":[{"href":"https:\/\/entrenotasyacordes.com\/index.php?rest_route=\/wp\/v2\/posts"}],"about":[{"href":"https:\/\/entrenotasyacordes.com\/index.php?rest_route=\/wp\/v2\/types\/post"}],"author":[{"embeddable":true,"href":"https:\/\/entrenotasyacordes.com\/index.php?rest_route=\/wp\/v2\/users\/5"}],"replies":[{"embeddable":true,"href":"https:\/\/entrenotasyacordes.com\/index.php?rest_route=%2Fwp%2Fv2%2Fcomments&post=6026"}],"version-history":[{"count":1,"href":"https:\/\/entrenotasyacordes.com\/index.php?rest_route=\/wp\/v2\/posts\/6026\/revisions"}],"predecessor-version":[{"id":6031,"href":"https:\/\/entrenotasyacordes.com\/index.php?rest_route=\/wp\/v2\/posts\/6026\/revisions\/6031"}],"wp:featuredmedia":[{"embeddable":true,"href":"https:\/\/entrenotasyacordes.com\/index.php?rest_route=\/wp\/v2\/media\/6030"}],"wp:attachment":[{"href":"https:\/\/entrenotasyacordes.com\/index.php?rest_route=%2Fwp%2Fv2%2Fmedia&parent=6026"}],"wp:term":[{"taxonomy":"category","embeddable":true,"href":"https:\/\/entrenotasyacordes.com\/index.php?rest_route=%2Fwp%2Fv2%2Fcategories&post=6026"},{"taxonomy":"post_tag","embeddable":true,"href":"https:\/\/entrenotasyacordes.com\/index.php?rest_route=%2Fwp%2Fv2%2Ftags&post=6026"}],"curies":[{"name":"wp","href":"https:\/\/api.w.org\/{rel}","templated":true}]}}