{"id":6068,"date":"2024-03-22T15:00:31","date_gmt":"2024-03-22T15:00:31","guid":{"rendered":"https:\/\/entrenotasyacordes.com\/?p=6068"},"modified":"2024-03-22T15:00:32","modified_gmt":"2024-03-22T15:00:32","slug":"cacciatore","status":"publish","type":"post","link":"https:\/\/entrenotasyacordes.com\/?p=6068","title":{"rendered":"CACCIATORE"},"content":{"rendered":"\n<p class=\"has-black-color has-text-color has-link-color wp-elements-c0c8583b4078d7376ffb6667a4b720f0\">Presenta single adelanto de su pr\u00f3ximo disco\u00a0\u00b7Contraviento\u00b7<\/p>\n\n\n\n<!--more-->\n\n\n\n<figure class=\"wp-block-embed is-type-rich is-provider-spotify wp-block-embed-spotify wp-embed-aspect-21-9 wp-has-aspect-ratio\"><div class=\"wp-block-embed__wrapper\">\n<iframe title=\"Spotify Embed: Contraviento\" style=\"border-radius: 12px\" width=\"100%\" height=\"352\" frameborder=\"0\" allowfullscreen allow=\"autoplay; clipboard-write; encrypted-media; fullscreen; picture-in-picture\" loading=\"lazy\" src=\"https:\/\/open.spotify.com\/embed\/album\/6KZVFUnjbWC8KVeDMuZ4j8?si=Y-AxqQA1TUKKmHyAd9riGA&#038;utm_source=oembed&#038;utm_admin=86415&#038;utm_medium=email&#038;utm_campaign=CACCIATORE_presenta_Contraviento_nuevo_single_adelanto_de_su_disco&#038;nd=1&#038;dlsi=64614eef0f7e4fd7\"><\/iframe>\n<\/div><\/figure>\n\n\n\n<p class=\"has-black-color has-text-color has-link-color wp-elements-815f40a5811898210da9a24ba2a5a5f6\"><br><strong>Cacciatore\u00a0<\/strong>es un\u00a0<strong>artista, m\u00fasico y compositor independiente<\/strong>\u00a0que forma parte de la escena uruguaya del\u00a0<strong>pop y el rock<\/strong>\u00a0desde 2006. En su trabajo,<strong>\u00a0recorre paisajes sonoros que oscilan entre el synth pop,\u00a0<em>electrorock<\/em>, dream pop e\u00a0<em>indielectro.\u00a0<\/em><\/strong><\/p>\n\n\n\n<div style=\"height:12px\" aria-hidden=\"true\" class=\"wp-block-spacer\"><\/div>\n\n\n\n<p class=\"has-black-color has-text-color has-link-color wp-elements-5a967d77a506bc1c283f9afcf0cdc7af\">\u00b7<strong>Contraviento<\/strong>\u00b7 podr\u00eda definirse como un tema\u00a0<strong>pop progresivo<\/strong>, ya que no tiene la estructura convencional de una canci\u00f3n pop.\u00a0Es un viaje musical de distintas partes que van evolucionando hasta llegar a un\u00a0<strong>cl\u00edmax de ambientes y voces<\/strong>. El estribillo se\u00a0repite y\u00a0<strong>unifica guitarras dream poperas, piano ac\u00fastico, capas de sintetizadores y armon\u00edas vocales.<\/strong><br>\u00b7<strong>Contraviento<\/strong>\u00b7 es el cuarto single del nuevo disco y es una aventura rica de sonidos e im\u00e1genes.<\/p>\n\n\n\n<div style=\"height:12px\" aria-hidden=\"true\" class=\"wp-block-spacer\"><\/div>\n\n\n\n<figure class=\"wp-block-embed is-type-video is-provider-youtube wp-block-embed-youtube wp-embed-aspect-16-9 wp-has-aspect-ratio\"><div class=\"wp-block-embed__wrapper\">\n<div class=\"epyt-video-wrapper\"><iframe loading=\"lazy\"  id=\"_ytid_36971\"  width=\"640\" height=\"360\"  data-origwidth=\"640\" data-origheight=\"360\" src=\"https:\/\/www.youtube.com\/embed\/JYvSgEZ7tKY?enablejsapi=1&#038;autoplay=0&#038;cc_load_policy=0&#038;cc_lang_pref=&#038;iv_load_policy=1&#038;loop=0&#038;rel=1&#038;fs=1&#038;playsinline=0&#038;autohide=2&#038;theme=dark&#038;color=white&#038;controls=1&#038;\" class=\"__youtube_prefs__  epyt-is-override  no-lazyload\" data-vol=\"50\"  title=\"YouTube player\"  allow=\"fullscreen; accelerometer; autoplay; clipboard-write; encrypted-media; gyroscope; picture-in-picture; web-share\" referrerpolicy=\"strict-origin-when-cross-origin\" allowfullscreen data-no-lazy=\"1\" data-skipgform_ajax_framebjll=\"\"><\/iframe><\/div>\n<\/div><\/figure>\n\n\n\n<div style=\"height:12px\" aria-hidden=\"true\" class=\"wp-block-spacer\"><\/div>\n\n\n\n<p class=\"has-black-color has-text-color has-link-color wp-elements-e8b02a35af99fe3fad927a77349b7b0a\">El videoclip, ambientado en\u00a0<strong>un desierto on\u00edrico<\/strong>, plantea\u00a0<strong>una din\u00e1mica de sue\u00f1o en su ritmo narrativo y poes\u00eda visual<\/strong>. La historia se mueve por las dunas con un viento en contra y un gran peso que llevar, hasta encontrarse con la liviandad, la intuici\u00f3n y la libertad.<\/p>\n\n\n\n<div style=\"height:16px\" aria-hidden=\"true\" class=\"wp-block-spacer\"><\/div>\n\n\n\n<p class=\"has-black-color has-text-color has-link-color wp-elements-2ce7069e27b7650d5a099ca9870acf5d\">Dirigido por\u00a0<strong>Vicky Torres<\/strong>\u00a0y producido por\u00a0<strong>Cacciatore<\/strong>, fue filmado en dos d\u00edas de diciembre de 2022 en\u00a0<strong>Valizas, Rocha,\u00a0<\/strong>con un peque\u00f1o equipo de rodaje atravesando el agua y el viento con arena.\u00a0<\/p>\n\n\n\n<div style=\"height:16px\" aria-hidden=\"true\" class=\"wp-block-spacer\"><\/div>\n\n\n\n<p class=\"has-black-color has-text-color has-link-color wp-elements-a43f47f26fac2fda4951f6c851cbc932\"><br><strong>Ficha t\u00e9cnica&nbsp;<\/strong><br>\u261b \u00b7<strong>Contraviento\u00b7<\/strong>&nbsp;fue grabada y producida por&nbsp;<strong><a href=\"https:\/\/86415.clicks.tstes.net\/track\/click?u=3451609&amp;p=38363431353a3832343a3730393a303a323a30&amp;s=72210738c7a4abbe243efb538ea94c00&amp;m=4697\" target=\"_blank\" rel=\"noreferrer noopener\">Nicol\u00e1s Demczylo y Cacciatore<\/a><\/strong>&nbsp;en los estudios&nbsp;<strong>Los Aliados y Monte Nogal<\/strong>, entre 2022 y 2023.&nbsp;<\/p>\n\n\n\n<div style=\"height:16px\" aria-hidden=\"true\" class=\"wp-block-spacer\"><\/div>\n\n\n\n<p class=\"has-black-color has-text-color has-link-color wp-elements-20edfa973e818a335541978bc3d06a4e\">\u261b Mezclado por&nbsp;<strong>Nicol\u00e1s Demczylo<\/strong>&nbsp;en&nbsp;<strong>Los Aliados Estudio<\/strong>&nbsp;&#8211; Masterizado por&nbsp;<strong>Precise mastering.<\/strong>&nbsp;<br>\u261b Programaci\u00f3n, sintetizadores, samples, arreglos, voz y letra:&nbsp;<strong>Cacciatore<\/strong>&nbsp;&#8211; Pad y piano:&nbsp;<strong>Ver\u00f3nica Ramos<\/strong>&nbsp;&#8211; Bajo el\u00e9ctrico y guitarra:&nbsp;<strong>Nicol\u00e1s Demczylo<\/strong>&nbsp;&#8211; Arreglo bajo:&nbsp;<strong>Pablo Mendoza<\/strong>&nbsp;&#8211; Foto de tapa:&nbsp;<strong>Nacho Far\u00edas<\/strong>&nbsp;&#8211; Arte y dise\u00f1o:&nbsp;<strong>Cacciatore<\/strong>&nbsp;&#8211; M\u00fasica y letra por&nbsp;<strong>Cacciatore.<\/strong><\/p>\n\n\n\n<div style=\"height:16px\" aria-hidden=\"true\" class=\"wp-block-spacer\"><\/div>\n\n\n\n<p><\/p>\n","protected":false},"excerpt":{"rendered":"<p>Presenta single adelanto de su pr\u00f3ximo disco\u00a0\u00b7Contraviento\u00b7<\/p>\n","protected":false},"author":5,"featured_media":6069,"comment_status":"open","ping_status":"open","sticky":false,"template":"","format":"standard","meta":{"om_disable_all_campaigns":false,"_uf_show_specific_survey":0,"_uf_disable_surveys":false,"footnotes":""},"categories":[4],"tags":[],"class_list":["post-6068","post","type-post","status-publish","format-standard","has-post-thumbnail","hentry","category-musica"],"_links":{"self":[{"href":"https:\/\/entrenotasyacordes.com\/index.php?rest_route=\/wp\/v2\/posts\/6068","targetHints":{"allow":["GET"]}}],"collection":[{"href":"https:\/\/entrenotasyacordes.com\/index.php?rest_route=\/wp\/v2\/posts"}],"about":[{"href":"https:\/\/entrenotasyacordes.com\/index.php?rest_route=\/wp\/v2\/types\/post"}],"author":[{"embeddable":true,"href":"https:\/\/entrenotasyacordes.com\/index.php?rest_route=\/wp\/v2\/users\/5"}],"replies":[{"embeddable":true,"href":"https:\/\/entrenotasyacordes.com\/index.php?rest_route=%2Fwp%2Fv2%2Fcomments&post=6068"}],"version-history":[{"count":2,"href":"https:\/\/entrenotasyacordes.com\/index.php?rest_route=\/wp\/v2\/posts\/6068\/revisions"}],"predecessor-version":[{"id":6071,"href":"https:\/\/entrenotasyacordes.com\/index.php?rest_route=\/wp\/v2\/posts\/6068\/revisions\/6071"}],"wp:featuredmedia":[{"embeddable":true,"href":"https:\/\/entrenotasyacordes.com\/index.php?rest_route=\/wp\/v2\/media\/6069"}],"wp:attachment":[{"href":"https:\/\/entrenotasyacordes.com\/index.php?rest_route=%2Fwp%2Fv2%2Fmedia&parent=6068"}],"wp:term":[{"taxonomy":"category","embeddable":true,"href":"https:\/\/entrenotasyacordes.com\/index.php?rest_route=%2Fwp%2Fv2%2Fcategories&post=6068"},{"taxonomy":"post_tag","embeddable":true,"href":"https:\/\/entrenotasyacordes.com\/index.php?rest_route=%2Fwp%2Fv2%2Ftags&post=6068"}],"curies":[{"name":"wp","href":"https:\/\/api.w.org\/{rel}","templated":true}]}}