{"id":6072,"date":"2024-03-22T15:07:23","date_gmt":"2024-03-22T15:07:23","guid":{"rendered":"https:\/\/entrenotasyacordes.com\/?p=6072"},"modified":"2024-03-22T15:07:25","modified_gmt":"2024-03-22T15:07:25","slug":"lobel-lo-que-me-hacia-bien-studio-session","status":"publish","type":"post","link":"https:\/\/entrenotasyacordes.com\/?p=6072","title":{"rendered":"LOBEL \u00abLO QUE ME HAC\u00cdA BIEN\u00bb Studio Session"},"content":{"rendered":"\n<!--more-->\n\n\n\n<figure class=\"wp-block-embed is-type-rich is-provider-spotify wp-block-embed-spotify wp-embed-aspect-21-9 wp-has-aspect-ratio\"><div class=\"wp-block-embed__wrapper\">\n<iframe title=\"Spotify Embed: Lo Que Me Hac\u00eda Bien (Studio Session)\" style=\"border-radius: 12px\" width=\"100%\" height=\"352\" frameborder=\"0\" allowfullscreen allow=\"autoplay; clipboard-write; encrypted-media; fullscreen; picture-in-picture\" loading=\"lazy\" src=\"https:\/\/open.spotify.com\/embed\/album\/7oEdIFzwh6y5bOmvVfNNkg?utm_source=oembed\"><\/iframe>\n<\/div><\/figure>\n\n\n\n<div style=\"height:20px\" aria-hidden=\"true\" class=\"wp-block-spacer\"><\/div>\n\n\n\n<p class=\"has-black-color has-text-color has-link-color wp-elements-8a4e2d276defe79a743522223a107fa1\"><strong>\u00abLo que me hac\u00eda bien\u00bb<\/strong>\u00a0es una canci\u00f3n que aborda la importancia de vivir en el presente y lo que perdemos cuando dejamos de hacerlo. A modo de reflexi\u00f3n personal, el artista nos cuenta, casi nos advierte, las consecuencias de vivir abstra\u00eddo en un tiempo que no es el ahora. Contrastando con una m\u00fasica perfectamente equilibrada entre el optimismo y la nostalgia, Lobel nos invita a conectar con el regalo de lo cotidiano y la importancia del momento. Lo que me hac\u00eda bien (Studio Session) es una nueva versi\u00f3n en vivo de estudio de la canci\u00f3n. La misma fue grabada y filmada en Fort Music Studio, ubicado en el barrio de Almagro, Buenos Aires.<\/p>\n\n\n\n<div style=\"height:20px\" aria-hidden=\"true\" class=\"wp-block-spacer\"><\/div>\n\n\n\n<figure class=\"wp-block-embed is-type-video is-provider-youtube wp-block-embed-youtube wp-embed-aspect-16-9 wp-has-aspect-ratio\"><div class=\"wp-block-embed__wrapper\">\n<div class=\"epyt-video-wrapper\"><iframe loading=\"lazy\"  id=\"_ytid_30501\"  width=\"640\" height=\"360\"  data-origwidth=\"640\" data-origheight=\"360\" src=\"https:\/\/www.youtube.com\/embed\/kagi_fkv1yU?enablejsapi=1&#038;autoplay=0&#038;cc_load_policy=0&#038;cc_lang_pref=&#038;iv_load_policy=1&#038;loop=0&#038;rel=1&#038;fs=1&#038;playsinline=0&#038;autohide=2&#038;theme=dark&#038;color=white&#038;controls=1&#038;\" class=\"__youtube_prefs__  epyt-is-override  no-lazyload\" data-vol=\"50\"  title=\"YouTube player\"  allow=\"fullscreen; accelerometer; autoplay; clipboard-write; encrypted-media; gyroscope; picture-in-picture; web-share\" referrerpolicy=\"strict-origin-when-cross-origin\" allowfullscreen data-no-lazy=\"1\" data-skipgform_ajax_framebjll=\"\"><\/iframe><\/div>\n<\/div><\/figure>\n\n\n\n<div style=\"height:20px\" aria-hidden=\"true\" class=\"wp-block-spacer\"><\/div>\n\n\n\n<p><strong>SOBRE LOBEL:<\/strong><\/p>\n\n\n\n<div style=\"height:14px\" aria-hidden=\"true\" class=\"wp-block-spacer\"><\/div>\n\n\n\n<p class=\"has-black-color has-text-color has-link-color wp-elements-aa78d549557c5ceadf9d117e33595b58\">A finales de junio de 2019, nace\u00a0<strong>LOBEL<\/strong>\u00a0el proyecto solista de Facundo Bugallo, compositor y vocalista de\u00a0<strong>Conexionistas<\/strong>, una banda que se gan\u00f3 su lugar en la escena emergente del rock argentino, y con la que edit\u00f3 dos discos de estudio (el segundo grabado en Abbey Road Studios, UK).\u00a0<\/p>\n\n\n\n<div style=\"height:14px\" aria-hidden=\"true\" class=\"wp-block-spacer\"><\/div>\n\n\n\n<p><strong>LOBEL<\/strong>\u00a0se presenta como un \u00e1lter ego musical del cantautor, en una etapa evolucionada y madura.<br>Desde sus comienzos como solista, radic\u00f3 en Lima, Per\u00fa, y se ha presentado asiduamente en vivo compartiendo escenario con renombrados grupos de la escena lime\u00f1a, como\u00a0<strong>Libido<\/strong>,\u00a0<strong>Am\u00e9n<\/strong>,\u00a0<strong>Mar de Copas<\/strong>, entre otros. Tambi\u00e9n ha participado en importantes festivales como \u201cSelv\u00e1monos\u201d (Per\u00fa) y \u201cVaiv\u00e9n\u201d (M\u00e9xico), este \u00faltimo como invitado de la banda mexicana\u00a0<strong>L3\u00f3n<\/strong>. Adem\u00e1s, ha debutado en el imponente Teatro Metropolitan (Ciudad de M\u00e9xico) para ejecutar\u00a0<em>\u201cLa superacci\u00f3n\u201d<\/em>, una de sus canciones m\u00e1s populares, junto a\u00a0<strong>Comisario Pantera<\/strong>.<\/p>\n\n\n\n<div style=\"height:14px\" aria-hidden=\"true\" class=\"wp-block-spacer\"><\/div>\n\n\n\n<p>Entre 2020 y 2022 public\u00f3 dos \u00e1lbumes de estudio\u00a0<em>(\u201cTodos los que vimos en Hollywood\u201d y \u201cEspejismos\u201d)\u00a0<\/em>y un EP\u00a0<em>(\u201cLa cuenta del placer)<\/em>, en los que se destacan colaboraciones con artistas como\u00a0<strong>Los Tipitos<\/strong>,\u00a0<strong>Comisario Pantera<\/strong>\u00a0(Mex), y\u00a0<strong>Carlos Cruzalegui<\/strong>\u00a0(Pe).<\/p>\n\n\n\n<div style=\"height:14px\" aria-hidden=\"true\" class=\"wp-block-spacer\"><\/div>\n\n\n\n<p>En 2023 vuelve a su ciudad natal y lanza \u201c<em>Verano en Buenos Aires\u201d<\/em>, una canci\u00f3n que hace honor a la importancia de los lazos. En ella remarca su amor incondicional por la ciudad de la furia y celebra su retorno, reivindicando el concepto del hogar. La misma fue presentada a sala llena en \u201cLa Tangente\u201d, ubicado en el barrio de Palermo, en la ciudad de Buenos Aires. En septiembre de ese mismo a\u00f1o, lanza su segundo EP,\u00a0<em>\u201cEl Muchacho de los Ojos Tristes\u201d<\/em>. El mismo contiene una versi\u00f3n libre de la ic\u00f3nica canci\u00f3n de Jeanette, interpretada junto a\u00a0<strong>Vale Acevedo<\/strong>\u00a0(Arg).<br>\u00a0<\/p>\n\n\n\n<div style=\"height:14px\" aria-hidden=\"true\" class=\"wp-block-spacer\"><\/div>\n","protected":false},"excerpt":{"rendered":"","protected":false},"author":5,"featured_media":6073,"comment_status":"open","ping_status":"open","sticky":false,"template":"","format":"standard","meta":{"om_disable_all_campaigns":false,"_uf_show_specific_survey":0,"_uf_disable_surveys":false,"footnotes":""},"categories":[4],"tags":[],"class_list":["post-6072","post","type-post","status-publish","format-standard","has-post-thumbnail","hentry","category-musica"],"_links":{"self":[{"href":"https:\/\/entrenotasyacordes.com\/index.php?rest_route=\/wp\/v2\/posts\/6072","targetHints":{"allow":["GET"]}}],"collection":[{"href":"https:\/\/entrenotasyacordes.com\/index.php?rest_route=\/wp\/v2\/posts"}],"about":[{"href":"https:\/\/entrenotasyacordes.com\/index.php?rest_route=\/wp\/v2\/types\/post"}],"author":[{"embeddable":true,"href":"https:\/\/entrenotasyacordes.com\/index.php?rest_route=\/wp\/v2\/users\/5"}],"replies":[{"embeddable":true,"href":"https:\/\/entrenotasyacordes.com\/index.php?rest_route=%2Fwp%2Fv2%2Fcomments&post=6072"}],"version-history":[{"count":2,"href":"https:\/\/entrenotasyacordes.com\/index.php?rest_route=\/wp\/v2\/posts\/6072\/revisions"}],"predecessor-version":[{"id":6075,"href":"https:\/\/entrenotasyacordes.com\/index.php?rest_route=\/wp\/v2\/posts\/6072\/revisions\/6075"}],"wp:featuredmedia":[{"embeddable":true,"href":"https:\/\/entrenotasyacordes.com\/index.php?rest_route=\/wp\/v2\/media\/6073"}],"wp:attachment":[{"href":"https:\/\/entrenotasyacordes.com\/index.php?rest_route=%2Fwp%2Fv2%2Fmedia&parent=6072"}],"wp:term":[{"taxonomy":"category","embeddable":true,"href":"https:\/\/entrenotasyacordes.com\/index.php?rest_route=%2Fwp%2Fv2%2Fcategories&post=6072"},{"taxonomy":"post_tag","embeddable":true,"href":"https:\/\/entrenotasyacordes.com\/index.php?rest_route=%2Fwp%2Fv2%2Ftags&post=6072"}],"curies":[{"name":"wp","href":"https:\/\/api.w.org\/{rel}","templated":true}]}}