{"id":6076,"date":"2024-03-22T15:16:39","date_gmt":"2024-03-22T15:16:39","guid":{"rendered":"https:\/\/entrenotasyacordes.com\/?p=6076"},"modified":"2024-03-22T15:16:41","modified_gmt":"2024-03-22T15:16:41","slug":"anitta-lleva-el-funk-brasileno-a-las-masas-en-su-nuevo-album-funk-generation","status":"publish","type":"post","link":"https:\/\/entrenotasyacordes.com\/?p=6076","title":{"rendered":"ANITTA LLEVA EL FUNK BRASILE\u00d1O A LAS MASAS EN SU NUEVO \u00c1LBUM \u2018FUNK GENERATION\u2019"},"content":{"rendered":"\n<p class=\"has-black-color has-text-color has-link-color wp-elements-11ad4ef0e8ff348685a49b51fd58a30c\"><strong> QUE SALDR\u00c1 A LA VENTA\u00a0 EL 26 DE ABRIL<\/strong><\/p>\n\n\n\n<!--more-->\n\n\n\n<p class=\"has-black-color has-text-color has-link-color wp-elements-84eacc4cb3c5a14211b76bd9daf8c1b2\"><em>+\u00a0LANZA SU NUEVO Y PROVOCATIVO TEMA \u00abDOUBLE TEAM\u00bb CON\u00a0BRRAY\u00a0<\/em> <em>Y BAD GYAL<\/em><\/p>\n\n\n\n<div style=\"height:20px\" aria-hidden=\"true\" class=\"wp-block-spacer\"><\/div>\n\n\n\n<figure class=\"wp-block-embed is-type-video is-provider-youtube wp-block-embed-youtube wp-embed-aspect-16-9 wp-has-aspect-ratio\"><div class=\"wp-block-embed__wrapper\">\n<div class=\"epyt-video-wrapper\"><iframe loading=\"lazy\"  id=\"_ytid_42253\"  width=\"640\" height=\"360\"  data-origwidth=\"640\" data-origheight=\"360\" src=\"https:\/\/www.youtube.com\/embed\/MXoIdLxol2g?enablejsapi=1&#038;autoplay=0&#038;cc_load_policy=0&#038;cc_lang_pref=&#038;iv_load_policy=1&#038;loop=0&#038;rel=1&#038;fs=1&#038;playsinline=0&#038;autohide=2&#038;theme=dark&#038;color=white&#038;controls=1&#038;\" class=\"__youtube_prefs__  epyt-is-override  no-lazyload\" data-vol=\"50\"  title=\"YouTube player\"  allow=\"fullscreen; accelerometer; autoplay; clipboard-write; encrypted-media; gyroscope; picture-in-picture; web-share\" referrerpolicy=\"strict-origin-when-cross-origin\" allowfullscreen data-no-lazy=\"1\" data-skipgform_ajax_framebjll=\"\"><\/iframe><\/div>\n<\/div><\/figure>\n\n\n\n<div style=\"height:20px\" aria-hidden=\"true\" class=\"wp-block-spacer\"><\/div>\n\n\n\n<p class=\"has-black-color has-text-color has-link-color wp-elements-d234b2635051dd6a42a058b79ae8e186\">Llevando el Funk Brasile\u00f1o al escenario global, la super estrella internacional nominada al Premio GRAMMY\u00ae\u00a0<strong>Anitta\u00a0<\/strong>anuncia con orgullo que su esperado nuevo \u00e1lbum, \u2018<strong><em>Funk Generation\u2019<\/em><\/strong>, ser\u00e1 lanzado el 26 de abril del 2024 a trav\u00e9s de Republic Records\/Universal Music Latino.<\/p>\n\n\n\n<div style=\"height:20px\" aria-hidden=\"true\" class=\"wp-block-spacer\"><\/div>\n\n\n\n<p>Como no pod\u00eda ser de otra manera,\u00a0<strong>Anitta<\/strong>\u00a0anuncia el \u00e1lbum con un nuevo tema y v\u00eddeo sensual<strong>,\u00a0<em>\u00abDouble Team\u00bb<\/em>\u00a0<\/strong>[feat.\u00a0<strong>Brray\u00a0<\/strong>&amp;\u00a0<strong>Bad Gyal<\/strong>].<\/p>\n\n\n\n<div style=\"height:20px\" aria-hidden=\"true\" class=\"wp-block-spacer\"><\/div>\n\n\n\n<p class=\"has-black-color has-text-color has-link-color wp-elements-0a02dda65ff8f787d839b6bd178a5a0d\">Inspirado en el funk carioca con un ritmo listo para la pista de baile, este hito espa\u00f1ol, mezclado con portugu\u00e9s e ingl\u00e9s, redobla la seducci\u00f3n con sus letras crudas y lujuriosas y un h\u00e1bil vaiv\u00e9n entre&nbsp;<strong>Anitta<\/strong>,&nbsp;<strong>Brray&nbsp;<\/strong>y&nbsp;<strong>Bad Gyal<\/strong>. Producida por&nbsp;<strong>Botlok,<\/strong>&nbsp;llega a su cl\u00edmax con un gancho inquebrantable. El v\u00eddeo musical que lo acompa\u00f1a, dirigido por&nbsp;<strong>Sam Hayes<\/strong>, resulta igualmente sexy, con una coreograf\u00eda asombrosa en la que los tres artistas se presentan en un ambiente de baile funk al aire libre.<\/p>\n\n\n\n<div style=\"height:20px\" aria-hidden=\"true\" class=\"wp-block-spacer\"><\/div>\n\n\n\n<figure class=\"wp-block-image size-large\"><img loading=\"lazy\" decoding=\"async\" width=\"1024\" height=\"683\" src=\"https:\/\/entrenotasyacordes.com\/wp-content\/uploads\/2024\/03\/20240309-LRV08973-1024x683.jpg\" alt=\"\" class=\"wp-image-6077\" srcset=\"https:\/\/entrenotasyacordes.com\/wp-content\/uploads\/2024\/03\/20240309-LRV08973-1024x683.jpg 1024w, https:\/\/entrenotasyacordes.com\/wp-content\/uploads\/2024\/03\/20240309-LRV08973-300x200.jpg 300w, https:\/\/entrenotasyacordes.com\/wp-content\/uploads\/2024\/03\/20240309-LRV08973-768x512.jpg 768w, https:\/\/entrenotasyacordes.com\/wp-content\/uploads\/2024\/03\/20240309-LRV08973-1536x1024.jpg 1536w, https:\/\/entrenotasyacordes.com\/wp-content\/uploads\/2024\/03\/20240309-LRV08973-2048x1365.jpg 2048w\" sizes=\"auto, (max-width: 1024px) 100vw, 1024px\" \/><\/figure>\n\n\n\n<div style=\"height:20px\" aria-hidden=\"true\" class=\"wp-block-spacer\"><\/div>\n\n\n\n<p class=\"has-black-color has-text-color has-link-color wp-elements-3732ed55fa488959c8b086637a810553\">En<strong><em>&nbsp;\u2018Funk Generation\u2019<\/em><\/strong>,&nbsp;<strong>Anitta&nbsp;<\/strong>canaliza sus influencias de su infancia en Brasil. Como tal, evoca el esp\u00edritu del funk brasile\u00f1o cl\u00e1sico con su toque personal perfecto para una nueva&nbsp;<em>GENERACI\u00d3N.<\/em><\/p>\n\n\n\n<div style=\"height:20px\" aria-hidden=\"true\" class=\"wp-block-spacer\"><\/div>\n\n\n\n<p class=\"has-black-color has-text-color has-link-color wp-elements-101e36fafe5847c6d0e6545d0c474aca\">Sobre el disco,&nbsp;<strong>Anitta&nbsp;<\/strong>dijo:&nbsp;<em>\u00abFunk Generation es un \u00e1lbum donde celebro mis ra\u00edces. Es donde expreso el poder del funk carioca en cada pista, sus ritmos \u00fanicos, bailables y sensuales. Es un ritmo nacido en las favelas, donde crec\u00ed, y que destila resistencia y arte en todas las comunidades. Estoy orgulloso de trabajar en un proyecto sobre un g\u00e9nero que ha sido injustamente estigmatizado en Brasil, pero que poco a poco est\u00e1 ganando reconocimiento en todo el mundo. En el \u00e1lbum, traigo importantes colaboraciones que me ayudaron a contar esta historia. He participado en cada paso de la producci\u00f3n y la direcci\u00f3n visual, y he conseguido el resultado que me propon\u00eda.\u00bb<\/em><\/p>\n\n\n\n<div style=\"height:20px\" aria-hidden=\"true\" class=\"wp-block-spacer\"><\/div>\n","protected":false},"excerpt":{"rendered":"<p>QUE SALDR\u00c1 A LA VENTA\u00a0 EL 26 DE ABRIL<\/p>\n","protected":false},"author":5,"featured_media":6078,"comment_status":"open","ping_status":"open","sticky":false,"template":"","format":"standard","meta":{"om_disable_all_campaigns":false,"_uf_show_specific_survey":0,"_uf_disable_surveys":false,"footnotes":""},"categories":[4],"tags":[],"class_list":["post-6076","post","type-post","status-publish","format-standard","has-post-thumbnail","hentry","category-musica"],"_links":{"self":[{"href":"https:\/\/entrenotasyacordes.com\/index.php?rest_route=\/wp\/v2\/posts\/6076","targetHints":{"allow":["GET"]}}],"collection":[{"href":"https:\/\/entrenotasyacordes.com\/index.php?rest_route=\/wp\/v2\/posts"}],"about":[{"href":"https:\/\/entrenotasyacordes.com\/index.php?rest_route=\/wp\/v2\/types\/post"}],"author":[{"embeddable":true,"href":"https:\/\/entrenotasyacordes.com\/index.php?rest_route=\/wp\/v2\/users\/5"}],"replies":[{"embeddable":true,"href":"https:\/\/entrenotasyacordes.com\/index.php?rest_route=%2Fwp%2Fv2%2Fcomments&post=6076"}],"version-history":[{"count":2,"href":"https:\/\/entrenotasyacordes.com\/index.php?rest_route=\/wp\/v2\/posts\/6076\/revisions"}],"predecessor-version":[{"id":6080,"href":"https:\/\/entrenotasyacordes.com\/index.php?rest_route=\/wp\/v2\/posts\/6076\/revisions\/6080"}],"wp:featuredmedia":[{"embeddable":true,"href":"https:\/\/entrenotasyacordes.com\/index.php?rest_route=\/wp\/v2\/media\/6078"}],"wp:attachment":[{"href":"https:\/\/entrenotasyacordes.com\/index.php?rest_route=%2Fwp%2Fv2%2Fmedia&parent=6076"}],"wp:term":[{"taxonomy":"category","embeddable":true,"href":"https:\/\/entrenotasyacordes.com\/index.php?rest_route=%2Fwp%2Fv2%2Fcategories&post=6076"},{"taxonomy":"post_tag","embeddable":true,"href":"https:\/\/entrenotasyacordes.com\/index.php?rest_route=%2Fwp%2Fv2%2Ftags&post=6076"}],"curies":[{"name":"wp","href":"https:\/\/api.w.org\/{rel}","templated":true}]}}