{"id":6087,"date":"2024-03-22T14:06:15","date_gmt":"2024-03-22T14:06:15","guid":{"rendered":"https:\/\/entrenotasyacordes.com\/?p=6087"},"modified":"2024-03-25T14:19:43","modified_gmt":"2024-03-25T14:19:43","slug":"noticias-de-mi%c2%a8-la-cautivadora-balada-de-persse","status":"publish","type":"post","link":"https:\/\/entrenotasyacordes.com\/?p=6087","title":{"rendered":"\u00abNoticias de mi\u00a8: la cautivadora balada de Persse"},"content":{"rendered":"\n<p class=\"has-black-color has-text-color has-link-color wp-elements-5286e84aca2dbc678265c877bc38b2f9\">\u201c<strong>Noticias de M\u00ed<\/strong>\u00bb es una cautivadora balada pop que fusiona elementos de la melancol\u00eda con destellos de esperanza, mientras incorpora c\u00f3digos r\u00edtmicos del funk brasile\u00f1o para a\u00f1adir un toque distintivo y vibrante.<\/p>\n\n\n\n<div style=\"height:19px\" aria-hidden=\"true\" class=\"wp-block-spacer\"><\/div>\n\n\n\n<!--more-->\n\n\n\n<figure class=\"wp-block-embed is-type-video is-provider-youtube wp-block-embed-youtube wp-embed-aspect-16-9 wp-has-aspect-ratio\"><div class=\"wp-block-embed__wrapper\">\n<div class=\"epyt-video-wrapper\"><iframe loading=\"lazy\"  id=\"_ytid_51249\"  width=\"640\" height=\"360\"  data-origwidth=\"640\" data-origheight=\"360\" src=\"https:\/\/www.youtube.com\/embed\/wAAl4oMJ83o?enablejsapi=1&#038;autoplay=0&#038;cc_load_policy=0&#038;cc_lang_pref=&#038;iv_load_policy=1&#038;loop=0&#038;rel=1&#038;fs=1&#038;playsinline=0&#038;autohide=2&#038;theme=dark&#038;color=white&#038;controls=1&#038;\" class=\"__youtube_prefs__  epyt-is-override  no-lazyload\" data-vol=\"50\"  title=\"YouTube player\"  allow=\"fullscreen; accelerometer; autoplay; clipboard-write; encrypted-media; gyroscope; picture-in-picture; web-share\" referrerpolicy=\"strict-origin-when-cross-origin\" allowfullscreen data-no-lazy=\"1\" data-skipgform_ajax_framebjll=\"\"><\/iframe><\/div>\n<\/div><\/figure>\n\n\n\n<div style=\"height:23px\" aria-hidden=\"true\" class=\"wp-block-spacer\"><\/div>\n\n\n\n<p class=\"has-black-color has-text-color has-link-color wp-elements-61c022800893dd6f110bf29c17813cd0\">Adem\u00e1s, la canci\u00f3n incluye samples de \u00abVaina Loca\u00bb y \u201cSolo\u201d de Frank Ocean, que a\u00f1aden un toque de nostalgia y familiaridad, as\u00ed como una capa adicional de complejidad y profundidad a la experiencia auditiva.\u00a0<\/p>\n\n\n\n<div style=\"height:16px\" aria-hidden=\"true\" class=\"wp-block-spacer\"><\/div>\n\n\n\n<p class=\"has-black-color has-text-color has-link-color wp-elements-83e2f3093d8982e9246fe60d3583022d\">La instrumentaci\u00f3n sutil pero poderosa crea una atm\u00f3sfera \u00edntima y reflexiva, mientras que la voz emotiva de Persse, gu\u00eda la narrativa con una profundidad y sinceridad inigualables. Con una producci\u00f3n impecable a cargo de Cieloazul, cada nota y cada acorde se combinan para crear una experiencia auditiva que deja una impresi\u00f3n duradera en el coraz\u00f3n del oyente.<\/p>\n\n\n\n<div style=\"height:16px\" aria-hidden=\"true\" class=\"wp-block-spacer\"><\/div>\n\n\n\n<p class=\"has-black-color has-text-color has-link-color wp-elements-8e1ff70a0dc69ed6a6cb914b39c3a913\"><strong>Acerca de Persse<\/strong><\/p>\n\n\n\n<p class=\"has-black-color has-text-color has-link-color wp-elements-a0b6fe287e3592c6190ea4170bec3dbc\">Guido Caruso (Persse) es un m\u00fasico y productor argentino nacido en noviembre de 1995.<\/p>\n\n\n\n<div style=\"height:19px\" aria-hidden=\"true\" class=\"wp-block-spacer\"><\/div>\n\n\n\n<p class=\"has-black-color has-text-color has-link-color wp-elements-ca50b2bbd5c8756c3137a6214aa60f7d\">Criado en un ambiente rodeado de arte con un padre m\u00fasico y una madre poeta, Persse encontr\u00f3 en la combinaci\u00f3n de estas disciplinas la forma de expresar su sensible visi\u00f3n del mundo.<\/p>\n\n\n\n<div style=\"height:19px\" aria-hidden=\"true\" class=\"wp-block-spacer\"><\/div>\n","protected":false},"excerpt":{"rendered":"<p>\u201cNoticias de M\u00ed\u00bb es una cautivadora balada pop que fusiona elementos de la melancol\u00eda con<\/p>\n","protected":false},"author":5,"featured_media":6088,"comment_status":"open","ping_status":"open","sticky":false,"template":"","format":"standard","meta":{"om_disable_all_campaigns":false,"_uf_show_specific_survey":0,"_uf_disable_surveys":false,"footnotes":""},"categories":[4],"tags":[],"class_list":["post-6087","post","type-post","status-publish","format-standard","has-post-thumbnail","hentry","category-musica"],"_links":{"self":[{"href":"https:\/\/entrenotasyacordes.com\/index.php?rest_route=\/wp\/v2\/posts\/6087","targetHints":{"allow":["GET"]}}],"collection":[{"href":"https:\/\/entrenotasyacordes.com\/index.php?rest_route=\/wp\/v2\/posts"}],"about":[{"href":"https:\/\/entrenotasyacordes.com\/index.php?rest_route=\/wp\/v2\/types\/post"}],"author":[{"embeddable":true,"href":"https:\/\/entrenotasyacordes.com\/index.php?rest_route=\/wp\/v2\/users\/5"}],"replies":[{"embeddable":true,"href":"https:\/\/entrenotasyacordes.com\/index.php?rest_route=%2Fwp%2Fv2%2Fcomments&post=6087"}],"version-history":[{"count":2,"href":"https:\/\/entrenotasyacordes.com\/index.php?rest_route=\/wp\/v2\/posts\/6087\/revisions"}],"predecessor-version":[{"id":6090,"href":"https:\/\/entrenotasyacordes.com\/index.php?rest_route=\/wp\/v2\/posts\/6087\/revisions\/6090"}],"wp:featuredmedia":[{"embeddable":true,"href":"https:\/\/entrenotasyacordes.com\/index.php?rest_route=\/wp\/v2\/media\/6088"}],"wp:attachment":[{"href":"https:\/\/entrenotasyacordes.com\/index.php?rest_route=%2Fwp%2Fv2%2Fmedia&parent=6087"}],"wp:term":[{"taxonomy":"category","embeddable":true,"href":"https:\/\/entrenotasyacordes.com\/index.php?rest_route=%2Fwp%2Fv2%2Fcategories&post=6087"},{"taxonomy":"post_tag","embeddable":true,"href":"https:\/\/entrenotasyacordes.com\/index.php?rest_route=%2Fwp%2Fv2%2Ftags&post=6087"}],"curies":[{"name":"wp","href":"https:\/\/api.w.org\/{rel}","templated":true}]}}