{"id":6091,"date":"2024-03-22T14:25:15","date_gmt":"2024-03-22T14:25:15","guid":{"rendered":"https:\/\/entrenotasyacordes.com\/?p=6091"},"modified":"2024-03-25T14:25:57","modified_gmt":"2024-03-25T14:25:57","slug":"el-viaje-de-luis-fonsi-llega-a-marbella-junto-a-omar-montes","status":"publish","type":"post","link":"https:\/\/entrenotasyacordes.com\/?p=6091","title":{"rendered":"&#8216;EL VIAJE&#8217; DE LUIS FONSI LLEGA A \u201cMARBELLA\u201d JUNTO A OMAR MONTES"},"content":{"rendered":"\n<p class=\"has-black-color has-text-color has-link-color wp-elements-638baaf1cb5b8e3b8fe10a87badff9b6\"><em>\u201cCUANDO PIENSO EN MARBELLA LO QUE SE ME VIENE A LA MENTE ES BUENA VIBRA, PLAYA Y DIVERSI\u00d3N. ESTA CANCI\u00d3N ES PARA BAILARLA PEGADITO Y GOZAR\u201d. &#8211; LUIS FONSI<\/em><\/p>\n\n\n\n<div style=\"height:23px\" aria-hidden=\"true\" class=\"wp-block-spacer\"><\/div>\n\n\n\n<!--more-->\n\n\n\n<figure class=\"wp-block-embed is-type-video is-provider-youtube wp-block-embed-youtube wp-embed-aspect-16-9 wp-has-aspect-ratio\"><div class=\"wp-block-embed__wrapper\">\n<div class=\"epyt-video-wrapper\"><iframe loading=\"lazy\"  id=\"_ytid_61579\"  width=\"640\" height=\"360\"  data-origwidth=\"640\" data-origheight=\"360\" src=\"https:\/\/www.youtube.com\/embed\/JRV5WcWDwyM?enablejsapi=1&#038;autoplay=0&#038;cc_load_policy=0&#038;cc_lang_pref=&#038;iv_load_policy=1&#038;loop=0&#038;rel=1&#038;fs=1&#038;playsinline=0&#038;autohide=2&#038;theme=dark&#038;color=white&#038;controls=1&#038;\" class=\"__youtube_prefs__  epyt-is-override  no-lazyload\" data-vol=\"50\"  title=\"YouTube player\"  allow=\"fullscreen; accelerometer; autoplay; clipboard-write; encrypted-media; gyroscope; picture-in-picture; web-share\" referrerpolicy=\"strict-origin-when-cross-origin\" allowfullscreen data-no-lazy=\"1\" data-skipgform_ajax_framebjll=\"\"><\/iframe><\/div>\n<\/div><\/figure>\n\n\n\n<div style=\"height:19px\" aria-hidden=\"true\" class=\"wp-block-spacer\"><\/div>\n\n\n\n<p class=\"has-black-color has-text-color has-link-color wp-elements-a9350deea3c9700ee52008348d1c9dde\">El artista global\u00a0<strong>Luis Fonsi<\/strong>\u00a0sigue invitando a recorrer\u00a0<strong>EL VIAJE\u00a0<\/strong>junto a \u00e9l, esta vez, llega a\u00a0<strong><em>\u201cMarbella\u201d<\/em>,\u00a0<\/strong>acompa\u00f1ado de\u00a0<strong>Omar Montes<\/strong>, uno de los artistas urbanos espa\u00f1oles de mayor \u00e9xito de los \u00faltimos a\u00f1os.<\/p>\n\n\n\n<div style=\"height:16px\" aria-hidden=\"true\" class=\"wp-block-spacer\"><\/div>\n\n\n\n<p class=\"has-black-color has-text-color has-link-color wp-elements-8debf3dd334a5c8979cd59ba7ad5ed16\"><strong><em>\u201cMarbella\u201d<\/em><\/strong>, compuesto por Fonsi,&nbsp;<strong>Mauricio Rengifo<\/strong>&nbsp;y&nbsp;<strong>Andr\u00e9s Torres<\/strong>, es el quinto sencillo de su esperado \u00e1lbum de estudio&nbsp;<strong><em>&#8216;EL VIAJE\u2019<\/em><\/strong>, y tal como lo ha hecho con los temas anteriores,&nbsp;<strong>Fonsi<\/strong>&nbsp;nos mostrar\u00e1 algo completamente diferente, con un ritmo muy original que desde ya podr\u00eda considerarse como el perfecto acompa\u00f1ante de un verano ideal.<\/p>\n\n\n\n<div style=\"height:16px\" aria-hidden=\"true\" class=\"wp-block-spacer\"><\/div>\n\n\n\n<p class=\"has-black-color has-text-color has-link-color wp-elements-f544e3eafd5146e3ef6120ac364411a7\">El tema cuenta con una gran colaboraci\u00f3n que dar\u00e1 mucho de que hablar por la fusi\u00f3n perfecta de las voces y estilos de&nbsp;<strong>Fonsi<\/strong>&nbsp;y Montes, que cuando crees que sabes por donde va, de repente te sorprende y no hay manera que puedas evitar bailarlo.<\/p>\n\n\n\n<div style=\"height:16px\" aria-hidden=\"true\" class=\"wp-block-spacer\"><\/div>\n\n\n\n<figure class=\"wp-block-image size-large\"><img loading=\"lazy\" decoding=\"async\" width=\"1024\" height=\"660\" src=\"https:\/\/entrenotasyacordes.com\/wp-content\/uploads\/2024\/03\/PromoPhoto2-1024x660.png\" alt=\"\" class=\"wp-image-6092\" srcset=\"https:\/\/entrenotasyacordes.com\/wp-content\/uploads\/2024\/03\/PromoPhoto2-1024x660.png 1024w, https:\/\/entrenotasyacordes.com\/wp-content\/uploads\/2024\/03\/PromoPhoto2-300x193.png 300w, https:\/\/entrenotasyacordes.com\/wp-content\/uploads\/2024\/03\/PromoPhoto2-768x495.png 768w, https:\/\/entrenotasyacordes.com\/wp-content\/uploads\/2024\/03\/PromoPhoto2-1536x990.png 1536w, https:\/\/entrenotasyacordes.com\/wp-content\/uploads\/2024\/03\/PromoPhoto2.png 1937w\" sizes=\"auto, (max-width: 1024px) 100vw, 1024px\" \/><\/figure>\n\n\n\n<div style=\"height:16px\" aria-hidden=\"true\" class=\"wp-block-spacer\"><\/div>\n\n\n\n<p class=\"has-black-color has-text-color has-link-color wp-elements-daf2113ac983c4ecd13cb5e32f3b0d6a\"><em>\u201cCuando pienso en Marbella lo que se me viene a la mente es buena vibra, playa y diversi\u00f3n. Esta canci\u00f3n es para bailarla pegadito y gozar. El esp\u00edritu de este tema me ped\u00eda grabarla con alguien como Omar Montes, un artista a quien he venido siguiendo por mucho tiempo y que me encanta el flow con el que lo interpret\u00f3\u201d.\u00a0<\/em><strong>expres\u00f3 Fonsi<\/strong>.<\/p>\n\n\n\n<div style=\"height:21px\" aria-hidden=\"true\" class=\"wp-block-spacer\"><\/div>\n\n\n\n<p class=\"has-black-color has-text-color has-link-color wp-elements-eed5c9a319f255d65163c43a9f41bf9a\">Por su parte<strong>&nbsp;Omar Montes<\/strong>&nbsp;expres\u00f3,&nbsp;<em>\u00abTrabajar con Luis Fonsi ha sido un sue\u00f1o, es un artista muy generoso y s\u00faper cercano. Estamos dispuestos a romper los Charts y explotar todas las redes con este tema tan veraniego\u00bb.<\/em><\/p>\n\n\n\n<div style=\"height:21px\" aria-hidden=\"true\" class=\"wp-block-spacer\"><\/div>\n\n\n\n<p class=\"has-black-color has-text-color has-link-color wp-elements-ef86adb42a4e6aafc8f4fcc8955b0836\">La canci\u00f3n viene acompa\u00f1ada de un video musical, grabado en Madrid, Espa\u00f1a y dirigido por Oscar Noriega, que muestra literalmente cuando el ritmo se apropia de tu cuerpo y no queda otra soluci\u00f3n m\u00e1s que dejarte llevar.<\/p>\n\n\n\n<div style=\"height:21px\" aria-hidden=\"true\" class=\"wp-block-spacer\"><\/div>\n\n\n\n<p><\/p>\n","protected":false},"excerpt":{"rendered":"<p>\u201cCUANDO PIENSO EN MARBELLA LO QUE SE ME VIENE A LA MENTE ES BUENA VIBRA,<\/p>\n","protected":false},"author":5,"featured_media":6093,"comment_status":"open","ping_status":"open","sticky":false,"template":"","format":"standard","meta":{"om_disable_all_campaigns":false,"_uf_show_specific_survey":0,"_uf_disable_surveys":false,"footnotes":""},"categories":[4],"tags":[],"class_list":["post-6091","post","type-post","status-publish","format-standard","has-post-thumbnail","hentry","category-musica"],"_links":{"self":[{"href":"https:\/\/entrenotasyacordes.com\/index.php?rest_route=\/wp\/v2\/posts\/6091","targetHints":{"allow":["GET"]}}],"collection":[{"href":"https:\/\/entrenotasyacordes.com\/index.php?rest_route=\/wp\/v2\/posts"}],"about":[{"href":"https:\/\/entrenotasyacordes.com\/index.php?rest_route=\/wp\/v2\/types\/post"}],"author":[{"embeddable":true,"href":"https:\/\/entrenotasyacordes.com\/index.php?rest_route=\/wp\/v2\/users\/5"}],"replies":[{"embeddable":true,"href":"https:\/\/entrenotasyacordes.com\/index.php?rest_route=%2Fwp%2Fv2%2Fcomments&post=6091"}],"version-history":[{"count":1,"href":"https:\/\/entrenotasyacordes.com\/index.php?rest_route=\/wp\/v2\/posts\/6091\/revisions"}],"predecessor-version":[{"id":6094,"href":"https:\/\/entrenotasyacordes.com\/index.php?rest_route=\/wp\/v2\/posts\/6091\/revisions\/6094"}],"wp:featuredmedia":[{"embeddable":true,"href":"https:\/\/entrenotasyacordes.com\/index.php?rest_route=\/wp\/v2\/media\/6093"}],"wp:attachment":[{"href":"https:\/\/entrenotasyacordes.com\/index.php?rest_route=%2Fwp%2Fv2%2Fmedia&parent=6091"}],"wp:term":[{"taxonomy":"category","embeddable":true,"href":"https:\/\/entrenotasyacordes.com\/index.php?rest_route=%2Fwp%2Fv2%2Fcategories&post=6091"},{"taxonomy":"post_tag","embeddable":true,"href":"https:\/\/entrenotasyacordes.com\/index.php?rest_route=%2Fwp%2Fv2%2Ftags&post=6091"}],"curies":[{"name":"wp","href":"https:\/\/api.w.org\/{rel}","templated":true}]}}