{"id":6101,"date":"2024-03-22T14:49:44","date_gmt":"2024-03-22T14:49:44","guid":{"rendered":"https:\/\/entrenotasyacordes.com\/?p=6101"},"modified":"2024-03-25T14:54:23","modified_gmt":"2024-03-25T14:54:23","slug":"la-sensacion-del-pop-rb-amapiano-y-ganadora-del-grammy","status":"publish","type":"post","link":"https:\/\/entrenotasyacordes.com\/?p=6101","title":{"rendered":"LA SENSACI\u00d3N DEL POP-R&#038;B AMAPIANO Y GANADORA DEL GRAMMY"},"content":{"rendered":"\n<p class=\"has-black-color has-text-color has-link-color wp-elements-feadcd32ac4511ecc099764d8882bfd3\"><strong>TYLA\u00a0PRESENTA SU \u00c1LBUM DEBUT\u00a0<em>TYLA<\/em><\/strong><\/p>\n\n\n\n<!--more-->\n\n\n\n<figure class=\"wp-block-embed is-type-video is-provider-youtube wp-block-embed-youtube wp-embed-aspect-16-9 wp-has-aspect-ratio\"><div class=\"wp-block-embed__wrapper\">\n<div class=\"epyt-video-wrapper\"><iframe loading=\"lazy\"  id=\"_ytid_43978\"  width=\"640\" height=\"360\"  data-origwidth=\"640\" data-origheight=\"360\" src=\"https:\/\/www.youtube.com\/embed\/mGyN2NMuS4A?enablejsapi=1&#038;autoplay=0&#038;cc_load_policy=0&#038;cc_lang_pref=&#038;iv_load_policy=1&#038;loop=0&#038;rel=1&#038;fs=1&#038;playsinline=0&#038;autohide=2&#038;theme=dark&#038;color=white&#038;controls=1&#038;\" class=\"__youtube_prefs__  epyt-is-override  no-lazyload\" data-vol=\"50\"  title=\"YouTube player\"  allow=\"fullscreen; accelerometer; autoplay; clipboard-write; encrypted-media; gyroscope; picture-in-picture; web-share\" referrerpolicy=\"strict-origin-when-cross-origin\" allowfullscreen data-no-lazy=\"1\" data-skipgform_ajax_framebjll=\"\"><\/iframe><\/div>\n<\/div><\/figure>\n\n\n\n<div style=\"height:17px\" aria-hidden=\"true\" class=\"wp-block-spacer\"><\/div>\n\n\n\n<p class=\"has-black-color has-text-color has-link-color wp-elements-e2d6c51cfea23e524e8621e1fb636a23\"><strong><strong>\u00a0<em>TYLA\u00a0<\/em><\/strong>INCLUYE COLABORACIONES CON FEAT.\u00a0TRAVIS SCOTT, TEMS, GUNNA, BECKY G, SKILLIBENG Y M\u00c1S<\/strong><\/p>\n\n\n\n<div style=\"height:17px\" aria-hidden=\"true\" class=\"wp-block-spacer\"><\/div>\n\n\n\n<p class=\"has-black-color has-text-color has-link-color wp-elements-0e3fe75cf334a238760fb6c3d2f9c5d1\">Un final r\u00e9cord en 2023 prepar\u00f3 el escenario para que la superestrella del pop-R&amp;B Amapiano, ganadora de un premio GRAMMY<strong>, Tyla<\/strong>, entrara firmemente en su estrellato en 2024, y hoy la superestrella sudafricana lo hace oficial.<\/p>\n\n\n\n<div style=\"height:23px\" aria-hidden=\"true\" class=\"wp-block-spacer\"><\/div>\n\n\n\n<p class=\"has-black-color has-text-color has-link-color wp-elements-2020347399755f6f53486db629d153d5\">El \u00e1lbum debut hom\u00f3nimo de Tyla,<strong><em>\u00a0TYLA<\/em><\/strong>, con apariciones especiales de\u00a0<strong>Travis Scott<\/strong>,\u00a0<strong>Tems<\/strong>,\u00a0<strong>Gunna<\/strong>,\u00a0<strong>Becky G<\/strong>,\u00a0<strong>Skillibeng<\/strong>\u00a0y\u00a0<strong>Kelvin Momo,\u00a0<\/strong>\u00a0ya est\u00e1 disponible.<\/p>\n\n\n\n<div style=\"height:23px\" aria-hidden=\"true\" class=\"wp-block-spacer\"><\/div>\n\n\n\n<p class=\"has-black-color has-text-color has-link-color wp-elements-cb3776b4646d6eaa6825de518c015a10\">Junto con su \u00e1lbum debut, despu\u00e9s de adelantar la canci\u00f3n en las redes sociales durante semanas, Tyla lanza el nuevo video musical de su \u00faltimo himno,\u00a0<strong>\u00abArt\u00bb,<\/strong>\u00a0dirigido por\u00a0<strong>NABIL<\/strong>, que ya se puede ver\u00a0<a href=\"https:\/\/click.emails.sonymusicfans.com\/?qs=7a366ad699c60e2fb8fd96bd56e205ef59462937ae6ad1b50c65624f201be42fad8e82ad186886a1dbe9e44f6ad91d5bf9c0e25f82b71936\">aqu\u00ed<\/a>\u00a0<a href=\"https:\/\/click.emails.sonymusicfans.com\/?qs=7a366ad699c60e2f944677dee2e7a8a44bc708316a54eeb95938d5f8dc44442d9bd8936d9015b8b51027ff3385f6b1a0e5dc670bc5ab2dd9\">.<\/a><br>\u00a0<\/p>\n\n\n\n<div style=\"height:23px\" aria-hidden=\"true\" class=\"wp-block-spacer\"><\/div>\n\n\n\n<p class=\"has-black-color has-text-color has-link-color wp-elements-2b02aa706aeac5f67b4322641e63deaf\"><strong><em>Tyla<\/em><\/strong>\u00a0es un trabajo de 15 pistas y el primer proyecto de larga duraci\u00f3n de la cantante, quien alcanz\u00f3 el oro y el platino con su exitoso single,\u00a0<strong>\u00abWater\u00bb,<\/strong>\u00a0uno de los mayores \u00e9xitos de 2023 que ha logrado 766 millones de reproducciones en todo el mundo hasta la fecha. \u00ab<em>El \u00e9xito innovador de &#8216;Water&#8217; es un testimonio del talento dado por Dios de Tyla, su \u00e9tica de trabajo diligente y lo que puede suceder cuando esos dos elementos se casan perfectamente<\/em>\u00ab, dice la presidenta \/ directora ejecutiva de Epic Records,\u00a0<strong>Sylvia Rhone<\/strong>.<br>\u00a0<\/p>\n\n\n\n<div style=\"height:23px\" aria-hidden=\"true\" class=\"wp-block-spacer\"><\/div>\n\n\n\n<p class=\"has-black-color has-text-color has-link-color wp-elements-6e0b559b0a2b90e303d677701acb1b85\">\u00ab<em>Estamos muy orgullosos de Tyla<\/em>\u00ab, contin\u00faa la legendaria ejecutiva. \u00ab<em>Con cada nueva canci\u00f3n, video, tendencia de baile viral y ahora \u00e1lbum, se hace evidente el alcance completo de su arte \u00fanico. Est\u00e1 llevando su cultura al escenario mundial y ayudando a allanar el camino para toda una nueva generaci\u00f3n de artistas africanos<\/em>\u00ab. En su \u00e1lbum debut, Tyla lleva a los fan\u00e1ticos a un viaje impulsado por Amapiano que interpola una multitud de los g\u00e9neros que han inspirado a Tyla a lo largo de su joven vida, incluidos el hip hop, el pop y el R&amp;B.<\/p>\n\n\n\n<div style=\"height:23px\" aria-hidden=\"true\" class=\"wp-block-spacer\"><\/div>\n\n\n\n<p class=\"has-black-color has-text-color has-link-color wp-elements-8a8fec82eed839f83339ad9cfb6f92da\">Temas como\u00a0<strong>\u00abSafer\u00bb, \u00abTruth Or Dare\u00bb\u00a0<\/strong>y \u00ab<strong>On My Body<\/strong>\u00ab, con Becky G, recordar\u00e1n la energ\u00eda atemporal de \u00ab<strong>Water<\/strong>\u00ab, mientras que en otros lugares, Tyla ampl\u00eda su rango. Gunna y Skillibeng se unen a ella para un himno de Hip Hop de alto vuelo, y\u00a0<strong>\u00abButterflies\u00bb<\/strong>\u00a0es una balada pegadiza de R&amp;B, desprovista de los tempos optimistas habituales de Tyla.<\/p>\n\n\n\n<div style=\"height:23px\" aria-hidden=\"true\" class=\"wp-block-spacer\"><\/div>\n\n\n\n<p class=\"has-black-color has-text-color has-link-color wp-elements-e4a2fcb1eefbc9b92db9660c6005875d\">\u00ab<em>Cuando escucho el \u00e1lbum, estoy muy orgullosa de \u00e9l<\/em>\u00ab, dijo Tyla a\u00a0<strong>Rolling Stone<\/strong>\u00a0la semana pasada. \u00ab<em>Veo que nuestro sonido llega tan lejos: la cultura, las palabras, la jerga. Incluso solo Joburg, la idea de que la gente ahora cante sobre Joburg\u00bb<\/em>.<\/p>\n\n\n\n<div style=\"height:23px\" aria-hidden=\"true\" class=\"wp-block-spacer\"><\/div>\n\n\n\n<p class=\"has-black-color has-text-color has-link-color wp-elements-915d6428ac17b4825fce1719040a6a78\">El lanzamiento de\u00a0<strong>Tyla<\/strong>\u00a0sigue a una hist\u00f3rica segunda mitad de 2023 para Tyla, quien se convirti\u00f3 en la solista femenina m\u00e1s alta en la historia africana en el Billboard Hot 100 de EE. UU. cuando \u00abWater\u00bb alcanz\u00f3 el punto #7. Junto con este galard\u00f3n vino una certificaci\u00f3n de platino de la RIAA y la primera nominaci\u00f3n al GRAMMY de Tyla. En febrero, eso se convirti\u00f3 en una victoria del GRAMMY, por \u00abMejor Interpretaci\u00f3n de M\u00fasica Africana\u00bb, en un campo abarrotado que inclu\u00eda a Davido, WizKid y Burna Boy.<\/p>\n\n\n\n<div style=\"height:23px\" aria-hidden=\"true\" class=\"wp-block-spacer\"><\/div>\n\n\n\n<p class=\"has-black-color has-text-color has-link-color wp-elements-735f3936146981d032905d1f12d14225\">\u00ab<em>La historia de Tyla ya ha inspirado a millones de personas<\/em>\u00ab, dice\u00a0<strong>Ezekiel Lewis<\/strong>, presidente de Epic Records. \u00ab<em>Su joven estrella est\u00e1 en ascenso, y este proyecto marca un paso m\u00e1s hacia el logro de una base global de fan\u00e1ticos de la m\u00fasica arraigada en el toque y la sensaci\u00f3n del Amapiano, el R&amp;B y el Pop. Su m\u00fasica es una exportaci\u00f3n de la m\u00fasica y la cultura africanas &#8216;The Tyla Way&#8217;, y estamos ansiosos por compartir este incre\u00edble cuerpo de trabajo con el mundo. Est\u00e9n atentos<\/em>\u00ab.<\/p>\n\n\n\n<div style=\"height:23px\" aria-hidden=\"true\" class=\"wp-block-spacer\"><\/div>\n\n\n\n<div style=\"height:23px\" aria-hidden=\"true\" class=\"wp-block-spacer\"><\/div>\n","protected":false},"excerpt":{"rendered":"<p>TYLA\u00a0PRESENTA SU \u00c1LBUM DEBUT\u00a0TYLA<\/p>\n","protected":false},"author":5,"featured_media":6103,"comment_status":"open","ping_status":"open","sticky":false,"template":"","format":"standard","meta":{"om_disable_all_campaigns":false,"_uf_show_specific_survey":0,"_uf_disable_surveys":false,"footnotes":""},"categories":[4,1],"tags":[],"class_list":["post-6101","post","type-post","status-publish","format-standard","has-post-thumbnail","hentry","category-musica","category-uncategorized"],"_links":{"self":[{"href":"https:\/\/entrenotasyacordes.com\/index.php?rest_route=\/wp\/v2\/posts\/6101","targetHints":{"allow":["GET"]}}],"collection":[{"href":"https:\/\/entrenotasyacordes.com\/index.php?rest_route=\/wp\/v2\/posts"}],"about":[{"href":"https:\/\/entrenotasyacordes.com\/index.php?rest_route=\/wp\/v2\/types\/post"}],"author":[{"embeddable":true,"href":"https:\/\/entrenotasyacordes.com\/index.php?rest_route=\/wp\/v2\/users\/5"}],"replies":[{"embeddable":true,"href":"https:\/\/entrenotasyacordes.com\/index.php?rest_route=%2Fwp%2Fv2%2Fcomments&post=6101"}],"version-history":[{"count":2,"href":"https:\/\/entrenotasyacordes.com\/index.php?rest_route=\/wp\/v2\/posts\/6101\/revisions"}],"predecessor-version":[{"id":6104,"href":"https:\/\/entrenotasyacordes.com\/index.php?rest_route=\/wp\/v2\/posts\/6101\/revisions\/6104"}],"wp:featuredmedia":[{"embeddable":true,"href":"https:\/\/entrenotasyacordes.com\/index.php?rest_route=\/wp\/v2\/media\/6103"}],"wp:attachment":[{"href":"https:\/\/entrenotasyacordes.com\/index.php?rest_route=%2Fwp%2Fv2%2Fmedia&parent=6101"}],"wp:term":[{"taxonomy":"category","embeddable":true,"href":"https:\/\/entrenotasyacordes.com\/index.php?rest_route=%2Fwp%2Fv2%2Fcategories&post=6101"},{"taxonomy":"post_tag","embeddable":true,"href":"https:\/\/entrenotasyacordes.com\/index.php?rest_route=%2Fwp%2Fv2%2Ftags&post=6101"}],"curies":[{"name":"wp","href":"https:\/\/api.w.org\/{rel}","templated":true}]}}