{"id":6111,"date":"2024-03-22T15:09:18","date_gmt":"2024-03-22T15:09:18","guid":{"rendered":"https:\/\/entrenotasyacordes.com\/?p=6111"},"modified":"2024-03-25T15:10:57","modified_gmt":"2024-03-25T15:10:57","slug":"soley-lanza-mlpd","status":"publish","type":"post","link":"https:\/\/entrenotasyacordes.com\/?p=6111","title":{"rendered":"SOLEY\u00a0LANZA\u00a0\u201cMLPD\u201d"},"content":{"rendered":"\n<p class=\"has-black-color has-text-color has-link-color wp-elements-fb636f6c534f40a1ee4ee0763c8a9e2d\"><strong>EL NUEVO HIMNO FEMENINO EN CONTRA <strong>DE LOS MALOS AMORES<\/strong><\/strong><\/p>\n\n\n\n<!--more-->\n\n\n\n<figure class=\"wp-block-embed is-type-video is-provider-youtube wp-block-embed-youtube wp-embed-aspect-16-9 wp-has-aspect-ratio\"><div class=\"wp-block-embed__wrapper\">\n<div class=\"epyt-video-wrapper\"><iframe loading=\"lazy\"  id=\"_ytid_38427\"  width=\"640\" height=\"360\"  data-origwidth=\"640\" data-origheight=\"360\" src=\"https:\/\/www.youtube.com\/embed\/e-V6WpvkqHw?enablejsapi=1&#038;autoplay=0&#038;cc_load_policy=0&#038;cc_lang_pref=&#038;iv_load_policy=1&#038;loop=0&#038;rel=1&#038;fs=1&#038;playsinline=0&#038;autohide=2&#038;theme=dark&#038;color=white&#038;controls=1&#038;\" class=\"__youtube_prefs__  epyt-is-override  no-lazyload\" data-vol=\"50\"  title=\"YouTube player\"  allow=\"fullscreen; accelerometer; autoplay; clipboard-write; encrypted-media; gyroscope; picture-in-picture; web-share\" referrerpolicy=\"strict-origin-when-cross-origin\" allowfullscreen data-no-lazy=\"1\" data-skipgform_ajax_framebjll=\"\"><\/iframe><\/div>\n<\/div><\/figure>\n\n\n\n<div style=\"height:19px\" aria-hidden=\"true\" class=\"wp-block-spacer\"><\/div>\n\n\n\n<p class=\"has-black-color has-text-color has-link-color wp-elements-124146c83bb21dfc4fca544e796973ed\">\u201c<strong>LA BELLAKITA RECIBE DOS NOMINACIONES <strong>EN PREMIOS NUESTRA TIERRA\u201d<\/strong><\/strong><\/p>\n\n\n\n<div style=\"height:20px\" aria-hidden=\"true\" class=\"wp-block-spacer\"><\/div>\n\n\n\n<p class=\"has-black-color has-text-color has-link-color wp-elements-26b20fdab8deaf04099cad8b0054c265\">La joven promesa de La Industria Inc Soley, lanza \u201cMLPD\u201d -que ya est\u00e1 disponible en YouTube y todas las plataformas digitales-, el nuevo tema que se cre\u00f3 pensando en todos esos malos amores por los que pasan muchas mujeres y ahora, es momento de desahogarse.<\/p>\n\n\n\n<div style=\"height:20px\" aria-hidden=\"true\" class=\"wp-block-spacer\"><\/div>\n\n\n\n<p class=\"has-black-color has-text-color has-link-color wp-elements-aa167168b31ec89d52d7bf24ab1c8ccd\">Tras comenzar el a\u00f1o por todo lo alto con presentaciones en diferentes escenarios como el Metro Concierto del Carnaval de Barranquilla, all\u00ed comparti\u00f3 tarima con Nicky Jam, Tito Nieves y Silvestre Dangond. Adem\u00e1s, tambi\u00e9n ofreci\u00f3 show en el festival \u201cLa Solar\u201d en Medell\u00edn junto a grandes como Feid, Paulina Rubio y Quevedo y el Festival PIC-NIC en Costa Rica como su primer show internacional, junto a J Balvin, Alexis y Fido, Greeicy, David Bisbal y Rels B.<\/p>\n\n\n\n<div style=\"height:20px\" aria-hidden=\"true\" class=\"wp-block-spacer\"><\/div>\n\n\n\n<figure class=\"wp-block-image size-full\"><img loading=\"lazy\" decoding=\"async\" width=\"506\" height=\"847\" src=\"https:\/\/entrenotasyacordes.com\/wp-content\/uploads\/2024\/03\/02ede5c1-b9c0-40b5-9cdc-885be52f73af.png\" alt=\"\" class=\"wp-image-6112\" srcset=\"https:\/\/entrenotasyacordes.com\/wp-content\/uploads\/2024\/03\/02ede5c1-b9c0-40b5-9cdc-885be52f73af.png 506w, https:\/\/entrenotasyacordes.com\/wp-content\/uploads\/2024\/03\/02ede5c1-b9c0-40b5-9cdc-885be52f73af-179x300.png 179w\" sizes=\"auto, (max-width: 506px) 100vw, 506px\" \/><\/figure>\n\n\n\n<div style=\"height:20px\" aria-hidden=\"true\" class=\"wp-block-spacer\"><\/div>\n\n\n\n<p class=\"has-black-color has-text-color has-link-color wp-elements-a991238e10aec6b3512cabed40535e31\">Adem\u00e1s \u201cLa Bellakita\u201d celebra sus dos nominaciones a Premios Nuestra Tierra en las categor\u00edas \u201cArtista Revelaci\u00f3n\u201d y \u201cMejor Colaboraci\u00f3n Urbana\u201d por su tema \u201cTodos Mienten\u201d ft. Cali Cartel.<\/p>\n\n\n\n<div style=\"height:20px\" aria-hidden=\"true\" class=\"wp-block-spacer\"><\/div>\n\n\n\n<p class=\"has-black-color has-text-color has-link-color wp-elements-556cd20a968b2fbda30bb431ae7214cf\">MLPD, que se hizo junto a los productores Alex De Big Pieces, Jhon El Intocable, Mauro Dembow y Mr Montoya, surge de las ganas de Soley por representar a todas esas mujeres que est\u00e1n cansadas de los malos amores, as\u00ed que un \u201cMLPD\u201d es un hombre que hizo mucho da\u00f1o. \u201cLa Bellakita\u201d espera que las mujeres se sientan identificadas con la canci\u00f3n, resaltando que \u201clas bellakitas\u201d no \u201ctiran\u201d, sino que hablan de frente, como en este tema, que busca adem\u00e1s provocar un sentimiento de poder y recordarles a las chicas que si alguien vino a su vida a hacer da\u00f1o, simplemente se \u201celimina la historia\u201d.<\/p>\n\n\n\n<div style=\"height:20px\" aria-hidden=\"true\" class=\"wp-block-spacer\"><\/div>\n\n\n\n<p class=\"has-black-color has-text-color has-link-color wp-elements-1ecfb1869be8405dc3f68e504df66cfe\">El video de MLPD, grabado en Medell\u00edn bajo la producci\u00f3n de ADB Films junto a Sebasti\u00e1n Bastidas y Felipe Zapata, naci\u00f3 de una idea original de Soley, donde se quer\u00eda mostrar una noche de amigas d\u00e1ndose apoyo y dejando claro que ning\u00fan malparid* puede hacerles da\u00f1o. Visualmente el video transmite la personalidad de Soley y expresa la tranquilidad que tiene despu\u00e9s de una ruptura.<\/p>\n\n\n\n<div style=\"height:20px\" aria-hidden=\"true\" class=\"wp-block-spacer\"><\/div>\n\n\n\n<p class=\"has-black-color has-text-color has-link-color wp-elements-a8c8aa0d3cb438d8c0d93b4d5386d28e\">Si quieres saber m\u00e1s de Soley, siguela en todas su redes sociales y no te pierdas de sus \u00faltimas noticias y pr\u00f3ximos lanzamientos.<\/p>\n\n\n\n<div style=\"height:20px\" aria-hidden=\"true\" class=\"wp-block-spacer\"><\/div>\n\n\n\n<p class=\"has-black-color has-text-color has-link-color wp-elements-ca30a1e908d88b5677d1b47d5d4f1c24\"><strong><br><\/strong><\/p>\n","protected":false},"excerpt":{"rendered":"<p>EL NUEVO HIMNO FEMENINO EN CONTRA DE LOS MALOS AMORES<\/p>\n","protected":false},"author":5,"featured_media":6113,"comment_status":"open","ping_status":"open","sticky":false,"template":"","format":"standard","meta":{"om_disable_all_campaigns":false,"_uf_show_specific_survey":0,"_uf_disable_surveys":false,"footnotes":""},"categories":[4],"tags":[],"class_list":["post-6111","post","type-post","status-publish","format-standard","has-post-thumbnail","hentry","category-musica"],"_links":{"self":[{"href":"https:\/\/entrenotasyacordes.com\/index.php?rest_route=\/wp\/v2\/posts\/6111","targetHints":{"allow":["GET"]}}],"collection":[{"href":"https:\/\/entrenotasyacordes.com\/index.php?rest_route=\/wp\/v2\/posts"}],"about":[{"href":"https:\/\/entrenotasyacordes.com\/index.php?rest_route=\/wp\/v2\/types\/post"}],"author":[{"embeddable":true,"href":"https:\/\/entrenotasyacordes.com\/index.php?rest_route=\/wp\/v2\/users\/5"}],"replies":[{"embeddable":true,"href":"https:\/\/entrenotasyacordes.com\/index.php?rest_route=%2Fwp%2Fv2%2Fcomments&post=6111"}],"version-history":[{"count":2,"href":"https:\/\/entrenotasyacordes.com\/index.php?rest_route=\/wp\/v2\/posts\/6111\/revisions"}],"predecessor-version":[{"id":6115,"href":"https:\/\/entrenotasyacordes.com\/index.php?rest_route=\/wp\/v2\/posts\/6111\/revisions\/6115"}],"wp:featuredmedia":[{"embeddable":true,"href":"https:\/\/entrenotasyacordes.com\/index.php?rest_route=\/wp\/v2\/media\/6113"}],"wp:attachment":[{"href":"https:\/\/entrenotasyacordes.com\/index.php?rest_route=%2Fwp%2Fv2%2Fmedia&parent=6111"}],"wp:term":[{"taxonomy":"category","embeddable":true,"href":"https:\/\/entrenotasyacordes.com\/index.php?rest_route=%2Fwp%2Fv2%2Fcategories&post=6111"},{"taxonomy":"post_tag","embeddable":true,"href":"https:\/\/entrenotasyacordes.com\/index.php?rest_route=%2Fwp%2Fv2%2Ftags&post=6111"}],"curies":[{"name":"wp","href":"https:\/\/api.w.org\/{rel}","templated":true}]}}