{"id":6116,"date":"2024-03-22T15:14:15","date_gmt":"2024-03-22T15:14:15","guid":{"rendered":"https:\/\/entrenotasyacordes.com\/?p=6116"},"modified":"2024-03-25T15:17:55","modified_gmt":"2024-03-25T15:17:55","slug":"ryan-castro-lanza-su-primer-single-de-2024-rich-rappers","status":"publish","type":"post","link":"https:\/\/entrenotasyacordes.com\/?p=6116","title":{"rendered":"RYAN CASTRO LANZA SU PRIMER SINGLE DE 2024 \u201cRICH RAPPERS\u201d"},"content":{"rendered":"\n<!--more-->\n\n\n\n<figure class=\"wp-block-embed is-type-rich is-provider-spotify wp-block-embed-spotify wp-embed-aspect-21-9 wp-has-aspect-ratio\"><div class=\"wp-block-embed__wrapper\">\n<iframe title=\"Spotify Embed: Rich Rappers\" style=\"border-radius: 12px\" width=\"100%\" height=\"352\" frameborder=\"0\" allowfullscreen allow=\"autoplay; clipboard-write; encrypted-media; fullscreen; picture-in-picture\" loading=\"lazy\" src=\"https:\/\/open.spotify.com\/embed\/album\/2SoYdGUSBOlc2tBLBW9G84?go=1&#038;referral=labelaffiliate&#038;utm_source=oembed&#038;utm_medium=Sony_SonyMusicColombia&#038;utm_campaign=labelaffiliate&#038;nd=1&#038;dlsi=2d7e88b858f94d68\"><\/iframe>\n<\/div><\/figure>\n\n\n\n<div style=\"height:27px\" aria-hidden=\"true\" class=\"wp-block-spacer\"><\/div>\n\n\n\n<p class=\"has-black-color has-text-color has-link-color wp-elements-5d088521f446cc8c6708bb61d77f068d\">Reci\u00e9n nombrado por Rolling Stone como uno de los 25 artistas representando el Futuro de la m\u00fasica,\u00a0<strong>RYAN CASTRO\u00a0<\/strong>&#8211; el l\u00edder de la nueva generaci\u00f3n del Reggaeton- lanza \u00ab<a href=\"https:\/\/click.emails.sonymusicfans.com\/?qs=76629422a38926223f1067b3238424768e09c720c3b74270f303b070ab6d2ee1641aaac9617504213a815105d65c27442faacbde64318612\"><strong>RICH RAPPERS<\/strong><\/a>\u00ab, su primera colaboraci\u00f3n con un rapero americano,<strong>\u00a0Rich The Kid<\/strong>.<\/p>\n\n\n\n<div style=\"height:19px\" aria-hidden=\"true\" class=\"wp-block-spacer\"><\/div>\n\n\n\n<p class=\"has-black-color has-text-color has-link-color wp-elements-a405ab1d2daadfbdc11aabdbd157dbd7\">El tema, disponible en todas las plataformas digitales, debut\u00f3 inicialmente en Amazon Music como parte de su campa\u00f1a &#8216;The Future is Ours&#8217;, que celebra el futuro de la m\u00fasica y el sonido que rinde homenaje a los artistas latinos innovadores de la pr\u00f3xima generaci\u00f3n.<\/p>\n\n\n\n<div style=\"height:19px\" aria-hidden=\"true\" class=\"wp-block-spacer\"><\/div>\n\n\n\n<p class=\"has-black-color has-text-color has-link-color wp-elements-af6921b8c829978975a7e8a50ec0ea45\">\u00ab<strong>Rich Rappers<\/strong>\u00bb marca el inicio de la cuenta regresiva para el lanzamiento del \u00e1lbum debut de Castro, \u00ab<strong>El Cantante Del Ghetto<\/strong>\u00ab. El tema sigue el concepto de su inminente proyecto; el triunfo de salir de su \u2018barrio\u2019 para ganarse la vida con la m\u00fasica.<\/p>\n\n\n\n<div style=\"height:19px\" aria-hidden=\"true\" class=\"wp-block-spacer\"><\/div>\n\n\n\n<figure class=\"wp-block-image size-large\"><img loading=\"lazy\" decoding=\"async\" width=\"819\" height=\"1024\" src=\"https:\/\/entrenotasyacordes.com\/wp-content\/uploads\/2024\/03\/RYAN-X-RICHSC03098-ERYAN-X-RICHitar-819x1024.jpg\" alt=\"\" class=\"wp-image-6117\" srcset=\"https:\/\/entrenotasyacordes.com\/wp-content\/uploads\/2024\/03\/RYAN-X-RICHSC03098-ERYAN-X-RICHitar-819x1024.jpg 819w, https:\/\/entrenotasyacordes.com\/wp-content\/uploads\/2024\/03\/RYAN-X-RICHSC03098-ERYAN-X-RICHitar-240x300.jpg 240w, https:\/\/entrenotasyacordes.com\/wp-content\/uploads\/2024\/03\/RYAN-X-RICHSC03098-ERYAN-X-RICHitar-768x960.jpg 768w, https:\/\/entrenotasyacordes.com\/wp-content\/uploads\/2024\/03\/RYAN-X-RICHSC03098-ERYAN-X-RICHitar-1229x1536.jpg 1229w, https:\/\/entrenotasyacordes.com\/wp-content\/uploads\/2024\/03\/RYAN-X-RICHSC03098-ERYAN-X-RICHitar-1638x2048.jpg 1638w, https:\/\/entrenotasyacordes.com\/wp-content\/uploads\/2024\/03\/RYAN-X-RICHSC03098-ERYAN-X-RICHitar-1024x1280.jpg 1024w, https:\/\/entrenotasyacordes.com\/wp-content\/uploads\/2024\/03\/RYAN-X-RICHSC03098-ERYAN-X-RICHitar-scaled.jpg 2048w\" sizes=\"auto, (max-width: 819px) 100vw, 819px\" \/><\/figure>\n\n\n\n<div style=\"height:19px\" aria-hidden=\"true\" class=\"wp-block-spacer\"><\/div>\n\n\n\n<p class=\"has-black-color has-text-color has-link-color wp-elements-c6945b661c4e5cf84215beeb3109c171\">Simult\u00e1neamente al lanzamiento de \u00ab<strong>Rich Rappers<\/strong>\u00ab,&nbsp;<strong>Ryan Castro<\/strong>&nbsp;obtiene cuatro nominaciones a&nbsp;<strong>Premio Nuestra Tierra<\/strong>&nbsp;donde compite por&nbsp;<strong>&#8216;Mejor Artista Urbano&#8217;<\/strong>, adem\u00e1s de&nbsp;<strong>&#8216;Mejor Canci\u00f3n Urbana&#8217;<\/strong>&nbsp;por su hit certificado 2x platino \u00ab<a href=\"https:\/\/click.emails.sonymusicfans.com\/?qs=76629422a38926223030f2e1bb77a3852523af791bb9ffd52e7db5cafb4fe27cf33f48107092147039b24323e61bb8778cb2cc72ab660996\">QUEMA<\/a>\u00bb y&nbsp;<strong>&#8216;Mejor Colaboraci\u00f3n Urbana&#8217;<\/strong>&nbsp;por \u00ab<a href=\"https:\/\/click.emails.sonymusicfans.com\/?qs=76629422a3892622289900f2c6786ae25f84b1c664ed224ff50cfea6bce5e379e1d90228c7ae6ba4c6b0605cc618a89ff0431cc6cb94311c\">Ojitos Rojos&nbsp;<\/a>\u00bb y \u00ab<strong>Quema<\/strong>\u00ab.<\/p>\n\n\n\n<div style=\"height:19px\" aria-hidden=\"true\" class=\"wp-block-spacer\"><\/div>\n\n\n\n<p class=\"has-black-color has-text-color has-link-color wp-elements-a3bc3081beaf754149818bed76f15ee7\">Ahora, Ryan Castro est\u00e1 finalizando los \u00faltimos detalles de su primer \u00e1lbum de estudio \u00abEL CANTANTE DEL GHETTO\u00bb, uno que rendir\u00e1 homenaje a sus ra\u00edces y a la gente trabajadora de los ghettos. M\u00e1s detalles pronto<\/p>\n\n\n\n<div style=\"height:26px\" aria-hidden=\"true\" class=\"wp-block-spacer\"><\/div>\n","protected":false},"excerpt":{"rendered":"","protected":false},"author":5,"featured_media":6118,"comment_status":"open","ping_status":"open","sticky":false,"template":"","format":"standard","meta":{"om_disable_all_campaigns":false,"_uf_show_specific_survey":0,"_uf_disable_surveys":false,"footnotes":""},"categories":[4],"tags":[],"class_list":["post-6116","post","type-post","status-publish","format-standard","has-post-thumbnail","hentry","category-musica"],"_links":{"self":[{"href":"https:\/\/entrenotasyacordes.com\/index.php?rest_route=\/wp\/v2\/posts\/6116","targetHints":{"allow":["GET"]}}],"collection":[{"href":"https:\/\/entrenotasyacordes.com\/index.php?rest_route=\/wp\/v2\/posts"}],"about":[{"href":"https:\/\/entrenotasyacordes.com\/index.php?rest_route=\/wp\/v2\/types\/post"}],"author":[{"embeddable":true,"href":"https:\/\/entrenotasyacordes.com\/index.php?rest_route=\/wp\/v2\/users\/5"}],"replies":[{"embeddable":true,"href":"https:\/\/entrenotasyacordes.com\/index.php?rest_route=%2Fwp%2Fv2%2Fcomments&post=6116"}],"version-history":[{"count":2,"href":"https:\/\/entrenotasyacordes.com\/index.php?rest_route=\/wp\/v2\/posts\/6116\/revisions"}],"predecessor-version":[{"id":6120,"href":"https:\/\/entrenotasyacordes.com\/index.php?rest_route=\/wp\/v2\/posts\/6116\/revisions\/6120"}],"wp:featuredmedia":[{"embeddable":true,"href":"https:\/\/entrenotasyacordes.com\/index.php?rest_route=\/wp\/v2\/media\/6118"}],"wp:attachment":[{"href":"https:\/\/entrenotasyacordes.com\/index.php?rest_route=%2Fwp%2Fv2%2Fmedia&parent=6116"}],"wp:term":[{"taxonomy":"category","embeddable":true,"href":"https:\/\/entrenotasyacordes.com\/index.php?rest_route=%2Fwp%2Fv2%2Fcategories&post=6116"},{"taxonomy":"post_tag","embeddable":true,"href":"https:\/\/entrenotasyacordes.com\/index.php?rest_route=%2Fwp%2Fv2%2Ftags&post=6116"}],"curies":[{"name":"wp","href":"https:\/\/api.w.org\/{rel}","templated":true}]}}