{"id":6125,"date":"2024-03-25T15:24:58","date_gmt":"2024-03-25T15:24:58","guid":{"rendered":"https:\/\/entrenotasyacordes.com\/?p=6125"},"modified":"2024-03-25T15:25:00","modified_gmt":"2024-03-25T15:25:00","slug":"maria-becerra-hace-historia","status":"publish","type":"post","link":"https:\/\/entrenotasyacordes.com\/?p=6125","title":{"rendered":"MARIA BECERRA HACE HISTORIA"},"content":{"rendered":"\n<p class=\"has-black-color has-text-color has-link-color wp-elements-43119c855075c6005e6d5c795618f512\"><strong>CONVIRTI\u00c9NDOSE EN LA PRIMERA ARTISTA ARGENTINA EN TOCAR EN RIVER<\/strong><\/p>\n\n\n\n<!--more-->\n\n\n\n<p class=\"has-black-color has-text-color has-link-color wp-elements-5c04cf242b107f6c8f82a70c7a2ff3d4\">Buenos Aires, 24 de marzo de 2024. El viernes 22 y el s\u00e1bado 23 de marzo, quedar\u00e1 marcado en la historia de la m\u00fasica Argentina que por primera vez una artista nacional femenina tuvo su show individual en el m\u00edtico estadio Monumental. M\u00e1s de 140 mil fans fueron parte de esta enorme celebraci\u00f3n de la artista m\u00e1s escuchada del pa\u00eds que no para de llevar nuestra m\u00fasica a lo m\u00e1s alto del mundo entero.<\/p>\n\n\n\n<div style=\"height:20px\" aria-hidden=\"true\" class=\"wp-block-spacer\"><\/div>\n\n\n\n<p class=\"has-black-color has-text-color has-link-color wp-elements-7aefe0caabcae0822dba26560942283e\">El show que prepar\u00f3 para este hito tan especial estuvo compuesto de nueve bloques donde se desplegaron todos los g\u00e9neros que domina la vers\u00e1til Maria Becerra: urbano, reggaeton, bachata, . El primero de ellos abri\u00f3 con \u201cLA NENA DE ARGENTINA\u201d, su carta de presentaci\u00f3n hecha canci\u00f3n, un tema de afirmaci\u00f3n de una artista que est\u00e1 en la cima de la escena. Rodeada de bailarines, acompa\u00f1ada de su banda, con un coro de siete voces, y con un escenario forrado de pantallas led de 15 mts de altura comenz\u00f3 el show que no di\u00f3 respiro a los asistentes. Fiel a su estilo le propuso a sus fans animarse al PERREO FURIOSO y el estadio entero core\u00f3 y bail\u00f3 al ritmo de la canci\u00f3n que lleva el mismo nombre. En una tarima que la bajaba y sub\u00eda del foso al escenario, Maria desapareci\u00f3 y comenzaron a sonar tambores afro acompa\u00f1ados por dancers dieron inicio a uno de los 7 cambios de vestuario de la noche donde jug\u00f3 con reversiones de&nbsp; \u201c\u00c1FRICA\u201d, \u201cCAZAME\u201d y \u201cMAL ACOSTUMBRADO\u201d.<\/p>\n\n\n\n<div style=\"height:20px\" aria-hidden=\"true\" class=\"wp-block-spacer\"><\/div>\n\n\n\n<p class=\"has-black-color has-text-color has-link-color wp-elements-dc995d98d501dc7d534c82d88cd0e543\">El concierto estuvo a la altura de producciones internacionales, con visuales animadas y c\u00e1maras que acompa\u00f1aban&nbsp; a Maria para que se la viera hasta el final del estadio. Una incre\u00edble est\u00e9tica en los vestuarios de Maria y sus dancers completan un escenario hipnotizante.<\/p>\n\n\n\n<div style=\"height:20px\" aria-hidden=\"true\" class=\"wp-block-spacer\"><\/div>\n\n\n\n<p class=\"has-black-color has-text-color has-link-color wp-elements-a05ba0300efae28faa7b1a5df6011a66\">Con una crew de m\u00e1s de 250 personas, un equipo grabando el documental sobre todo lo que vivieron a lo largo de estos tres meses de trabajo armando esta experiencia inmersiva, con momentos en donde Maria record\u00f3 sus or\u00edgenes, se detuvo a dedicarle unas emotivas palabras a sus padres y hasta se dio el lujo de subir a cantar con su hermana Ail\u00edn, el show dej\u00f3 m\u00e1s que satisfechos a los amantes de Maria.<\/p>\n\n\n\n<div style=\"height:20px\" aria-hidden=\"true\" class=\"wp-block-spacer\"><\/div>\n\n\n\n<p class=\"has-black-color has-text-color has-link-color wp-elements-56a8e7a8d91ead208b8a654ea79886aa\">\u00bfEl broche de oro de un show perfecto? Los \u00e9xitos de \u201cAUTOM\u00c1TICO\u201d, la canci\u00f3n donde Maria canta \u201ceste Ferrari sabes que es made in Argentina\u201d y anoche, m\u00e1s que nunca, alude a la gran m\u00e1quina de lanzar hits en la que se ha convertido. Despu\u00e9s de \u201cTE CURA\u201d, Maria redobla la apuesta para irse bien arriba a un bloque m\u00e1s electr\u00f3nico con \u201cBERL\u00cdN\u201d, \u201cLOS DEL ESPACIO\u201d y \u201cQU\u00c9 M\u00c1S PUES\u201d, la canci\u00f3n con la que Maria se congela en una pose final ante los ojos at\u00f3nitos de fans que se vuelven a sus casas a\u00fan m\u00e1s enloquecidos con ella.<\/p>\n\n\n\n<div style=\"height:20px\" aria-hidden=\"true\" class=\"wp-block-spacer\"><\/div>\n\n\n\n<p class=\"has-black-color has-text-color has-link-color wp-elements-fe3f380376cbe1d6765a65b0d0cd5c89\">Pero no solo el furor se vivi\u00f3 en la cancha, sino que desde sus casas miles de personas disfrutaron del show en vivo desde Flow, marcando un pico de 150 mil views en directo.<\/p>\n\n\n\n<div style=\"height:20px\" aria-hidden=\"true\" class=\"wp-block-spacer\"><\/div>\n\n\n\n<p class=\"has-black-color has-text-color has-link-color wp-elements-bdfce359d7690f47d27c395cdcbc7ae6\">Fiel a su humildad no dej\u00f3 de agradecerle a su p\u00fablico el apoyo incondicional que le han dado todo este tiempo, al equipo que la acompa\u00f1a y pidi\u00f3 una foto para recordar el hist\u00f3rico momento, haciendo que todos los integrantes de su crew suban al escenario en donde se gener\u00f3 una verdadera fiesta que dej\u00f3 en evidencia por qu\u00e9 lo que hace Maria Becerra enciende los corazones de todos los que la rodean.<\/p>\n\n\n\n<div style=\"height:20px\" aria-hidden=\"true\" class=\"wp-block-spacer\"><\/div>\n\n\n\n<figure class=\"wp-block-image size-large\"><img loading=\"lazy\" decoding=\"async\" width=\"1024\" height=\"683\" src=\"https:\/\/entrenotasyacordes.com\/wp-content\/uploads\/2024\/03\/JFN_8419-1024x683.jpg\" alt=\"\" class=\"wp-image-6126\" srcset=\"https:\/\/entrenotasyacordes.com\/wp-content\/uploads\/2024\/03\/JFN_8419-1024x683.jpg 1024w, https:\/\/entrenotasyacordes.com\/wp-content\/uploads\/2024\/03\/JFN_8419-300x200.jpg 300w, https:\/\/entrenotasyacordes.com\/wp-content\/uploads\/2024\/03\/JFN_8419-768x512.jpg 768w, https:\/\/entrenotasyacordes.com\/wp-content\/uploads\/2024\/03\/JFN_8419-1536x1024.jpg 1536w, https:\/\/entrenotasyacordes.com\/wp-content\/uploads\/2024\/03\/JFN_8419.jpg 2048w\" sizes=\"auto, (max-width: 1024px) 100vw, 1024px\" \/><\/figure>\n","protected":false},"excerpt":{"rendered":"<p>CONVIRTI\u00c9NDOSE EN LA PRIMERA ARTISTA ARGENTINA EN TOCAR EN RIVER<\/p>\n","protected":false},"author":5,"featured_media":6127,"comment_status":"open","ping_status":"open","sticky":false,"template":"","format":"standard","meta":{"om_disable_all_campaigns":false,"_uf_show_specific_survey":0,"_uf_disable_surveys":false,"footnotes":""},"categories":[36],"tags":[],"class_list":["post-6125","post","type-post","status-publish","format-standard","has-post-thumbnail","hentry","category-conciertos"],"_links":{"self":[{"href":"https:\/\/entrenotasyacordes.com\/index.php?rest_route=\/wp\/v2\/posts\/6125","targetHints":{"allow":["GET"]}}],"collection":[{"href":"https:\/\/entrenotasyacordes.com\/index.php?rest_route=\/wp\/v2\/posts"}],"about":[{"href":"https:\/\/entrenotasyacordes.com\/index.php?rest_route=\/wp\/v2\/types\/post"}],"author":[{"embeddable":true,"href":"https:\/\/entrenotasyacordes.com\/index.php?rest_route=\/wp\/v2\/users\/5"}],"replies":[{"embeddable":true,"href":"https:\/\/entrenotasyacordes.com\/index.php?rest_route=%2Fwp%2Fv2%2Fcomments&post=6125"}],"version-history":[{"count":2,"href":"https:\/\/entrenotasyacordes.com\/index.php?rest_route=\/wp\/v2\/posts\/6125\/revisions"}],"predecessor-version":[{"id":6129,"href":"https:\/\/entrenotasyacordes.com\/index.php?rest_route=\/wp\/v2\/posts\/6125\/revisions\/6129"}],"wp:featuredmedia":[{"embeddable":true,"href":"https:\/\/entrenotasyacordes.com\/index.php?rest_route=\/wp\/v2\/media\/6127"}],"wp:attachment":[{"href":"https:\/\/entrenotasyacordes.com\/index.php?rest_route=%2Fwp%2Fv2%2Fmedia&parent=6125"}],"wp:term":[{"taxonomy":"category","embeddable":true,"href":"https:\/\/entrenotasyacordes.com\/index.php?rest_route=%2Fwp%2Fv2%2Fcategories&post=6125"},{"taxonomy":"post_tag","embeddable":true,"href":"https:\/\/entrenotasyacordes.com\/index.php?rest_route=%2Fwp%2Fv2%2Ftags&post=6125"}],"curies":[{"name":"wp","href":"https:\/\/api.w.org\/{rel}","templated":true}]}}