{"id":6130,"date":"2024-03-25T15:29:38","date_gmt":"2024-03-25T15:29:38","guid":{"rendered":"https:\/\/entrenotasyacordes.com\/?p=6130"},"modified":"2024-03-25T15:29:39","modified_gmt":"2024-03-25T15:29:39","slug":"con-numerosos-invitados-ke-personajes-se-presento-en-el-estadio-uno-de-la-plata-con-localidades-agotadas","status":"publish","type":"post","link":"https:\/\/entrenotasyacordes.com\/?p=6130","title":{"rendered":"Con numerosos invitados KE PERSONAJES se present\u00f3 en el ESTADIO UNO de La Plata con localidades agotadas"},"content":{"rendered":"\n<div style=\"height:16px\" aria-hidden=\"true\" class=\"wp-block-spacer\"><\/div>\n\n\n\n<!--more-->\n\n\n\n<p>Con\u00a0<strong>entradas agotadas y r\u00e9cord de venta<\/strong>\u00a0los innovadores\u00a0<strong>KE PERSONAJES<\/strong>\u00a0dieron, la noche de ayer, su primer show en un estadio.\u00a0<\/p>\n\n\n\n<div style=\"height:13px\" aria-hidden=\"true\" class=\"wp-block-spacer\"><\/div>\n\n\n\n<p><br>La ciudad de La Plata fue la encargada de recibir al carism\u00e1tico Emanuel Noir y su banda en el Estadio Uno donde hicieron bailar a miles de personas con su estilo \u00fanico y fresco fusionando la cumbia tradicional con diferentes g\u00e9neros creando un sonido distintivo.<\/p>\n\n\n\n<div style=\"height:13px\" aria-hidden=\"true\" class=\"wp-block-spacer\"><\/div>\n\n\n\n<figure class=\"wp-block-image size-large\"><img loading=\"lazy\" decoding=\"async\" width=\"1024\" height=\"683\" src=\"https:\/\/entrenotasyacordes.com\/wp-content\/uploads\/2024\/03\/45b03154-cdee-69f7-f2b6-2e765e09cd3e-1024x683.jpg\" alt=\"\" class=\"wp-image-6131\" srcset=\"https:\/\/entrenotasyacordes.com\/wp-content\/uploads\/2024\/03\/45b03154-cdee-69f7-f2b6-2e765e09cd3e-1024x683.jpg 1024w, https:\/\/entrenotasyacordes.com\/wp-content\/uploads\/2024\/03\/45b03154-cdee-69f7-f2b6-2e765e09cd3e-300x200.jpg 300w, https:\/\/entrenotasyacordes.com\/wp-content\/uploads\/2024\/03\/45b03154-cdee-69f7-f2b6-2e765e09cd3e-768x512.jpg 768w, https:\/\/entrenotasyacordes.com\/wp-content\/uploads\/2024\/03\/45b03154-cdee-69f7-f2b6-2e765e09cd3e-1536x1024.jpg 1536w, https:\/\/entrenotasyacordes.com\/wp-content\/uploads\/2024\/03\/45b03154-cdee-69f7-f2b6-2e765e09cd3e.jpg 2048w\" sizes=\"auto, (max-width: 1024px) 100vw, 1024px\" \/><\/figure>\n\n\n\n<div style=\"height:13px\" aria-hidden=\"true\" class=\"wp-block-spacer\"><\/div>\n\n\n\n<p class=\"has-black-color has-text-color has-link-color wp-elements-9f98cddec53f912a0d3ee444c21b7482\">Mientras la noche transcurr\u00eda a puro ritmo los invitados se iban preparando para salir al escenario, artistas de la talla Pablo Lescano, La Delio Valdez, FMK, Dread Mar I,\u00a0 Ulises Bueno, Dani de Flor de Piedra y Roda Cambacu\u00e1 fueron los Ft de la noche.<\/p>\n\n\n\n<div style=\"height:13px\" aria-hidden=\"true\" class=\"wp-block-spacer\"><\/div>\n\n\n\n<figure class=\"wp-block-image size-large\"><img loading=\"lazy\" decoding=\"async\" width=\"1024\" height=\"683\" src=\"https:\/\/entrenotasyacordes.com\/wp-content\/uploads\/2024\/03\/e644653b-e4b7-8793-ea43-ed1a36b4d2e3-1024x683.jpg\" alt=\"\" class=\"wp-image-6132\" srcset=\"https:\/\/entrenotasyacordes.com\/wp-content\/uploads\/2024\/03\/e644653b-e4b7-8793-ea43-ed1a36b4d2e3-1024x683.jpg 1024w, https:\/\/entrenotasyacordes.com\/wp-content\/uploads\/2024\/03\/e644653b-e4b7-8793-ea43-ed1a36b4d2e3-300x200.jpg 300w, https:\/\/entrenotasyacordes.com\/wp-content\/uploads\/2024\/03\/e644653b-e4b7-8793-ea43-ed1a36b4d2e3-768x512.jpg 768w, https:\/\/entrenotasyacordes.com\/wp-content\/uploads\/2024\/03\/e644653b-e4b7-8793-ea43-ed1a36b4d2e3-1536x1024.jpg 1536w, https:\/\/entrenotasyacordes.com\/wp-content\/uploads\/2024\/03\/e644653b-e4b7-8793-ea43-ed1a36b4d2e3.jpg 2048w\" sizes=\"auto, (max-width: 1024px) 100vw, 1024px\" \/><\/figure>\n\n\n\n<div style=\"height:13px\" aria-hidden=\"true\" class=\"wp-block-spacer\"><\/div>\n\n\n\n<p class=\"has-black-color has-text-color has-link-color wp-elements-b7b072d868363c641f7793100da0d10f\">Este\u00a0 show plagado de invitados, emociones y ritmo puso fin a la m\u00e1gica noche con los cl\u00e1sicos \u00a8Si no te tengo\u00a8, \u00a8\u00c1ngel\u00a8 y \u00a8Aquello que pas\u00f3\u00a8<\/p>\n","protected":false},"excerpt":{"rendered":"","protected":false},"author":5,"featured_media":6133,"comment_status":"open","ping_status":"open","sticky":false,"template":"","format":"standard","meta":{"om_disable_all_campaigns":false,"_uf_show_specific_survey":0,"_uf_disable_surveys":false,"footnotes":""},"categories":[36],"tags":[],"class_list":["post-6130","post","type-post","status-publish","format-standard","has-post-thumbnail","hentry","category-conciertos"],"_links":{"self":[{"href":"https:\/\/entrenotasyacordes.com\/index.php?rest_route=\/wp\/v2\/posts\/6130","targetHints":{"allow":["GET"]}}],"collection":[{"href":"https:\/\/entrenotasyacordes.com\/index.php?rest_route=\/wp\/v2\/posts"}],"about":[{"href":"https:\/\/entrenotasyacordes.com\/index.php?rest_route=\/wp\/v2\/types\/post"}],"author":[{"embeddable":true,"href":"https:\/\/entrenotasyacordes.com\/index.php?rest_route=\/wp\/v2\/users\/5"}],"replies":[{"embeddable":true,"href":"https:\/\/entrenotasyacordes.com\/index.php?rest_route=%2Fwp%2Fv2%2Fcomments&post=6130"}],"version-history":[{"count":2,"href":"https:\/\/entrenotasyacordes.com\/index.php?rest_route=\/wp\/v2\/posts\/6130\/revisions"}],"predecessor-version":[{"id":6135,"href":"https:\/\/entrenotasyacordes.com\/index.php?rest_route=\/wp\/v2\/posts\/6130\/revisions\/6135"}],"wp:featuredmedia":[{"embeddable":true,"href":"https:\/\/entrenotasyacordes.com\/index.php?rest_route=\/wp\/v2\/media\/6133"}],"wp:attachment":[{"href":"https:\/\/entrenotasyacordes.com\/index.php?rest_route=%2Fwp%2Fv2%2Fmedia&parent=6130"}],"wp:term":[{"taxonomy":"category","embeddable":true,"href":"https:\/\/entrenotasyacordes.com\/index.php?rest_route=%2Fwp%2Fv2%2Fcategories&post=6130"},{"taxonomy":"post_tag","embeddable":true,"href":"https:\/\/entrenotasyacordes.com\/index.php?rest_route=%2Fwp%2Fv2%2Ftags&post=6130"}],"curies":[{"name":"wp","href":"https:\/\/api.w.org\/{rel}","templated":true}]}}