{"id":6900,"date":"2024-04-27T21:57:09","date_gmt":"2024-04-27T21:57:09","guid":{"rendered":"https:\/\/entrenotasyacordes.com\/?p=6900"},"modified":"2024-04-27T21:58:23","modified_gmt":"2024-04-27T21:58:23","slug":"duna-se-presentara-en-the-roxy-bar","status":"publish","type":"post","link":"https:\/\/entrenotasyacordes.com\/?p=6900","title":{"rendered":"DUNA SE PRESENTAR\u00c1 EN THE ROXY BAR"},"content":{"rendered":"\n<p class=\"has-black-color has-text-color has-link-color wp-elements-60845814f0de835fd1ca2018596f5b6c\"><strong>S\u00c1BADO 4 DE MAYO, 21HS EN AV. FEDERICO LACROZE 3499, CABA.<\/strong><\/p>\n\n\n\n<!--more-->\n\n\n\n<p>Luego de un exitoso 2023 y tras cerrar el a\u00f1o con entradas agotadas, la legendaria banda de rock&nbsp;DUNA&nbsp;vuelve a&nbsp;The Roxy Bar<strong><em>;&nbsp;<\/em><\/strong>para brindar otra poderosa noche de m\u00fasica argentina.<\/p>\n\n\n\n<p><\/p>\n\n\n\n<figure class=\"wp-block-image size-full\"><img loading=\"lazy\" decoding=\"async\" width=\"1280\" height=\"480\" src=\"https:\/\/entrenotasyacordes.com\/wp-content\/uploads\/2024\/04\/flyer-duna-roxy-4mayo-apaisado.jpg\" alt=\"\" class=\"wp-image-6901\" srcset=\"https:\/\/entrenotasyacordes.com\/wp-content\/uploads\/2024\/04\/flyer-duna-roxy-4mayo-apaisado.jpg 1280w, https:\/\/entrenotasyacordes.com\/wp-content\/uploads\/2024\/04\/flyer-duna-roxy-4mayo-apaisado-300x113.jpg 300w, https:\/\/entrenotasyacordes.com\/wp-content\/uploads\/2024\/04\/flyer-duna-roxy-4mayo-apaisado-1024x384.jpg 1024w, https:\/\/entrenotasyacordes.com\/wp-content\/uploads\/2024\/04\/flyer-duna-roxy-4mayo-apaisado-768x288.jpg 768w\" sizes=\"auto, (max-width: 1280px) 100vw, 1280px\" \/><\/figure>\n\n\n\n<div style=\"height:18px\" aria-hidden=\"true\" class=\"wp-block-spacer\"><\/div>\n\n\n\n<p>Banda fundada hace<strong>&nbsp;m\u00e1s de 30 a\u00f1os<\/strong>&nbsp;por&nbsp;<strong>Ale Villa&nbsp;<\/strong>(voz y guitarra)<strong>, Raul Arbeldibe<\/strong>&nbsp;(guitarra) y&nbsp;<strong>Marcos Marafioti<\/strong>&nbsp;(bater\u00eda); es parte de la&nbsp;<strong>historia&nbsp;<u>y el presente<\/u>&nbsp;de la m\u00fasica Argentina<\/strong>.<\/p>\n\n\n\n<p>&nbsp;Cl\u00e1sicos como&nbsp;<strong><em>\u201cFinal Marruecos\u201d<\/em><\/strong>&nbsp;o&nbsp;<strong><em>\u201cCalle Abajo\u201d<\/em><\/strong>&nbsp;son canciones de culto y parte de la banda sonora de cualquier fan\u00e1tico del rock de nuestro pa\u00eds.<\/p>\n\n\n\n<p>En el largo camino recorrido por&nbsp;<em>Duna<\/em>&nbsp;(luego llamada&nbsp;<em>Abejorros<\/em>) se vivieron momentos ic\u00f3nicos: ser teloneros del show de&nbsp;<strong>Paul McCartney en River en el a\u00f1o 1993<\/strong>&nbsp;y posteriormente de&nbsp;<strong>Ringo Starr en el 2015<\/strong>, un hecho pr\u00e1cticamente in\u00e9dito para el mundo.<\/p>\n\n\n\n<p>Tambi\u00e9n recuerdan con mucha nostalgia su participaci\u00f3n&nbsp;<strong>en dos oportunidades&nbsp;<\/strong>en vivo en el m\u00edtico programa&nbsp;<strong><em>Bad\u00eda y compa\u00f1\u00eda&nbsp;<\/em><\/strong>del inolvidable Juan Alberto Badia.<\/p>\n\n\n\n<p><strong>Duna<\/strong>&nbsp;es&nbsp;<strong>presente de la m\u00fasica Argentina,&nbsp;<\/strong>desde su&nbsp;<strong>reencuentro en el a\u00f1o 2014<\/strong>&nbsp;en&nbsp;<em>La Trastienda<\/em>&nbsp;(sold out), ratificaron el v\u00ednculo con su p\u00fablico, con su fiel \u2018legi\u00f3n dunera\u2019.<\/p>\n\n\n\n<p><\/p>\n\n\n\n<p>Sus m\u00e1s recientes canciones\u00a0<strong>Barrilete<\/strong>\u00a0y\u00a0<strong>Gira,<\/strong>\u00a0acumulan m\u00e1s de\u00a0<strong><u>100 mil visualizaciones<\/u><\/strong>\u00a0en YouTube desde su estreno Manteniendo la formaci\u00f3n original\u00a0y -la reciente incorporaci\u00f3n de\u00a0<strong>Mauricio LAmonica\u00a0<\/strong>en el bajo-\u00a0<strong>se presentaron en el\u00a0<em>Quilmes Rock 2022,\u00a0<\/em><\/strong>realizaron decenas de shows, pasando por la Costa Atl\u00e1ntica (a\u00f1o 2022 y 2023), Trenque Lauquen y la ciudad de Buenos Aires.<\/p>\n\n\n\n<div style=\"height:131px\" aria-hidden=\"true\" class=\"wp-block-spacer\"><\/div>\n\n\n\n<p class=\"has-black-color has-text-color has-link-color wp-elements-9ac00cf961d1ea846fe5a532228b76c6\"><\/p>\n\n\n\n<div style=\"height:18px\" aria-hidden=\"true\" class=\"wp-block-spacer\"><\/div>\n","protected":false},"excerpt":{"rendered":"<p>S\u00c1BADO 4 DE MAYO, 21HS EN AV. FEDERICO LACROZE 3499, CABA.<\/p>\n","protected":false},"author":5,"featured_media":6901,"comment_status":"open","ping_status":"open","sticky":false,"template":"","format":"standard","meta":{"om_disable_all_campaigns":false,"_uf_show_specific_survey":0,"_uf_disable_surveys":false,"footnotes":""},"categories":[36],"tags":[],"class_list":["post-6900","post","type-post","status-publish","format-standard","has-post-thumbnail","hentry","category-conciertos"],"_links":{"self":[{"href":"https:\/\/entrenotasyacordes.com\/index.php?rest_route=\/wp\/v2\/posts\/6900","targetHints":{"allow":["GET"]}}],"collection":[{"href":"https:\/\/entrenotasyacordes.com\/index.php?rest_route=\/wp\/v2\/posts"}],"about":[{"href":"https:\/\/entrenotasyacordes.com\/index.php?rest_route=\/wp\/v2\/types\/post"}],"author":[{"embeddable":true,"href":"https:\/\/entrenotasyacordes.com\/index.php?rest_route=\/wp\/v2\/users\/5"}],"replies":[{"embeddable":true,"href":"https:\/\/entrenotasyacordes.com\/index.php?rest_route=%2Fwp%2Fv2%2Fcomments&post=6900"}],"version-history":[{"count":2,"href":"https:\/\/entrenotasyacordes.com\/index.php?rest_route=\/wp\/v2\/posts\/6900\/revisions"}],"predecessor-version":[{"id":6903,"href":"https:\/\/entrenotasyacordes.com\/index.php?rest_route=\/wp\/v2\/posts\/6900\/revisions\/6903"}],"wp:featuredmedia":[{"embeddable":true,"href":"https:\/\/entrenotasyacordes.com\/index.php?rest_route=\/wp\/v2\/media\/6901"}],"wp:attachment":[{"href":"https:\/\/entrenotasyacordes.com\/index.php?rest_route=%2Fwp%2Fv2%2Fmedia&parent=6900"}],"wp:term":[{"taxonomy":"category","embeddable":true,"href":"https:\/\/entrenotasyacordes.com\/index.php?rest_route=%2Fwp%2Fv2%2Fcategories&post=6900"},{"taxonomy":"post_tag","embeddable":true,"href":"https:\/\/entrenotasyacordes.com\/index.php?rest_route=%2Fwp%2Fv2%2Ftags&post=6900"}],"curies":[{"name":"wp","href":"https:\/\/api.w.org\/{rel}","templated":true}]}}