{"id":6904,"date":"2024-04-30T14:15:00","date_gmt":"2024-04-30T14:15:00","guid":{"rendered":"https:\/\/entrenotasyacordes.com\/?p=6904"},"modified":"2024-04-30T14:15:43","modified_gmt":"2024-04-30T14:15:43","slug":"ratones-paranoicos-sigue-girando","status":"publish","type":"post","link":"https:\/\/entrenotasyacordes.com\/?p=6904","title":{"rendered":"RATONES PARANOICOS SIGUE GIRANDO"},"content":{"rendered":"\n<p class=\"has-black-color has-text-color has-link-color wp-elements-23785c614ed0a28714830b087b27f1ed\"><strong><em>Reci\u00e9n llegados de Uruguay, donde formaron parte de la grilla del Festival Cosqu\u00edn Rock,\u00a0Ratones Paranoicos, sigue sumando fechas y se prepara para su show en V\u00e9lez en el mes de septiembre.<\/em><\/strong><\/p>\n\n\n\n<!--more-->\n\n\n\n<p class=\"has-black-color has-text-color has-link-color wp-elements-8b463c06a9aab22583f19e6e5480d3d1\"><strong>\u00daltima Ceremonia Tour<\/strong><strong>\u00a0<\/strong><strong>2024<\/strong><strong><br><\/strong><strong>15 DE JUNIO \u2013 CONCEPTO YAPIRE (Corrientes)\u00a0<\/strong><strong><br><\/strong><strong>Entradas a la venta en\u00a0<\/strong><a href=\"http:\/\/www.paseshow.com.ar\/\" target=\"_blank\" rel=\"noreferrer noopener\"><strong>www.paseshow.com.ar<\/strong><\/a><\/p>\n\n\n\n<div style=\"height:17px\" aria-hidden=\"true\" class=\"wp-block-spacer\"><\/div>\n\n\n\n<p class=\"has-black-color has-text-color has-link-color wp-elements-2c44abd6d6b54680608068330e47094b\"><strong>14 DE SEPTIEMBRE &#8211; ESTADIO V\u00c9LEZ SARSFIELD<\/strong><br><strong>Entradas a la venta \u00fanicamente en&nbsp;<\/strong><a href=\"http:\/\/www.entradauno.com\/\" target=\"_blank\" rel=\"noreferrer noopener\"><strong>www.entradauno.com<\/strong><\/a><\/p>\n\n\n\n<div style=\"height:15px\" aria-hidden=\"true\" class=\"wp-block-spacer\"><\/div>\n\n\n\n<figure class=\"wp-block-image size-large\"><img loading=\"lazy\" decoding=\"async\" width=\"1024\" height=\"682\" src=\"https:\/\/entrenotasyacordes.com\/wp-content\/uploads\/2024\/04\/pasted-image-0-1024x682.jpg\" alt=\"\" class=\"wp-image-6905\" srcset=\"https:\/\/entrenotasyacordes.com\/wp-content\/uploads\/2024\/04\/pasted-image-0-1024x682.jpg 1024w, https:\/\/entrenotasyacordes.com\/wp-content\/uploads\/2024\/04\/pasted-image-0-300x200.jpg 300w, https:\/\/entrenotasyacordes.com\/wp-content\/uploads\/2024\/04\/pasted-image-0-768x512.jpg 768w, https:\/\/entrenotasyacordes.com\/wp-content\/uploads\/2024\/04\/pasted-image-0-1536x1023.jpg 1536w, https:\/\/entrenotasyacordes.com\/wp-content\/uploads\/2024\/04\/pasted-image-0.jpg 1600w\" sizes=\"auto, (max-width: 1024px) 100vw, 1024px\" \/><\/figure>\n\n\n\n<div style=\"height:15px\" aria-hidden=\"true\" class=\"wp-block-spacer\"><\/div>\n\n\n\n<p class=\"has-black-color has-text-color has-link-color wp-elements-c90c75b28a8ad5995a184e082b305a91\"><strong>Ratones Paranoicos<\/strong>&nbsp;contin\u00faa con los shows en el marco de su \u00daltima Ceremonia Tour 2024 producida por&nbsp;<strong>Fenix Entertainment Group<\/strong>.&nbsp; Hace unos d\u00edas anunciaron una nueva fecha en Corrientes, para el 15 de junio en Concepto Yapire.&nbsp; Las entradas ya est\u00e1n a la venta en&nbsp;<a href=\"http:\/\/wwww.paseshow.com.ar\/\" target=\"_blank\" rel=\"noreferrer noopener\">wwww.paseshow.com.ar<\/a>&nbsp;y puntos de venta habilitados.&nbsp; Estas presentaciones son la antesala del show que ofrecer\u00e1n el&nbsp;<strong>14 de septiembre en el Estadio V\u00e9lez<\/strong>, la coronaci\u00f3n de esta memorable gira que los puso de vuelta juntos en los escenarios.<\/p>\n\n\n\n<div style=\"height:15px\" aria-hidden=\"true\" class=\"wp-block-spacer\"><\/div>\n\n\n\n<p class=\"has-black-color has-text-color has-link-color wp-elements-4c589a3e39250a1ed77394efa0dc0f86\">La banda liderada por Juanse acaba de presentarse en la 4ta edici\u00f3n uruguaya del Festival Cosqu\u00edn Rock que se llev\u00f3 a cabo en la Rural del Prado de la ciudad de Montevideo. Con una grilla que inclu\u00eda m\u00e1s de 50 bandas de diferentes g\u00e9neros, los&nbsp;<strong>Ratones Paranoicos<\/strong>&nbsp;se lucieron en la primera de las noches ante miles de personas.&nbsp; Un sonido contundente y un repertorio que incluy\u00f3 sus mejores cl\u00e1sicos \u2013 \u201cEl rock del gato\u201d, \u201cRock del pedazo\u201d, \u201cSigue girando\u201d, entre muchas otras -, hicieron que su show se transforme en una fiesta a puro rock &amp; roll.&nbsp;&nbsp;<\/p>\n\n\n\n<div style=\"height:15px\" aria-hidden=\"true\" class=\"wp-block-spacer\"><\/div>\n\n\n\n<p class=\"has-black-color has-text-color has-link-color wp-elements-0c28c07153996faeecac32ecb7313900\"><strong>Ratones Paranoicos&nbsp;<\/strong>anunciaron su regreso el pasado mes de octubre en la presentaci\u00f3n que Juanse realiz\u00f3 en el Estadio Luna Park donde los integrantes de la hist\u00f3rica banda de rock argentino subieron al escenario sorprendiendo a todo el p\u00fablico. En medio de la ovaci\u00f3n y el festejo de sus fans, Juanse, Memi, Sarc\u00f3fago y Roy anunciaron la vuelta con su \u00daltima Ceremonia Tour 2024. Durante el verano formaron parte del&nbsp;<strong>Festival Bum Bum<\/strong>&nbsp;(C\u00f3rdoba) y de la&nbsp;<strong>Fiesta de la Confluencia<\/strong>&nbsp;(Neuqu\u00e9n), donde tocaron ante m\u00e1s de 200.000 personas entre ambas fechas.<\/p>\n\n\n\n<div style=\"height:15px\" aria-hidden=\"true\" class=\"wp-block-spacer\"><\/div>\n\n\n\n<p class=\"has-black-color has-text-color has-link-color wp-elements-88505ef19a95fbdfe97aa25e386b6a90\">Con m\u00e1s de 4 d\u00e9cadas de trayectoria, la emblem\u00e1tica banda sigue girando y confirma una vez m\u00e1s que son los \u00fanicos que hacen aut\u00e9ntico rock &amp; roll.<\/p>\n\n\n\n<div style=\"height:15px\" aria-hidden=\"true\" class=\"wp-block-spacer\"><\/div>\n","protected":false},"excerpt":{"rendered":"<p>Reci\u00e9n llegados de Uruguay, donde formaron parte de la grilla del Festival Cosqu\u00edn Rock,\u00a0Ratones Paranoicos,<\/p>\n","protected":false},"author":5,"featured_media":6906,"comment_status":"open","ping_status":"open","sticky":false,"template":"","format":"standard","meta":{"om_disable_all_campaigns":false,"_uf_show_specific_survey":0,"_uf_disable_surveys":false,"footnotes":""},"categories":[36],"tags":[],"class_list":["post-6904","post","type-post","status-publish","format-standard","has-post-thumbnail","hentry","category-conciertos"],"_links":{"self":[{"href":"https:\/\/entrenotasyacordes.com\/index.php?rest_route=\/wp\/v2\/posts\/6904","targetHints":{"allow":["GET"]}}],"collection":[{"href":"https:\/\/entrenotasyacordes.com\/index.php?rest_route=\/wp\/v2\/posts"}],"about":[{"href":"https:\/\/entrenotasyacordes.com\/index.php?rest_route=\/wp\/v2\/types\/post"}],"author":[{"embeddable":true,"href":"https:\/\/entrenotasyacordes.com\/index.php?rest_route=\/wp\/v2\/users\/5"}],"replies":[{"embeddable":true,"href":"https:\/\/entrenotasyacordes.com\/index.php?rest_route=%2Fwp%2Fv2%2Fcomments&post=6904"}],"version-history":[{"count":1,"href":"https:\/\/entrenotasyacordes.com\/index.php?rest_route=\/wp\/v2\/posts\/6904\/revisions"}],"predecessor-version":[{"id":6907,"href":"https:\/\/entrenotasyacordes.com\/index.php?rest_route=\/wp\/v2\/posts\/6904\/revisions\/6907"}],"wp:featuredmedia":[{"embeddable":true,"href":"https:\/\/entrenotasyacordes.com\/index.php?rest_route=\/wp\/v2\/media\/6906"}],"wp:attachment":[{"href":"https:\/\/entrenotasyacordes.com\/index.php?rest_route=%2Fwp%2Fv2%2Fmedia&parent=6904"}],"wp:term":[{"taxonomy":"category","embeddable":true,"href":"https:\/\/entrenotasyacordes.com\/index.php?rest_route=%2Fwp%2Fv2%2Fcategories&post=6904"},{"taxonomy":"post_tag","embeddable":true,"href":"https:\/\/entrenotasyacordes.com\/index.php?rest_route=%2Fwp%2Fv2%2Ftags&post=6904"}],"curies":[{"name":"wp","href":"https:\/\/api.w.org\/{rel}","templated":true}]}}