{"id":6908,"date":"2024-04-30T14:20:56","date_gmt":"2024-04-30T14:20:56","guid":{"rendered":"https:\/\/entrenotasyacordes.com\/?p=6908"},"modified":"2024-04-30T14:20:57","modified_gmt":"2024-04-30T14:20:57","slug":"sofia-mora-mi-lado-cursi-3","status":"publish","type":"post","link":"https:\/\/entrenotasyacordes.com\/?p=6908","title":{"rendered":"SOF\u00cdA MORA MI LADO CURSI &lt;3"},"content":{"rendered":"\n<!--more-->\n\n\n\n<figure class=\"wp-block-embed is-type-rich is-provider-spotify wp-block-embed-spotify wp-embed-aspect-21-9 wp-has-aspect-ratio\"><div class=\"wp-block-embed__wrapper\">\n<iframe title=\"Spotify Embed: MI LADO CURSI &lt;3\" style=\"border-radius: 12px\" width=\"100%\" height=\"352\" frameborder=\"0\" allowfullscreen allow=\"autoplay; clipboard-write; encrypted-media; fullscreen; picture-in-picture\" loading=\"lazy\" src=\"https:\/\/open.spotify.com\/embed\/album\/62Rg0MHjmA2Ao6DDbGmTJU?si=d6L-JxXpQYesnix5NdxvXw&#038;utm_source=oembed&#038;utm_admin=86415&#038;utm_medium=email&#038;utm_campaign=SOFA_MORA_presenta_su_nuevo_EP_Mi_lado_cursi_Presentacin_en_vivo_de_mayo_en_Camping_BA&#038;nd=1&#038;dlsi=dda43bed85764f9e\"><\/iframe>\n<\/div><\/figure>\n\n\n\n<div style=\"height:21px\" aria-hidden=\"true\" class=\"wp-block-spacer\"><\/div>\n\n\n\n<p class=\"has-black-color has-text-color has-link-color wp-elements-cfd231652d0526e1dacd0ddfad9ce5e6\">\u00ab<strong>Mi lado cursi &lt;3<\/strong>\u00bb es el nombre del nuevo EP de la\u00a0<strong>cantante, compositora, m\u00fasica y productora argentina Sof\u00eda Mora.\u00a0<\/strong><\/p>\n\n\n\n<div style=\"height:21px\" aria-hidden=\"true\" class=\"wp-block-spacer\"><\/div>\n\n\n\n<p class=\"has-black-color has-text-color has-link-color wp-elements-a2a11b053f0b4b49db96962487d4a890\">Las\u00a0<strong>cinco canciones<\/strong>\u00a0de su nuevo trabajo est\u00e1n ordenadas cronol\u00f3gicamente de la manera en que Sof\u00eda cree que se dan las situaciones para encontrar un v\u00ednculo verdadero y sincero con el otro.\u00a0<\/p>\n\n\n\n<div style=\"height:19px\" aria-hidden=\"true\" class=\"wp-block-spacer\"><\/div>\n\n\n\n<p class=\"has-black-color has-text-color has-link-color wp-elements-350b11007805039934d102a1f150225a\"><em><strong>1- Algo ke se llama amor | 2- Segunda opci\u00f3n | 3- Kiero que te kedes | 4- Yo no te busqu\u00e9 | 5- Creo que te kiero.\u00a0<\/strong><\/em><\/p>\n\n\n\n<div style=\"height:19px\" aria-hidden=\"true\" class=\"wp-block-spacer\"><\/div>\n\n\n\n<p class=\"has-black-color has-text-color has-link-color wp-elements-cb207e50a29aec819576eda1ca967ea9\">La primera canci\u00f3n\u00a0<strong>aborda la sensaci\u00f3n de incertidumbre<\/strong>\u00a0que alguien vivencia al no saber si el amor est\u00e1 por llegar; las siguientes describen\u00a0<strong>estados<\/strong>\u00a0y\u00a0<strong>emociones encontradas<\/strong>\u00a0al generar un v\u00ednculo -y que construyen una relaci\u00f3n-, para que finalmente todo decante en el relax al saber que\u00a0<strong>estamos en el lugar indicado<\/strong>.\u00a0<\/p>\n\n\n\n<div style=\"height:19px\" aria-hidden=\"true\" class=\"wp-block-spacer\"><\/div>\n\n\n\n<p class=\"has-black-color has-text-color has-link-color wp-elements-489e534ceff9d9fc21fb84b2eadc1d71\">Con casi\u00a021 a\u00f1os de edad,\u00a0Sof\u00eda\u00a0comanda la producci\u00f3n musical\u00a0de este nuevo sencillo, cuya letra y m\u00fasica fue compuesta por ella.<\/p>\n\n\n\n<div style=\"height:21px\" aria-hidden=\"true\" class=\"wp-block-spacer\"><\/div>\n\n\n\n<p class=\"has-black-color has-text-color has-link-color wp-elements-ead6ec94292617dedb6e536ea2ebdf06\">Los videos del EP fueron grabados en la<strong>\u00a0imponente ciudad de Bariloche<\/strong>, en los que se pueden apreciar los imponentes paisajes que nos regala esta localidad de Argentina.<\/p>\n\n\n\n<div style=\"height:21px\" aria-hidden=\"true\" class=\"wp-block-spacer\"><\/div>\n\n\n\n<figure class=\"wp-block-embed is-type-video is-provider-youtube wp-block-embed-youtube wp-embed-aspect-16-9 wp-has-aspect-ratio\"><div class=\"wp-block-embed__wrapper\">\n<div class=\"epyt-video-wrapper\"><iframe loading=\"lazy\"  id=\"_ytid_17994\"  width=\"640\" height=\"360\"  data-origwidth=\"640\" data-origheight=\"360\" src=\"https:\/\/www.youtube.com\/embed\/oJii6wOtRYY?enablejsapi=1&#038;list=PLpsqw4wLKHO2vAy9aGSVBR24cYMx_zhKT&#038;index=4&#038;autoplay=0&#038;cc_load_policy=0&#038;cc_lang_pref=&#038;iv_load_policy=1&#038;loop=0&#038;rel=1&#038;fs=1&#038;playsinline=0&#038;autohide=2&#038;theme=dark&#038;color=white&#038;controls=1&#038;\" class=\"__youtube_prefs__  epyt-is-override  no-lazyload\" data-vol=\"50\"  title=\"YouTube player\"  allow=\"fullscreen; accelerometer; autoplay; clipboard-write; encrypted-media; gyroscope; picture-in-picture; web-share\" referrerpolicy=\"strict-origin-when-cross-origin\" allowfullscreen data-no-lazy=\"1\" data-skipgform_ajax_framebjll=\"\"><\/iframe><\/div>\n<\/div><\/figure>\n\n\n\n<div style=\"height:28px\" aria-hidden=\"true\" class=\"wp-block-spacer\"><\/div>\n\n\n\n<p class=\"has-text-align-center has-black-color has-text-color has-link-color wp-elements-11b3d5d8b57ffc73b11f5d830194593e\"><strong>MI LADO CURSI &lt;3\u00a0<br>PRESENTACI\u00d3N OFICIAL\u00a0<br><br>11 DE MAYO | CAMPING BA | AV. DEL LIBERTADOR 999 | CABA<br>\u00daltimasH\u00a0entradas a la venta en\u00a0<a href=\"https:\/\/86415.clicks.tstes.net\/track\/click?u=3475930&amp;p=38363431353a3833383a303a303a323a31&amp;s=58ec83f269dbedf6d0414680d7c9f5e9&amp;m=13\" target=\"_blank\" rel=\"noreferrer noopener\">CAMPING\u00a0<\/a><\/strong><\/p>\n\n\n\n<div style=\"height:26px\" aria-hidden=\"true\" class=\"wp-block-spacer\"><\/div>\n\n\n\n<figure class=\"wp-block-image size-large is-resized\"><img loading=\"lazy\" decoding=\"async\" width=\"819\" height=\"1024\" src=\"https:\/\/entrenotasyacordes.com\/wp-content\/uploads\/2024\/04\/662971d7fb3a217a08b2d005-819x1024.jpg\" alt=\"\" class=\"wp-image-6909\" style=\"width:840px;height:auto\" srcset=\"https:\/\/entrenotasyacordes.com\/wp-content\/uploads\/2024\/04\/662971d7fb3a217a08b2d005-819x1024.jpg 819w, https:\/\/entrenotasyacordes.com\/wp-content\/uploads\/2024\/04\/662971d7fb3a217a08b2d005-240x300.jpg 240w, https:\/\/entrenotasyacordes.com\/wp-content\/uploads\/2024\/04\/662971d7fb3a217a08b2d005-768x960.jpg 768w, https:\/\/entrenotasyacordes.com\/wp-content\/uploads\/2024\/04\/662971d7fb3a217a08b2d005-1024x1280.jpg 1024w, https:\/\/entrenotasyacordes.com\/wp-content\/uploads\/2024\/04\/662971d7fb3a217a08b2d005.jpg 1080w\" sizes=\"auto, (max-width: 819px) 100vw, 819px\" \/><\/figure>\n\n\n\n<div style=\"height:22px\" aria-hidden=\"true\" class=\"wp-block-spacer\"><\/div>\n\n\n\n<p><strong>+ SOBRE SOF\u00cdA MORA<\/strong><\/p>\n\n\n\n<p class=\"has-black-color has-text-color has-link-color wp-elements-39fc68474189860ed8f5d2803d4a1c4e\"><strong>Sofia Mora<\/strong>\u00a0es cantante, compositora, m\u00fasica y productora Argentina.<\/p>\n\n\n\n<p class=\"has-black-color has-text-color has-link-color wp-elements-df7ce1af5a3d30ccfbb7c10b5ed94f73\"><br>Durante el 2022 lanz\u00f3 su\u00a0<strong>primer \u00e1lbum<\/strong>\u00a0<a href=\"https:\/\/86415.clicks.tstes.net\/track\/click?u=3307801&amp;p=38363431353a3833383a303a303a333a31&amp;s=58ec83f269dbedf6d0414680d7c9f5e9&amp;m=13\" target=\"_blank\" rel=\"noreferrer noopener\">\u00ab<strong>XOXO<\/strong>\u201d<\/a>\u00a0con gran recepci\u00f3n por parte de sus seguidores, y lo present\u00f3 en vivo en diciembre del 2023 en La Tangente de CABA.\u00a0<\/p>\n\n\n\n<p class=\"has-black-color has-text-color has-link-color wp-elements-a69192b89f66445541182f6d42bf50a8\"><br>Al ser productora de sus propias canciones,\u00a0<strong>su \u00e1lbum atraviesa diferentes g\u00e9neros como el R&amp;B, Neosoul, Reggae, entre otros.\u00a0<\/strong><\/p>\n","protected":false},"excerpt":{"rendered":"","protected":false},"author":5,"featured_media":6910,"comment_status":"open","ping_status":"open","sticky":false,"template":"","format":"standard","meta":{"om_disable_all_campaigns":false,"_uf_show_specific_survey":0,"_uf_disable_surveys":false,"footnotes":""},"categories":[4],"tags":[],"class_list":["post-6908","post","type-post","status-publish","format-standard","has-post-thumbnail","hentry","category-musica"],"_links":{"self":[{"href":"https:\/\/entrenotasyacordes.com\/index.php?rest_route=\/wp\/v2\/posts\/6908","targetHints":{"allow":["GET"]}}],"collection":[{"href":"https:\/\/entrenotasyacordes.com\/index.php?rest_route=\/wp\/v2\/posts"}],"about":[{"href":"https:\/\/entrenotasyacordes.com\/index.php?rest_route=\/wp\/v2\/types\/post"}],"author":[{"embeddable":true,"href":"https:\/\/entrenotasyacordes.com\/index.php?rest_route=\/wp\/v2\/users\/5"}],"replies":[{"embeddable":true,"href":"https:\/\/entrenotasyacordes.com\/index.php?rest_route=%2Fwp%2Fv2%2Fcomments&post=6908"}],"version-history":[{"count":1,"href":"https:\/\/entrenotasyacordes.com\/index.php?rest_route=\/wp\/v2\/posts\/6908\/revisions"}],"predecessor-version":[{"id":6911,"href":"https:\/\/entrenotasyacordes.com\/index.php?rest_route=\/wp\/v2\/posts\/6908\/revisions\/6911"}],"wp:featuredmedia":[{"embeddable":true,"href":"https:\/\/entrenotasyacordes.com\/index.php?rest_route=\/wp\/v2\/media\/6910"}],"wp:attachment":[{"href":"https:\/\/entrenotasyacordes.com\/index.php?rest_route=%2Fwp%2Fv2%2Fmedia&parent=6908"}],"wp:term":[{"taxonomy":"category","embeddable":true,"href":"https:\/\/entrenotasyacordes.com\/index.php?rest_route=%2Fwp%2Fv2%2Fcategories&post=6908"},{"taxonomy":"post_tag","embeddable":true,"href":"https:\/\/entrenotasyacordes.com\/index.php?rest_route=%2Fwp%2Fv2%2Ftags&post=6908"}],"curies":[{"name":"wp","href":"https:\/\/api.w.org\/{rel}","templated":true}]}}