{"id":6912,"date":"2024-04-30T17:22:57","date_gmt":"2024-04-30T17:22:57","guid":{"rendered":"https:\/\/entrenotasyacordes.com\/?p=6912"},"modified":"2024-04-30T17:22:59","modified_gmt":"2024-04-30T17:22:59","slug":"2-minutos-sabado-4-de-mayo-teatro-flores","status":"publish","type":"post","link":"https:\/\/entrenotasyacordes.com\/?p=6912","title":{"rendered":"2 Minutos S\u00c1BADO 4 DE MAYO &#8211; TEATRO FLORES\u00a0"},"content":{"rendered":"\n<!--more-->\n\n\n\n<p><a href=\"https:\/\/www.passline.com\/eventos\/2-minutos-en-teatro-flores-4-de-mayo-de-2024\">ENTRADAS A LA VENTA<\/a><\/p>\n\n\n\n<div style=\"height:16px\" aria-hidden=\"true\" class=\"wp-block-spacer\"><\/div>\n\n\n\n<p class=\"has-black-color has-text-color has-link-color wp-elements-2d83ac7b8b6ce694d83a843477099507\">Luego de girar con entradas agotadas por Espa\u00f1a donde visitaron Mallorca, Madrid, M\u00e1laga, Barcelona, Valencia y Bilbao, 2 MINUTOS retoma el circuito nacional (m\u00e1s precisamente el porte\u00f1o) para desatar toda su locura \u201ccon huevo y coraz\u00f3n\u201d en el TEATRO FLORES.<\/p>\n\n\n\n<div style=\"height:14px\" aria-hidden=\"true\" class=\"wp-block-spacer\"><\/div>\n\n\n\n<p class=\"has-black-color has-text-color has-link-color wp-elements-34ba0ab149131d4db1969dc47c712ad3\">Mientras, est\u00e1n terminando su pr\u00f3ximo disco que contar\u00e1 con la participaci\u00f3n de grandes artistas invitados reversionando sus cl\u00e1sicos.<\/p>\n\n\n\n<div style=\"height:14px\" aria-hidden=\"true\" class=\"wp-block-spacer\"><\/div>\n\n\n\n<figure class=\"wp-block-image size-large\"><img loading=\"lazy\" decoding=\"async\" width=\"1024\" height=\"682\" src=\"https:\/\/entrenotasyacordes.com\/wp-content\/uploads\/2024\/04\/22103895-8cdb-cafa-c550-316b87f62f90-1024x682.jpg\" alt=\"\" class=\"wp-image-6913\" srcset=\"https:\/\/entrenotasyacordes.com\/wp-content\/uploads\/2024\/04\/22103895-8cdb-cafa-c550-316b87f62f90-1024x682.jpg 1024w, https:\/\/entrenotasyacordes.com\/wp-content\/uploads\/2024\/04\/22103895-8cdb-cafa-c550-316b87f62f90-300x200.jpg 300w, https:\/\/entrenotasyacordes.com\/wp-content\/uploads\/2024\/04\/22103895-8cdb-cafa-c550-316b87f62f90-768x511.jpg 768w, https:\/\/entrenotasyacordes.com\/wp-content\/uploads\/2024\/04\/22103895-8cdb-cafa-c550-316b87f62f90-1536x1022.jpg 1536w, https:\/\/entrenotasyacordes.com\/wp-content\/uploads\/2024\/04\/22103895-8cdb-cafa-c550-316b87f62f90-2048x1363.jpg 2048w\" sizes=\"auto, (max-width: 1024px) 100vw, 1024px\" \/><\/figure>\n","protected":false},"excerpt":{"rendered":"","protected":false},"author":5,"featured_media":6914,"comment_status":"open","ping_status":"open","sticky":false,"template":"","format":"standard","meta":{"om_disable_all_campaigns":false,"_uf_show_specific_survey":0,"_uf_disable_surveys":false,"footnotes":""},"categories":[36],"tags":[],"class_list":["post-6912","post","type-post","status-publish","format-standard","has-post-thumbnail","hentry","category-conciertos"],"_links":{"self":[{"href":"https:\/\/entrenotasyacordes.com\/index.php?rest_route=\/wp\/v2\/posts\/6912","targetHints":{"allow":["GET"]}}],"collection":[{"href":"https:\/\/entrenotasyacordes.com\/index.php?rest_route=\/wp\/v2\/posts"}],"about":[{"href":"https:\/\/entrenotasyacordes.com\/index.php?rest_route=\/wp\/v2\/types\/post"}],"author":[{"embeddable":true,"href":"https:\/\/entrenotasyacordes.com\/index.php?rest_route=\/wp\/v2\/users\/5"}],"replies":[{"embeddable":true,"href":"https:\/\/entrenotasyacordes.com\/index.php?rest_route=%2Fwp%2Fv2%2Fcomments&post=6912"}],"version-history":[{"count":1,"href":"https:\/\/entrenotasyacordes.com\/index.php?rest_route=\/wp\/v2\/posts\/6912\/revisions"}],"predecessor-version":[{"id":6915,"href":"https:\/\/entrenotasyacordes.com\/index.php?rest_route=\/wp\/v2\/posts\/6912\/revisions\/6915"}],"wp:featuredmedia":[{"embeddable":true,"href":"https:\/\/entrenotasyacordes.com\/index.php?rest_route=\/wp\/v2\/media\/6914"}],"wp:attachment":[{"href":"https:\/\/entrenotasyacordes.com\/index.php?rest_route=%2Fwp%2Fv2%2Fmedia&parent=6912"}],"wp:term":[{"taxonomy":"category","embeddable":true,"href":"https:\/\/entrenotasyacordes.com\/index.php?rest_route=%2Fwp%2Fv2%2Fcategories&post=6912"},{"taxonomy":"post_tag","embeddable":true,"href":"https:\/\/entrenotasyacordes.com\/index.php?rest_route=%2Fwp%2Fv2%2Ftags&post=6912"}],"curies":[{"name":"wp","href":"https:\/\/api.w.org\/{rel}","templated":true}]}}