{"id":6916,"date":"2024-04-30T17:46:54","date_gmt":"2024-04-30T17:46:54","guid":{"rendered":"https:\/\/entrenotasyacordes.com\/?p=6916"},"modified":"2024-04-30T17:46:56","modified_gmt":"2024-04-30T17:46:56","slug":"programacion-teatro-nini-marshall","status":"publish","type":"post","link":"https:\/\/entrenotasyacordes.com\/?p=6916","title":{"rendered":"PROGRAMACI\u00d3N TEATRO NIN\u00cd MARSHALL"},"content":{"rendered":"\n<p class=\"has-black-color has-text-color has-link-color wp-elements-e90fd815929840bffb39bd6c9d4b5a1f\"><strong>Contin\u00faa la temporada 2024 con una amplia variedad de obras, conciertos y\u00a0 diversas propuestas que se podr\u00e1n ver cada mes en el teatro ubicado en la calle Per\u00fa 1401, de la localidad de Tigre.<\/strong><\/p>\n\n\n\n<!--more-->\n\n\n\n<p class=\"has-black-color has-text-color has-link-color wp-elements-dfa8d2179fa6b817d25b8ad418afa06a\"><strong>PROGRAMACI\u00d3N DESTACADA<\/strong><strong><\/strong><\/p>\n\n\n\n<p class=\"has-black-color has-text-color has-link-color wp-elements-1f6adcaaad2eca48f4fb6eb74a79ec87\"><strong>NICOL\u00c1S DE TRACY \u201cCR\u00d3NICO\u201d<\/strong>\u00a0-S\u00e1bado 5 de mayo<\/p>\n\n\n\n<p class=\"has-black-color has-text-color has-link-color wp-elements-b505e8dbff4084674f1a63fe82a72ca3\"><strong>HOLA ESTA PABLO<\/strong>&nbsp;-S\u00e1bado 11 de mayo<\/p>\n\n\n\n<p class=\"has-black-color has-text-color has-link-color wp-elements-dd6dd3e2f94311cd647491d6e6edfb07\"><strong><s>&nbsp;CONNIE BALLARINI&nbsp;<\/s><\/strong><s>&#8211;&nbsp;S\u00e1bado 18 de mayo &#8211;<strong>&nbsp;\u00a1AGOTADO!<\/strong><\/s><\/p>\n\n\n\n<p class=\"has-black-color has-text-color has-link-color wp-elements-9dac7b65b4ff882aa060e045b5ea1394\"><strong>CONNIE BALLARINI<\/strong>&nbsp;&#8211; S\u00e1bado 18 de mayo &#8211; NUEVA FUNCI\u00d3N<\/p>\n\n\n\n<p class=\"has-black-color has-text-color has-link-color wp-elements-f00a135d7062024cbd32722ba439619c\"><strong>LAS AVENTURAS DE MARIO<\/strong>&nbsp;Domingo 19 de mayo<\/p>\n\n\n\n<p class=\"has-black-color has-text-color has-link-color wp-elements-20a33d6596278ea314bc11c80b6c75d6\"><strong>#BASTA DE AMORES DE MIERDA. \u201cEL PELA\u201d ROMERO&nbsp;<\/strong>&#8211;&nbsp;Viernes 24 de mayo<\/p>\n\n\n\n<p class=\"has-black-color has-text-color has-link-color wp-elements-a82337ea6867f2cd1d032cb48720375e\"><strong>REINA MADRE. TRIBUTO A QUEEN &#8211;<\/strong>&nbsp;S\u00e1bado 25 de mayo<\/p>\n\n\n\n<p class=\"has-black-color has-text-color has-link-color wp-elements-d5d6aec8cb597a0faec996ffe2a7801c\"><strong>GABRIEL ROL\u00d3N \u201cPalabra plena\u201d &#8211;<\/strong>&nbsp;Viernes 31 de mayo<\/p>\n\n\n\n<p class=\"has-black-color has-text-color has-link-color wp-elements-e49522757acf9d4d9a74ae29dc4872e7\"><strong>EL BOSQUE ENCANTADO&nbsp;<\/strong>&#8211; S\u00e1bado 1 de junio<\/p>\n\n\n\n<p class=\"has-black-color has-text-color has-link-color wp-elements-080ade3e1c406af715016b4f808f1270\"><strong>ROBLOXO<\/strong>&nbsp;&#8211; S\u00e1bado 1 de junio<\/p>\n\n\n\n<p class=\"has-black-color has-text-color has-link-color wp-elements-4dd5e2a6ac848534cd3dfe2ec0617c3c\"><strong>MIGUEL Y CHINO EN BANDA&nbsp;<\/strong>&#8211; Domingo 2 de junio<\/p>\n\n\n\n<p class=\"has-black-color has-text-color has-link-color wp-elements-0124864c6250511fe7ee4eb8697b4602\"><strong>&nbsp;PATRICIA SOSA &#8211; GIRA M\u00c1GICA<\/strong>&nbsp;&#8211; Viernes 7 de junio<\/p>\n\n\n\n<p class=\"has-black-color has-text-color has-link-color wp-elements-1974f2b9cc5452e390691863ba8f2c5d\"><strong>EL JOROBADO DE PAR\u00cdS &#8211;&nbsp;<\/strong>Jueves 13 de junio<\/p>\n\n\n\n<p class=\"has-black-color has-text-color has-link-color wp-elements-c6f05c991b2418254d70f623ec3ac650\"><strong>TE ESPERO EN LA OSCURIDAD &#8211;&nbsp;<\/strong>Viernes 28 de junio<\/p>\n\n\n\n<p class=\"has-black-color has-text-color has-link-color wp-elements-25736a3b096bfccba1bef8daa509f6f7\"><strong>ISMAEL SERRANO<\/strong>&nbsp;<strong>&#8211; GUITARRA Y VOZ&nbsp;<\/strong>&#8211; Viernes 5 de julio<\/p>\n\n\n\n<p class=\"has-black-color has-text-color has-link-color wp-elements-25501d9a6d491699fab88bfe1492d667\"><strong>HABITACI\u00d3N MACBETH&nbsp;<\/strong>&#8211;&nbsp; S\u00e1bado 6 de julio<\/p>\n\n\n\n<p class=\"has-black-color has-text-color has-link-color wp-elements-12e840f2b7e62be44677108982fc885c\"><strong>LA \u00daLTIMA SESI\u00d3N DE FREUD<\/strong>\u00a0&#8211; Jueves 18 de julio<\/p>\n\n\n\n<div style=\"height:26px\" aria-hidden=\"true\" class=\"wp-block-spacer\"><\/div>\n\n\n\n<figure class=\"wp-block-image size-large\"><img loading=\"lazy\" decoding=\"async\" width=\"1024\" height=\"681\" src=\"https:\/\/entrenotasyacordes.com\/wp-content\/uploads\/2024\/04\/sala-lateral-2-1024x681.jpg\" alt=\"\" class=\"wp-image-6917\" srcset=\"https:\/\/entrenotasyacordes.com\/wp-content\/uploads\/2024\/04\/sala-lateral-2-1024x681.jpg 1024w, https:\/\/entrenotasyacordes.com\/wp-content\/uploads\/2024\/04\/sala-lateral-2-300x200.jpg 300w, https:\/\/entrenotasyacordes.com\/wp-content\/uploads\/2024\/04\/sala-lateral-2-768x511.jpg 768w, https:\/\/entrenotasyacordes.com\/wp-content\/uploads\/2024\/04\/sala-lateral-2-1536x1021.jpg 1536w, https:\/\/entrenotasyacordes.com\/wp-content\/uploads\/2024\/04\/sala-lateral-2-2048x1362.jpg 2048w\" sizes=\"auto, (max-width: 1024px) 100vw, 1024px\" \/><\/figure>\n\n\n\n<div style=\"height:26px\" aria-hidden=\"true\" class=\"wp-block-spacer\"><\/div>\n\n\n\n<p class=\"has-black-color has-text-color has-link-color wp-elements-9b70208010b25d8e77b987aa5fe423c6\"><strong><u>PROGRAMACI\u00d3N MAYO &#8211; JUNIO &#8211; JULIO<\/u><\/strong><strong><u><\/u><\/strong><\/p>\n\n\n\n<p class=\"has-black-color has-text-color has-link-color wp-elements-517226e2ac4deb4e3c3b9ed14260dbad\"><strong>S\u00e1bado 5 de mayo &#8211; 21h &#8211; NICOL\u00c1S DE TRACY \u201cCR\u00d3NICO\u201d.<\/strong><\/p>\n\n\n\n<p class=\"has-black-color has-text-color has-link-color wp-elements-a2cd7ecaf2af2c5a5a6aea23c66c274e\">Nicol\u00e1s de Tracy es uno de los comediantes j\u00f3venes con mayor crecimiento este \u00faltimo tiempo. Despu\u00e9s de m\u00e1s de 10 a\u00f1os de carrera, logr\u00f3 afianzarse como una figura de referencia en el stand up local.<\/p>\n\n\n\n<p class=\"has-black-color has-text-color has-link-color wp-elements-ffc64a3d94945599faec3f47cd79919f\">Lleva 9 temporadas consecutivas en la Costa Atl\u00e1ntica en teatros de Villa Gesell , San Bernardo, San Clemente, Pinamar, Miramar, Mar Del Plata, Santa Teresita y Necochea donde se present\u00f3 frente a miles de espectadores. A fines de 2022 estrena su tercer unipersonal: CR\u00d3NICO, show con el cual se encuentra girando actualmente.<\/p>\n\n\n\n<div style=\"height:18px\" aria-hidden=\"true\" class=\"wp-block-spacer\"><\/div>\n\n\n\n<p class=\"has-black-color has-text-color has-link-color wp-elements-d8aa2c1c29651f9b1d1fc1ed59e19506\"><strong>S\u00e1bado 11 de mayo &#8211; 20h &#8211; HOLA ESTA PABLO<\/strong><\/p>\n\n\n\n<p class=\"has-black-color has-text-color has-link-color wp-elements-b44671e05e596516eac34a7d19de5e8e\">Pablo cumple 30 y descubre un mont\u00f3n de sensaciones nuevas que atraviesan su vida. Hola +30 es una obra que refleja la vida de una persona que empieza a descubrirse grande para algunas vivencias, y quiere sostener otras de manera singular.<\/p>\n\n\n\n<p class=\"has-black-color has-text-color has-link-color wp-elements-ac34145860ec06ba76c01dba9c5bb559\">Cualquier similitud con la vida real es pura coincidencia.<\/p>\n\n\n\n<p class=\"has-black-color has-text-color has-link-color wp-elements-852588854780d12ba5b6c8bb10e807e8\">Pablo Albella.<\/p>\n\n\n\n<p class=\"has-black-color has-text-color has-link-color wp-elements-bf198bd1cff97dc4d3cc5ec6f9f3d8bc\">Direcci\u00f3n: Flor D\u00b4Agostino<\/p>\n\n\n\n<p class=\"has-black-color has-text-color has-link-color wp-elements-548deae1668d163e1ce7dd5913793b79\">Idea: Giuliano Bacchi<\/p>\n\n\n\n<p class=\"has-black-color has-text-color has-link-color wp-elements-5a0aa91a814671d32941f4c26e0b1f88\">Act\u00faa: Pablo Albella<\/p>\n\n\n\n<figure class=\"wp-block-image size-large\"><img loading=\"lazy\" decoding=\"async\" width=\"1024\" height=\"1024\" src=\"https:\/\/entrenotasyacordes.com\/wp-content\/uploads\/2024\/04\/HOLA-ESTA-PABLO_FEED-1024x1024.jpg\" alt=\"\" class=\"wp-image-6918\" srcset=\"https:\/\/entrenotasyacordes.com\/wp-content\/uploads\/2024\/04\/HOLA-ESTA-PABLO_FEED-1024x1024.jpg 1024w, https:\/\/entrenotasyacordes.com\/wp-content\/uploads\/2024\/04\/HOLA-ESTA-PABLO_FEED-300x300.jpg 300w, https:\/\/entrenotasyacordes.com\/wp-content\/uploads\/2024\/04\/HOLA-ESTA-PABLO_FEED-150x150.jpg 150w, https:\/\/entrenotasyacordes.com\/wp-content\/uploads\/2024\/04\/HOLA-ESTA-PABLO_FEED-768x768.jpg 768w, https:\/\/entrenotasyacordes.com\/wp-content\/uploads\/2024\/04\/HOLA-ESTA-PABLO_FEED-50x50.jpg 50w, https:\/\/entrenotasyacordes.com\/wp-content\/uploads\/2024\/04\/HOLA-ESTA-PABLO_FEED.jpg 1080w\" sizes=\"auto, (max-width: 1024px) 100vw, 1024px\" \/><\/figure>\n\n\n\n<div style=\"height:33px\" aria-hidden=\"true\" class=\"wp-block-spacer\"><\/div>\n\n\n\n<p class=\"has-black-color has-text-color has-link-color wp-elements-5ebc92a451da3f93705ea8ab389284c6\"><strong>S\u00e1bado 18 de mayo&nbsp; &#8211; 20h<\/strong><strong>&nbsp;&#8211; CONNIE BALLARINI. &#8211; \u00a1AGOTADA!<\/strong><\/p>\n\n\n\n<p class=\"has-black-color has-text-color has-link-color wp-elements-9bfc02f9c94c1c44f23583690dce092f\"><strong>22:30<\/strong><strong>&nbsp;&#8211; CONNIE BALLARINI &#8211; NUEVA FUNCI\u00d3N<\/strong><\/p>\n\n\n\n<div style=\"height:12px\" aria-hidden=\"true\" class=\"wp-block-spacer\"><\/div>\n\n\n\n<p class=\"has-black-color has-text-color has-link-color wp-elements-872fc8737dc982759083b7f498f8087e\"><strong>Domingo 19 de mayo &#8211; 16h<\/strong><strong>&nbsp;<\/strong>&#8211;&nbsp;<strong>LAS AVENTURAS DE MARIO<\/strong><\/p>\n\n\n\n<p class=\"has-black-color has-text-color has-link-color wp-elements-1e3f4c265be4560a4606528447c439f8\"><strong>Rescatando la estrella m\u00e1gica &#8211; LIVE SHOW<\/strong><\/p>\n\n\n\n<p class=\"has-black-color has-text-color has-link-color wp-elements-51599560f0cc88cf0890e2d784020ea7\">Mario llega al teatro\u2026. Rescatando a la Estrella M\u00e1gica<\/p>\n\n\n\n<p class=\"has-black-color has-text-color has-link-color wp-elements-78b036366ef27e10a937bb38cd98311c\">\u00bfPodr\u00e1n salvar el reino? La amistad ser\u00e1 lo m\u00e1s importante para lograr su objetivo Diversi\u00f3n garantizada en un espect\u00e1culo lleno de m\u00fasica y color<\/p>\n\n\n\n<div style=\"height:12px\" aria-hidden=\"true\" class=\"wp-block-spacer\"><\/div>\n\n\n\n<p class=\"has-black-color has-text-color has-link-color wp-elements-5c2f06fc525b9fe1bb166ae61bafbff2\"><strong>Viernes 24 de mayo &#8211; 21.30h &#8211; #BASTA DE AMORES DE MIERDA. \u201cEL PELA\u201d ROMERO.<\/strong><\/p>\n\n\n\n<div style=\"height:12px\" aria-hidden=\"true\" class=\"wp-block-spacer\"><\/div>\n\n\n\n<p class=\"has-black-color has-text-color has-link-color wp-elements-23548848bed10a50aafe732580ad2438\"><strong>S\u00e1bado 25 de mayo &#8211; 21h &#8211; REINA MADRE. TRIBUTO A QUEEN<\/strong><\/p>\n\n\n\n<div style=\"height:12px\" aria-hidden=\"true\" class=\"wp-block-spacer\"><\/div>\n\n\n\n<p class=\"has-black-color has-text-color has-link-color wp-elements-4596acd7ebdab4fa4464ae727f80f373\"><strong>Viernes 31 de mayo &#8211; 21.30h &#8211; GABRIEL ROLON \u201cPalabra Plena\u201d<\/strong><\/p>\n\n\n\n<p class=\"has-black-color has-text-color has-link-color wp-elements-3ae51182bfa0e8fcdf78b4217bb62121\">El Lic. Gabriel Rol\u00f3n, vuelve con una propuesta teatral imperdible!<\/p>\n\n\n\n<p class=\"has-black-color has-text-color has-link-color wp-elements-ffb258155e04906de359bc26e4f45901\">Direcci\u00f3n: Carlos Nieto<\/p>\n\n\n\n<p class=\"has-black-color has-text-color has-link-color wp-elements-bbd057abeccfe4333f544e534a5485b1\">M\u00fasica Original: Gabriel Mores<\/p>\n\n\n\n<p class=\"has-black-color has-text-color has-link-color wp-elements-92f5ecdb2e50145d05074765e58d9ca2\">Producci\u00f3n General: Mart\u00edn Izquierdo &amp; Fen L\u00f3pez<\/p>\n\n\n\n<div style=\"height:12px\" aria-hidden=\"true\" class=\"wp-block-spacer\"><\/div>\n\n\n\n<p class=\"has-black-color has-text-color has-link-color wp-elements-3141b2cd039e228b3c6a8c3c6e82ff55\"><strong>S\u00e1bado 1 de junio &#8211; 15h<\/strong>&nbsp;<strong>&#8211; EL BOSQUE ENCANTADO<\/strong><\/p>\n\n\n\n<p class=\"has-black-color has-text-color has-link-color wp-elements-cbadbe295fd0d2bbfbaf329ba4ef626c\"><a><\/a>Debemos entrar al bosque encantado, para descubrir la verdad, el pasado de nuestra reina y conocer el porqu\u00e9 de sus poderes.<br>Pero no a todos les gustan los finales felices, as\u00ed que tambi\u00e9n los esperan unos villanos sorpresas, que vienen a&nbsp;arruinar toda la diversi\u00f3n con sus fechor\u00edas e intentar\u00e1n apoderarse de nuestro mu\u00f1eco de nieve favorito.<strong><\/strong><\/p>\n\n\n\n<div style=\"height:12px\" aria-hidden=\"true\" class=\"wp-block-spacer\"><\/div>\n\n\n\n<p class=\"has-black-color has-text-color has-link-color wp-elements-8a3a00fec3718571fe1575d4118d616f\"><strong>S\u00e1bado 1 de junio &#8211; 17h<\/strong>&nbsp;<strong>&#8211;<\/strong>&nbsp;<strong>ROBLOXO<\/strong><\/p>\n\n\n\n<p class=\"has-black-color has-text-color has-link-color wp-elements-554d51a87a76a71dd711793f26afaa3e\">Un grupo de amigos recibe una invitaci\u00f3n decide aventurarse en este videojuego y sin querer, entran dentro, d\u00f3nde quedaran atrapados en un lugar aterrador: el parque iris Juntos, tendr\u00e1n que superar misiones para salir del parque y sobre todo escapar de uno de los Rainbow Friends: BLUE<\/p>\n\n\n\n<div style=\"height:12px\" aria-hidden=\"true\" class=\"wp-block-spacer\"><\/div>\n\n\n\n<p class=\"has-black-color has-text-color has-link-color wp-elements-d0e992837fce852173fa77f8523ade9b\"><strong>Domingo 2 de junio &#8211; 20h &#8211; MIGUEL Y CHINO EN BANDA<\/strong><\/p>\n\n\n\n<p class=\"has-black-color has-text-color has-link-color wp-elements-28d9427f3a8c5b0d77642fbaa6e2aaf5\">Los \u00edconos del humor argentino, ex integrantes de Midachi, han puesto en marcha \u201cMiguel y Chino en banda\u201d un show humor\u00edstico musical junto a un gran elenco de artistas con el sello hist\u00f3rico qu\u00e9 los caracteriza desde hace m\u00e1s de 40 a\u00f1os.<strong><\/strong><\/p>\n\n\n\n<div style=\"height:12px\" aria-hidden=\"true\" class=\"wp-block-spacer\"><\/div>\n\n\n\n<p class=\"has-black-color has-text-color has-link-color wp-elements-2de1376a806b23a6d7bb03cb7edf85d5\"><strong>Viernes 7 de junio &#8211; 21h &#8211; PATRICIA SOSA &#8211; GIRA M\u00c1GICA<\/strong><\/p>\n\n\n\n<p class=\"has-black-color has-text-color has-link-color wp-elements-5d99660bdc43d9390eb52ea2586391e6\">La magia de Patricia Sosa llegar\u00e1 a distintos escenarios acompa\u00f1ada por un conjunto de m\u00fasicos excepcionales, entre los que se encuentran Gustavo Giuliano en bajo, Pablo Garrocho en bater\u00eda y coros, Mariano Mere en teclados y coros, Cristian Vidal en guitarras y coros, y Marta Mediavilla en coros.<\/p>\n\n\n\n<div style=\"height:12px\" aria-hidden=\"true\" class=\"wp-block-spacer\"><\/div>\n\n\n\n<p class=\"has-black-color has-text-color has-link-color wp-elements-5bf602ac9d86b52ef3e6a8e09a461a6b\"><strong>Jueves 13 de junio &#8211; 20:30h &#8211; EL JOROBADO DE PAR\u00cdS<\/strong><\/p>\n\n\n\n<p class=\"has-black-color has-text-color has-link-color wp-elements-bf2a8e2faf07cac75449368c30b1d4b3\">El Jorobado de Par\u00eds&nbsp;es uno de los musicales m\u00e1s exitoso de la Argentina. Fue escrito y dirigido por la dupla conformada por&nbsp;<a href=\"https:\/\/es.wikipedia.org\/wiki\/Pepe_Cibri%C3%A1n\">Pepe Cibri\u00e1n<\/a>&nbsp;y&nbsp;<a href=\"https:\/\/es.wikipedia.org\/wiki\/%C3%81ngel_Mahler\">\u00c1ngel Mahler<\/a>. Se estren\u00f3 en&nbsp;<a href=\"https:\/\/es.wikipedia.org\/wiki\/1991\">1993<\/a>&nbsp;en el estadio&nbsp;<a href=\"https:\/\/es.wikipedia.org\/wiki\/Luna_Park_(Buenos_Aires)\">Luna Park<\/a>&nbsp;alcanzando un gran \u00e9xito en las primeras 70 funciones. Estas nuevas funciones tendr\u00e1n como novedad una nueva e innovadora producci\u00f3n, con el aporte de Daniel Mac\u00f3n como productor asociado, con m\u00e1s de 50 artistas en escena y una orquesta de 30 m\u00fasicos.<\/p>\n\n\n\n<div style=\"height:12px\" aria-hidden=\"true\" class=\"wp-block-spacer\"><\/div>\n\n\n\n<p class=\"has-black-color has-text-color has-link-color wp-elements-a65f1eeeabf0c247302b6442698a9e5d\"><strong>Viernes 28 de junio &#8211; 21h &#8211; TE ESPERO EN LA OSCURIDAD<\/strong><\/p>\n\n\n\n<p class=\"has-black-color has-text-color has-link-color wp-elements-a3791ada6300f3b6b97fa2f00b1aa71a\">Susan Hendrix es una mujer ciega que vive en su departamento de Nueva York. Un d\u00eda su marido llega a la casa con una mu\u00f1eca. Este es el puntapi\u00e9 inicial para un espeluznante thriller policial y de suspenso donde tres delincuentes irrumpen en el departamento de Susan buscando esa misteriosa mu\u00f1eca.<\/p>\n\n\n\n<div style=\"height:12px\" aria-hidden=\"true\" class=\"wp-block-spacer\"><\/div>\n\n\n\n<p class=\"has-black-color has-text-color has-link-color wp-elements-2162a6a7a9beaf34174b9ce90bb0aedb\"><strong>Viernes 5 de julio &#8211; 21h &#8211; ISMAEL SERRANO &#8211; GUITARRA Y VOZ<\/strong><\/p>\n\n\n\n<p class=\"has-black-color has-text-color has-link-color wp-elements-ee948b745926e473c69f6620a25ebc04\">Ismael Serrano regresa a Argentina, en formato ac\u00fastico (guitarra y voz), para sorprendernos con un nuevo espect\u00e1culo lleno de poes\u00eda, en el que invita al p\u00fablico a disfrutar del privilegio de escuchar, adem\u00e1s de sus \u00e9xitos de siempre, canciones de su m\u00e1s reciente trabajo \u2018La canci\u00f3n de nuestra vida\u2019. Temas que, sin duda, se convertir\u00e1n en nuevos himnos para recordar aquel tiempo efervescente en el que nos sentimos intensamente vivos y el futuro era nuestro.<\/p>\n\n\n\n<div style=\"height:12px\" aria-hidden=\"true\" class=\"wp-block-spacer\"><\/div>\n\n\n\n<p class=\"has-black-color has-text-color has-link-color wp-elements-42160edcfa1498adb16da61733b1f938\"><strong>S\u00e1bado 6 de julio &#8211; 21h &#8211; HABITACI\u00d3N MACBETH<\/strong><\/p>\n\n\n\n<p class=\"has-black-color has-text-color has-link-color wp-elements-c6631f064ecdab03e51117cedb6bb4e9\">A trav\u00e9s del cuerpo de un actor (encontrado en la fosa del teatro), las Brujas Fat\u00eddicas del p\u00e1ramo dehuesos representar\u00e1n la tragedia Habitaci\u00f3n Macbeth, para el goce, deleite, y catarsis metaf\u00edsica de nuestra majestad creadora H\u00e9cate, vulgarmente conocida como El P\u00fablico.<\/p>\n\n\n\n<div style=\"height:12px\" aria-hidden=\"true\" class=\"wp-block-spacer\"><\/div>\n\n\n\n<p class=\"has-black-color has-text-color has-link-color wp-elements-cdb579c09e17071cfb1103468957d69f\"><strong>Jueves 18 de julio &#8211; 20.30h &#8211;<\/strong>&nbsp;<strong>LA \u00daLTIMA SESI\u00d3N DE FREUD<\/strong><\/p>\n\n\n\n<p class=\"has-black-color has-text-color has-link-color wp-elements-d4db08562d5358ccb086d4ee84d9d746\">La obra se centra en el legendario psicoanalista Dr. Sigmud Freud (Luis Mach\u00edn) que invita al joven y brillante acad\u00e9mico C.S. Lewis (Javier Lorenzo) a su casa en Londres. Ese d\u00eda Inglaterra entra en la segunda guerra mundial y ellos discuten sobre la existencia de Dios, el amor, el sexo y el significado de la vida.<\/p>\n\n\n\n<p class=\"has-black-color has-text-color has-link-color wp-elements-f1e336edb90ba924aebd5cb522c733cb\"><strong>Entradas en<\/strong><a href=\"http:\/\/www.entradauno.com\/\"><strong>&nbsp;<\/strong><\/a><a href=\"http:\/\/www.entradauno.com\/\"><strong>www.entradauno.com<\/strong><\/a><strong>&nbsp;\u00f3 en boleter\u00eda del teatro de mi\u00e9rcoles a domingos de 13 a 20 h.<\/strong><\/p>\n\n\n\n<div style=\"height:12px\" aria-hidden=\"true\" class=\"wp-block-spacer\"><\/div>\n","protected":false},"excerpt":{"rendered":"<p>Contin\u00faa la temporada 2024 con una amplia variedad de obras, conciertos y\u00a0 diversas propuestas que<\/p>\n","protected":false},"author":5,"featured_media":6919,"comment_status":"open","ping_status":"open","sticky":false,"template":"","format":"standard","meta":{"om_disable_all_campaigns":false,"_uf_show_specific_survey":0,"_uf_disable_surveys":false,"footnotes":""},"categories":[9],"tags":[],"class_list":["post-6916","post","type-post","status-publish","format-standard","has-post-thumbnail","hentry","category-cine-y-teatro"],"_links":{"self":[{"href":"https:\/\/entrenotasyacordes.com\/index.php?rest_route=\/wp\/v2\/posts\/6916","targetHints":{"allow":["GET"]}}],"collection":[{"href":"https:\/\/entrenotasyacordes.com\/index.php?rest_route=\/wp\/v2\/posts"}],"about":[{"href":"https:\/\/entrenotasyacordes.com\/index.php?rest_route=\/wp\/v2\/types\/post"}],"author":[{"embeddable":true,"href":"https:\/\/entrenotasyacordes.com\/index.php?rest_route=\/wp\/v2\/users\/5"}],"replies":[{"embeddable":true,"href":"https:\/\/entrenotasyacordes.com\/index.php?rest_route=%2Fwp%2Fv2%2Fcomments&post=6916"}],"version-history":[{"count":1,"href":"https:\/\/entrenotasyacordes.com\/index.php?rest_route=\/wp\/v2\/posts\/6916\/revisions"}],"predecessor-version":[{"id":6920,"href":"https:\/\/entrenotasyacordes.com\/index.php?rest_route=\/wp\/v2\/posts\/6916\/revisions\/6920"}],"wp:featuredmedia":[{"embeddable":true,"href":"https:\/\/entrenotasyacordes.com\/index.php?rest_route=\/wp\/v2\/media\/6919"}],"wp:attachment":[{"href":"https:\/\/entrenotasyacordes.com\/index.php?rest_route=%2Fwp%2Fv2%2Fmedia&parent=6916"}],"wp:term":[{"taxonomy":"category","embeddable":true,"href":"https:\/\/entrenotasyacordes.com\/index.php?rest_route=%2Fwp%2Fv2%2Fcategories&post=6916"},{"taxonomy":"post_tag","embeddable":true,"href":"https:\/\/entrenotasyacordes.com\/index.php?rest_route=%2Fwp%2Fv2%2Ftags&post=6916"}],"curies":[{"name":"wp","href":"https:\/\/api.w.org\/{rel}","templated":true}]}}