{"id":6921,"date":"2024-04-30T17:56:40","date_gmt":"2024-04-30T17:56:40","guid":{"rendered":"https:\/\/entrenotasyacordes.com\/?p=6921"},"modified":"2024-04-30T17:56:41","modified_gmt":"2024-04-30T17:56:41","slug":"subeibaja-electrico-presenta-el-primer-adelanto-de-disco","status":"publish","type":"post","link":"https:\/\/entrenotasyacordes.com\/?p=6921","title":{"rendered":"SUBEIBAJA EL\u00c9CTRICO PRESENTA EL PRIMER ADELANTO DE DISCO"},"content":{"rendered":"\n<!--more-->\n\n\n\n<p class=\"has-black-color has-text-color has-link-color wp-elements-c437018e90a8d024192c670e04b4834d\"><em>\u201cVisi\u00f3n\u201d<\/em><strong>\u00a0es la nueva canci\u00f3n de la banda y primer adelanto del pr\u00f3ximo disco que se espera para el segundo semestre del a\u00f1o. La banda en ascenso, que viene dando firmes pasos en la escena musical, se presentar\u00e1 finalmente en vivo el\u00a0<\/strong><em>s\u00e1bado 4 de mayo en Camping<\/em><strong>\u00a0(Av. Libertador 999) a las 19:00hs y mostraran algo de lo que ser\u00e1 el pr\u00f3ximo disco.<\/strong><\/p>\n\n\n\n<div style=\"height:21px\" aria-hidden=\"true\" class=\"wp-block-spacer\"><\/div>\n\n\n\n<p><a href=\"https:\/\/campingtickets.boleteria.online\/musica\/subeibaja-electrico_2?utm_source=perfit&amp;utm_medium=email&amp;utm_campaign=MAIL%20Subeibaja%20%7C%20Visi%C3%B3n\">ENTRADAS AQUI<\/a><\/p>\n\n\n\n<div style=\"height:21px\" aria-hidden=\"true\" class=\"wp-block-spacer\"><\/div>\n\n\n\n<p class=\"has-black-color has-text-color has-link-color wp-elements-e2627e3c6ec9d1de6c5f73125cc4f650\">Este lanzamiento encapsula la narrativa del disco, la cual va a incluir de distintas maneras\u00a0<em>\u201cel paralelismo constante entre nuestra realidad y una realidad fabricada, ya sea por nosotros mismos o por terceros\u201d<\/em>\u00a0comenta Lautaro Zitelli, voz y teclados de\u00a0<strong>Subeibaja El\u00e9ctrico<\/strong>. A nivel musical y sonoro muestra un poco el nuevo sonido que estar\u00e1 representado a lo largo de todo el material, el cual cuenta con la coproducci\u00f3n y mezcla de<strong>\u00a0Matias Chavez Mendez<\/strong>.<\/p>\n\n\n\n<div style=\"height:21px\" aria-hidden=\"true\" class=\"wp-block-spacer\"><\/div>\n\n\n\n<figure class=\"wp-block-image size-large\"><img loading=\"lazy\" decoding=\"async\" width=\"1024\" height=\"1024\" src=\"https:\/\/entrenotasyacordes.com\/wp-content\/uploads\/2024\/04\/1714435352696-IMG-20240413-WA0001-1024x1024.jpg\" alt=\"\" class=\"wp-image-6922\" srcset=\"https:\/\/entrenotasyacordes.com\/wp-content\/uploads\/2024\/04\/1714435352696-IMG-20240413-WA0001-1024x1024.jpg 1024w, https:\/\/entrenotasyacordes.com\/wp-content\/uploads\/2024\/04\/1714435352696-IMG-20240413-WA0001-300x300.jpg 300w, https:\/\/entrenotasyacordes.com\/wp-content\/uploads\/2024\/04\/1714435352696-IMG-20240413-WA0001-150x150.jpg 150w, https:\/\/entrenotasyacordes.com\/wp-content\/uploads\/2024\/04\/1714435352696-IMG-20240413-WA0001-768x768.jpg 768w, https:\/\/entrenotasyacordes.com\/wp-content\/uploads\/2024\/04\/1714435352696-IMG-20240413-WA0001-50x50.jpg 50w, https:\/\/entrenotasyacordes.com\/wp-content\/uploads\/2024\/04\/1714435352696-IMG-20240413-WA0001.jpg 1280w\" sizes=\"auto, (max-width: 1024px) 100vw, 1024px\" \/><\/figure>\n\n\n\n<div style=\"height:21px\" aria-hidden=\"true\" class=\"wp-block-spacer\"><\/div>\n\n\n\n<p><strong>\u00abVisi\u00f3n\u00bb<\/strong>\u00a0habla de la dificultad de discernir la realidad y las ilusiones que creamos en nuestra mente, y de lo mucho en que las personas saltan entre realidad e imaginaci\u00f3n a tal punto en que se desdibuja la l\u00ednea entre las mismas. A nivel musical y sonoro muestra el nuevo sonido de\u00a0<strong>Subeibaja El\u00e9ctrico<\/strong>, que estar\u00e1 representado a lo largo de todo el disco.<\/p>\n\n\n\n<div style=\"height:17px\" aria-hidden=\"true\" class=\"wp-block-spacer\"><\/div>\n\n\n\n<p><br>Con esta nueva canci\u00f3n la banda busc\u00f3 un sonido m\u00e1s electr\u00f3nico y experimental, que acompa\u00f1a narrativamente a la idea de saltar de una realidad a otra mediante el uso de instrumentos digitales y anal\u00f3gicos y con una mezcla de ritmos poco convencionales.<\/p>\n\n\n\n<div style=\"height:26px\" aria-hidden=\"true\" class=\"wp-block-spacer\"><\/div>\n\n\n\n<figure class=\"wp-block-embed is-type-video is-provider-youtube wp-block-embed-youtube wp-embed-aspect-16-9 wp-has-aspect-ratio\"><div class=\"wp-block-embed__wrapper\">\n<div class=\"epyt-video-wrapper\"><iframe loading=\"lazy\"  id=\"_ytid_13991\"  width=\"640\" height=\"360\"  data-origwidth=\"640\" data-origheight=\"360\" src=\"https:\/\/www.youtube.com\/embed\/Ny6BfPNLEcE?enablejsapi=1&#038;autoplay=0&#038;cc_load_policy=0&#038;cc_lang_pref=&#038;iv_load_policy=1&#038;loop=0&#038;rel=1&#038;fs=1&#038;playsinline=0&#038;autohide=2&#038;theme=dark&#038;color=white&#038;controls=1&#038;\" class=\"__youtube_prefs__  epyt-is-override  no-lazyload\" data-vol=\"50\"  title=\"YouTube player\"  allow=\"fullscreen; accelerometer; autoplay; clipboard-write; encrypted-media; gyroscope; picture-in-picture; web-share\" referrerpolicy=\"strict-origin-when-cross-origin\" allowfullscreen data-no-lazy=\"1\" data-skipgform_ajax_framebjll=\"\"><\/iframe><\/div>\n<\/div><\/figure>\n\n\n\n<div style=\"height:13px\" aria-hidden=\"true\" class=\"wp-block-spacer\"><\/div>\n\n\n\n<p class=\"has-black-color has-text-color has-link-color wp-elements-1413d2a8011a1abfc17416ffb829281a\"><strong>M\u00e1s sobre Subeibaja El\u00e9ctrico:<\/strong><\/p>\n\n\n\n<div style=\"height:13px\" aria-hidden=\"true\" class=\"wp-block-spacer\"><\/div>\n\n\n\n<p class=\"has-black-color has-text-color has-link-color wp-elements-022ff474aca3b1f9ec2a09ab07ad1b60\"><br>Se form\u00f3 en el 2017 en Buenos Aires, Argentina. Su m\u00fasica incorpora elementos del Hip Hop, Pop y el R&amp;B, integrando nuevos sonidos electr\u00f3nicos que se fusionan con instrumentos ac\u00fasticos, tejiendo una narrativa sonora \u00fanica que mezcla estos g\u00e9neros de manera magistral.<\/p>\n\n\n\n<div style=\"height:13px\" aria-hidden=\"true\" class=\"wp-block-spacer\"><\/div>\n\n\n\n<p class=\"has-black-color has-text-color has-link-color wp-elements-fcbbbd7383bd06928c7ff681dadd4e88\">&nbsp;La banda cuenta con dos EPs:&nbsp;<strong><em>\u00abSabor a Menta\u00bb<\/em><\/strong>&nbsp;(2019) y&nbsp;<strong><em>\u201cMenta Mixtape\u00bb<\/em><\/strong>&nbsp;(2021).Actualmente se encuentran trabajando en el pr\u00f3ximo proyecto de estudio, integrando la producci\u00f3n de nuevos beats, ser\u00e1 un disco de aproximadamente 11 canciones.<br><br><strong>Subeibaja El\u00e9ctrico<\/strong>&nbsp;desde su inicio hasta ahora no paro de crecer, present\u00e1ndose en venues como&nbsp;<em>La Tangente, Konex, Niceto<\/em>, entre otros y en distintos festivales como el&nbsp;<strong>Festival Ciudad Emergente<\/strong>, cabe destacar que en marzo de este a\u00f1o&nbsp;<em>el grupo fue elegido por&nbsp;<strong>Phoenix<\/strong>&nbsp;para abrir el&nbsp;<strong>sideshow de Lollapalooza<\/strong><\/em>.<\/p>\n\n\n\n<div style=\"height:13px\" aria-hidden=\"true\" class=\"wp-block-spacer\"><\/div>\n\n\n\n<p class=\"has-black-color has-text-color has-link-color wp-elements-ae595e3919049ab337668fc2c6cedc53\"><strong>Subeibaja El\u00e9ctrico<\/strong>&nbsp;es:&nbsp;<strong>Adriel Garcia<\/strong>&nbsp;(voz mc),&nbsp;<strong>Maximiliano Rostan<\/strong>&nbsp;(guitarra y voz),&nbsp;<strong>Lautaro Zitelli<\/strong>&nbsp;(teclados y voz),&nbsp;<strong>Luciano Fortuny<\/strong>&nbsp;(bajo) y&nbsp;<strong>Hern\u00e1n Dick<\/strong>&nbsp;(bater\u00eda).<\/p>\n\n\n\n<div style=\"height:13px\" aria-hidden=\"true\" class=\"wp-block-spacer\"><\/div>\n","protected":false},"excerpt":{"rendered":"","protected":false},"author":5,"featured_media":6923,"comment_status":"open","ping_status":"open","sticky":false,"template":"","format":"standard","meta":{"om_disable_all_campaigns":false,"_uf_show_specific_survey":0,"_uf_disable_surveys":false,"footnotes":""},"categories":[4],"tags":[],"class_list":["post-6921","post","type-post","status-publish","format-standard","has-post-thumbnail","hentry","category-musica"],"_links":{"self":[{"href":"https:\/\/entrenotasyacordes.com\/index.php?rest_route=\/wp\/v2\/posts\/6921","targetHints":{"allow":["GET"]}}],"collection":[{"href":"https:\/\/entrenotasyacordes.com\/index.php?rest_route=\/wp\/v2\/posts"}],"about":[{"href":"https:\/\/entrenotasyacordes.com\/index.php?rest_route=\/wp\/v2\/types\/post"}],"author":[{"embeddable":true,"href":"https:\/\/entrenotasyacordes.com\/index.php?rest_route=\/wp\/v2\/users\/5"}],"replies":[{"embeddable":true,"href":"https:\/\/entrenotasyacordes.com\/index.php?rest_route=%2Fwp%2Fv2%2Fcomments&post=6921"}],"version-history":[{"count":1,"href":"https:\/\/entrenotasyacordes.com\/index.php?rest_route=\/wp\/v2\/posts\/6921\/revisions"}],"predecessor-version":[{"id":6924,"href":"https:\/\/entrenotasyacordes.com\/index.php?rest_route=\/wp\/v2\/posts\/6921\/revisions\/6924"}],"wp:featuredmedia":[{"embeddable":true,"href":"https:\/\/entrenotasyacordes.com\/index.php?rest_route=\/wp\/v2\/media\/6923"}],"wp:attachment":[{"href":"https:\/\/entrenotasyacordes.com\/index.php?rest_route=%2Fwp%2Fv2%2Fmedia&parent=6921"}],"wp:term":[{"taxonomy":"category","embeddable":true,"href":"https:\/\/entrenotasyacordes.com\/index.php?rest_route=%2Fwp%2Fv2%2Fcategories&post=6921"},{"taxonomy":"post_tag","embeddable":true,"href":"https:\/\/entrenotasyacordes.com\/index.php?rest_route=%2Fwp%2Fv2%2Ftags&post=6921"}],"curies":[{"name":"wp","href":"https:\/\/api.w.org\/{rel}","templated":true}]}}