{"id":6925,"date":"2024-04-30T18:05:53","date_gmt":"2024-04-30T18:05:53","guid":{"rendered":"https:\/\/entrenotasyacordes.com\/?p=6925"},"modified":"2024-04-30T18:06:34","modified_gmt":"2024-04-30T18:06:34","slug":"estamos-listos-para-bime-bogota-2024","status":"publish","type":"post","link":"https:\/\/entrenotasyacordes.com\/?p=6925","title":{"rendered":"\u00a1ESTAMOS LISTOS PARA BIME BOGOT\u00c1 2024!"},"content":{"rendered":"\n<p class=\"has-black-color has-text-color has-link-color wp-elements-34e0523a91053c404132b2a1b5bd38fd\"><strong>DEL 8 AL 11 DE MAY0<\/strong> <strong>BIME Bogot\u00e1<\/strong><\/p>\n\n\n\n<!--more-->\n\n\n\n<p class=\"has-black-color has-text-color has-link-color wp-elements-07d0e8010257e0cb4419b41c3600d044\"><strong>BIME, el encuentro internacional de industria musical de referencia mundial espera reunir en Bogot\u00e1, del 8 al 11 de mayo, a m\u00e1s de 2.000 profesionales en torno a una completa programaci\u00f3n, con casi un centenar de actividades y m\u00e1s de 60 conciertos donde se dar\u00e1n a conocer las estrellas del futuro.<\/strong><br><strong>Las entradas para BIME Bogot\u00e1 est\u00e1n disponibles para asistir de forma presencial y online, y con\u00a0precio reducido para estudiantes, en la web oficial\u00a0<a href=\"https:\/\/mariapeluffo.tr.pemsv11.net\/c\/eyJhIjoibWFyaWFwZWx1ZmZvIiwibSI6Im1haWxfY2x2bGdzdWZ2OGQ2YTA4MzZmZ2t5aGljYyIsImwiOiJsaW5rXzBiMmFmMDc5YmVjZDE2ODI1YWE2N2I5NjBkZDVhMzBjZjkxY2Y5N2JfNmE1NjJkIiwiaSI6W10sInUiOiJ3d3cuYmltZS5vcmc_dXRtX3NvdXJjZT1wZXJmaXQmdXRtX21lZGl1bT1lbWFpbCZ1dG1fY2FtcGFpZ249QklNRSUyMDIzLjA0IiwiYyI6IiIsImgiOiJlNjYzZTcifQ\">www.bime.org<\/a><\/strong><\/p>\n\n\n\n<div style=\"height:16px\" aria-hidden=\"true\" class=\"wp-block-spacer\"><\/div>\n\n\n\n<p class=\"has-black-color has-text-color has-link-color wp-elements-6fcd1ca40b7df267b1e5d0c1e06634d5\">Bogot\u00e1 est\u00e1 ya lista para dar la bienvenida a m\u00e1s de 2.000 profesionales, artistas, estudiantes, instituciones, marcas y agentes de todo el mundo en la decimocuarta edici\u00f3n de BIME, el encuentro de referencia de la industria musical, que completa hoy su programaci\u00f3n con la participaci\u00f3n de cerca de 200 expertxs y artistas. Una cita de cuatro d\u00edas que convertir\u00e1 la capital colombiana en el catalizador de cambio y epicentro de innovaci\u00f3n para construir en conjunto el pr\u00f3ximo cap\u00edtulo de la<br>industria musical.<\/p>\n\n\n\n<div style=\"height:16px\" aria-hidden=\"true\" class=\"wp-block-spacer\"><\/div>\n\n\n\n<figure class=\"wp-block-image size-large\"><img loading=\"lazy\" decoding=\"async\" width=\"1024\" height=\"576\" src=\"https:\/\/entrenotasyacordes.com\/wp-content\/uploads\/2024\/04\/1714405872699-MOSAICO_10_PONENTES_23.04.24-2-2-1024x576.png\" alt=\"\" class=\"wp-image-6929\" srcset=\"https:\/\/entrenotasyacordes.com\/wp-content\/uploads\/2024\/04\/1714405872699-MOSAICO_10_PONENTES_23.04.24-2-2-1024x576.png 1024w, https:\/\/entrenotasyacordes.com\/wp-content\/uploads\/2024\/04\/1714405872699-MOSAICO_10_PONENTES_23.04.24-2-2-300x169.png 300w, https:\/\/entrenotasyacordes.com\/wp-content\/uploads\/2024\/04\/1714405872699-MOSAICO_10_PONENTES_23.04.24-2-2-768x432.png 768w, https:\/\/entrenotasyacordes.com\/wp-content\/uploads\/2024\/04\/1714405872699-MOSAICO_10_PONENTES_23.04.24-2-2-1536x864.png 1536w, https:\/\/entrenotasyacordes.com\/wp-content\/uploads\/2024\/04\/1714405872699-MOSAICO_10_PONENTES_23.04.24-2-2.png 1920w\" sizes=\"auto, (max-width: 1024px) 100vw, 1024px\" \/><\/figure>\n\n\n\n<p class=\"has-black-color has-text-color has-link-color wp-elements-a96188c34576570b876306d1f0aed6a6\"><strong>BIME PRO. D\u00d3NDE SE CO-CREA EL FUTURO DE LA INDUSTRIA<\/strong><\/p>\n\n\n\n<div style=\"height:12px\" aria-hidden=\"true\" class=\"wp-block-spacer\"><\/div>\n\n\n\n<p class=\"has-black-color has-text-color has-link-color wp-elements-26125725b94299bc05ecb23afccbd529\"><br>En su parte conferencial, BIME Pro, contar\u00e1 con una amplia representaci\u00f3n de actores clave del sector a nivel mundial. A los nombres ya confirmados hasta la fecha, se unen algunxs de la talla de la artista y compositora argentina&nbsp;<strong>La Joaqui (AR)<\/strong>;&nbsp;<strong>Christopher Breedlove (US)<\/strong>, director de activaci\u00f3n c\u00edvica de Burning Man Project;&nbsp;<strong>Tomas Cookman (US)<\/strong>, director de Nacional Records y de LAMC;&nbsp;<strong>Alex Hackford (US)<\/strong>, responsable de Asuntos Musicales Creativos de PlayStation;&nbsp;<strong>Ashley Carman (US)<\/strong>, reportera de Bloomberg News;&nbsp;<strong>Janet L\u00f3pez (US)<\/strong>, supervisora musical y fundadora de Agave, Music &amp; Media;&nbsp;<strong>\u00c1ngela Cort\u00e9s Ram\u00f3n (ES)<\/strong>, directora de desarrollo de cap\u00edtulos de We Make Noise;&nbsp;<strong>Jorge Navarro (MX)<\/strong>, director de desarrollo de alianzas estrat\u00e9gicas de Youtube;&nbsp;<strong>Carolina Rodriguez (ES)<\/strong>, direcci\u00f3n de comunicaci\u00f3n y proyectos de la Asociaci\u00f3n de Promotores Musicales, APM;&nbsp;<strong>Tito Leconte<\/strong>&nbsp;<strong>(AR)<\/strong>, socio gerente de DALE PLAY;&nbsp;<strong>Paula Raez<\/strong>&nbsp;<strong>(ES)<\/strong>, secretar\u00eda de la Asociaci\u00f3n de Mujeres de la Industria de la M\u00fasica (MIM);&nbsp;<strong>Andr\u00e9s Shaq<\/strong>&nbsp;<strong>(CO)<\/strong>, director A&amp;R de Warner Music Group;&nbsp;<strong>Fernando Escobar (CO)<\/strong>, director de CMN Colombia;&nbsp;<strong>Leonor C. Su\u00e1rez<\/strong>&nbsp;<strong>(US)<\/strong>, fundadora de SHE-LION; o&nbsp;<strong>Julio Leiva (AR)<\/strong>, periodista y ex-director de Filonews; entre otros muchos.<\/p>\n\n\n\n<div style=\"height:12px\" aria-hidden=\"true\" class=\"wp-block-spacer\"><\/div>\n\n\n\n<p class=\"has-black-color has-text-color has-link-color wp-elements-f440dc9aad03d3c91ef7fbfb1739127f\"><br>Una programaci\u00f3n creada por y para toda la industria, con un intenso calendario de actividades que dar\u00e1 comienzo el d\u00eda 8 de mayo con la participaci\u00f3n de&nbsp;<strong>Enrique Bunbury<\/strong>&nbsp;<strong>(ES)<\/strong>&nbsp;junto a<strong>&nbsp;Leila Cobo (CO\/US)<\/strong>, directora ejecutiva de&nbsp;<strong>Billboard<\/strong>, en una conversaci\u00f3n inaugural que tratar\u00e1 de desgranar la carrera del artista espa\u00f1ol; y que continuar\u00e1 con m\u00e1s protagonistas como la espa\u00f1ola&nbsp;<strong>Lola \u00cdndigo<\/strong>&nbsp;<strong>(ES)<\/strong>, una de las artistas m\u00e1s destacadas del panorama musical actual, profesionales como&nbsp;<strong>Maykol S\u00e1nchez<\/strong>&nbsp;(US), director de m\u00fasica para Latinoam\u00e9rica de&nbsp;<strong>Spotify; Daouda Leonard<\/strong>&nbsp;(US), fundador y CEO de Createsafe y manager de la artista&nbsp;<strong>Grimes<\/strong>;&nbsp;<strong>Roc\u00edo Guerrero<\/strong>&nbsp;(ES), responsable de m\u00fasica latina Iberia en Amazon Music;&nbsp;<strong>Brigitte Baptiste<\/strong>&nbsp;(CO),rectora de la Universidad Ean; o&nbsp;<strong>Luis Giraldo (CO)<\/strong>, de Bichota Records y padre de la artista&nbsp;<strong>Karol G<\/strong>.<\/p>\n\n\n\n<div style=\"height:12px\" aria-hidden=\"true\" class=\"wp-block-spacer\"><\/div>\n\n\n\n<p class=\"has-black-color has-text-color has-link-color wp-elements-0d86a94e7cbf2af0d50f85a78fbc4166\"><br>Adem\u00e1s,&nbsp;<strong>BIME Pro<\/strong>&nbsp;acoger\u00e1 conversaciones en torno a las principales tendencias de la industria musical como el papel de&nbsp;<strong>TikTok<\/strong>&nbsp;en el desarrollo de las carreras art\u00edsticas,&nbsp;<strong>el fen\u00f3meno de los estadios<\/strong>, el desarrollo y&nbsp;<strong>exportaci\u00f3n de talento latino, los retos de la sostenibilidad<\/strong>&nbsp;en los espect\u00e1culos en vivo y los caminos para vincular a las audiencias, la fascinante historia del&nbsp;<strong>movimiento cultural y musical de la Rep\u00fablica Dominicana: el dembow<\/strong>, el impacto global de la m\u00fasica mexicana,&nbsp;<strong>el estado de la m\u00fasica latina<\/strong>&nbsp;y su alcance global sin precedentes, las nuevas dimensiones creativas y legislativas que ofrece&nbsp;<strong>la Inteligencia Artificial<\/strong>, el arte y el m\u00e9todo de&nbsp;<strong>hacer grandes canciones<\/strong>, las oportunidades creativas de&nbsp;<strong>la m\u00fasica en los videojuegos<\/strong>, o los&nbsp;<strong>nuevos modelos de negocio<\/strong>.<\/p>\n\n\n\n<div style=\"height:12px\" aria-hidden=\"true\" class=\"wp-block-spacer\"><\/div>\n\n\n\n<figure class=\"wp-block-image size-large\"><img loading=\"lazy\" decoding=\"async\" width=\"1024\" height=\"576\" src=\"https:\/\/entrenotasyacordes.com\/wp-content\/uploads\/2024\/04\/1714406469663-MOSAICO_5_ARTISTAS_23.04.24-1024x576.png\" alt=\"\" class=\"wp-image-6928\" srcset=\"https:\/\/entrenotasyacordes.com\/wp-content\/uploads\/2024\/04\/1714406469663-MOSAICO_5_ARTISTAS_23.04.24-1024x576.png 1024w, https:\/\/entrenotasyacordes.com\/wp-content\/uploads\/2024\/04\/1714406469663-MOSAICO_5_ARTISTAS_23.04.24-300x169.png 300w, https:\/\/entrenotasyacordes.com\/wp-content\/uploads\/2024\/04\/1714406469663-MOSAICO_5_ARTISTAS_23.04.24-768x432.png 768w, https:\/\/entrenotasyacordes.com\/wp-content\/uploads\/2024\/04\/1714406469663-MOSAICO_5_ARTISTAS_23.04.24-1536x864.png 1536w, https:\/\/entrenotasyacordes.com\/wp-content\/uploads\/2024\/04\/1714406469663-MOSAICO_5_ARTISTAS_23.04.24.png 1920w\" sizes=\"auto, (max-width: 1024px) 100vw, 1024px\" \/><\/figure>\n\n\n\n<div style=\"height:25px\" aria-hidden=\"true\" class=\"wp-block-spacer\"><\/div>\n\n\n\n<p class=\"has-black-color has-text-color has-link-color wp-elements-b2cab7f95a963ea31fc4c85deb5798a1\"><strong>BIME LIVE. EL FESTIVAL DONDE CONOCER A LXS ARTISTAS DEL FUTURO<\/strong><br>La programaci\u00f3n de BIME contin\u00faa por la tarde y por la noche en diferentes puntos de la ciudad, con BIME Live, una programaci\u00f3n de conciertos y showcases destinados a mostrar las propuestas de artistas con mayor proyecci\u00f3n internacional, que tendr\u00e1 lugar en la propia&nbsp;<strong>Universidad EAN<\/strong>, sede de BIME Pro, y en el&nbsp;<strong>Distrito Creativo de la Calle 85<\/strong>, en espacios como&nbsp;<strong>S\u00e1nchez Cervecer\u00eda, La Patrona, Egua, Mad Radio y 440 Music Hall.<\/strong><\/p>\n\n\n\n<div style=\"height:13px\" aria-hidden=\"true\" class=\"wp-block-spacer\"><\/div>\n\n\n\n<p class=\"has-black-color has-text-color has-link-color wp-elements-fe99581b03df3c3574faa24b581cd718\">A los m\u00e1s de 30 artistas anunciados recientemente, se suman otra decena con una gran representaci\u00f3n de talento local colombiano como la nueva propuesta de sonido fresco y rap colombiano de\u00a0<strong>Kei Linch (CO)<\/strong>; el indie folk latinoamericano de\u00a0<strong>Coco Ram\u00e9 (CO)<\/strong>, la artista argentina\u00a0<strong>Lara91K (AR)<\/strong>\u00a0con su hip hop de vanguardia y producci\u00f3n contempor\u00e1nea;<strong>\u00a0La Farmakos (CO)<\/strong>, fusionando se esencia rapera con los sonidos de la cumbia; la orquesta de salsa brava de Bogot\u00e1\u00a0<strong>La Pambel\u00e9 (CO)<\/strong>, el energ\u00e9tico show pop-rock de\u00a0<strong>Armenia (CO)<\/strong>, el rapero colombiano\u00a0<strong>Kriska (CO)<\/strong>, las canciones y rimas de calle y vida de\u00a0<strong>El Kalvo (CO)<\/strong>, el sonido y movimiento ex\u00f3tico de<strong>\u00a0Los Dioses del Ritmo (CO)<\/strong>; la banda de cumbia radioactiva de Ecuador\u00a0<strong>Papaya Dada (EC)<\/strong>; el indie pop rock del quinteto Ni\u00f1a Lobo (UY); o\u00a0<strong>la rapera uruguaya<\/strong>\u00a0<strong>Eli Almic (UY)<\/strong>, entre otros. Una celebraci\u00f3n de la m\u00fasica que apuesta por el nuevo talento art\u00edstico, y por acercar su programaci\u00f3n al p\u00fablico profesional que se da cita en BIME, y a la ciudad de Bogot\u00e1, con plazas de acceso libre para el p\u00fablico general (limitadas al aforo).<\/p>\n\n\n\n<div style=\"height:13px\" aria-hidden=\"true\" class=\"wp-block-spacer\"><\/div>\n\n\n\n<p><br>En este marco,&nbsp;<strong>BIME Live contar\u00e1 con un showcase de clausura de la artista espa\u00f1ola Lola \u00cdndigo (ES), el viernes d\u00eda 10 de mayo<\/strong>. Reconocida por su poderosa presencia esc\u00e9nica y su singular estilo musical, ha logrado posicionarse como una de las figuras femeninas m\u00e1s prominentes de la m\u00fasica en espa\u00f1ol. Su multitudinaria gira por Espa\u00f1a acumul\u00f3 m\u00e1s de 300.000 asistentes, alcanzando un sold out para 2025 en el estadio Santiago Bernab\u00e9u. Este evento brindar\u00e1 a los asistentes la oportunidad de disfrutar de un show en el coraz\u00f3n de la ciudad, consolidando el impacto y la relevancia de Lola \u00cdndigo en la escena musical actual.<\/p>\n\n\n\n<div style=\"height:13px\" aria-hidden=\"true\" class=\"wp-block-spacer\"><\/div>\n\n\n\n<p class=\"has-black-color has-text-color has-link-color wp-elements-dc93139b8cba861fff4c4722b81ddcf6\"><strong>LA CITA INELUDIBLE DE LA INDUSTRIA MUSICAL<\/strong><\/p>\n\n\n\n<p class=\"has-black-color has-text-color has-link-color wp-elements-21cd9a2d7d869261e28c580107930e17\"><br><strong>BIME Start Up!<\/strong><\/p>\n\n\n\n<div style=\"height:13px\" aria-hidden=\"true\" class=\"wp-block-spacer\"><\/div>\n\n\n\n<p class=\"has-black-color has-text-color has-link-color wp-elements-8a4036b811af94ed54df4307ce4e9618\"><br>Tambi\u00e9n se desvelan los nombres de las startups que formar\u00e1n parte de&nbsp;<strong>BIME Start Up<\/strong>!, el programa de BIME para aquellos que buscan acelerar su negocio.&nbsp;<strong>Pro Indie Music, Snafu Song Fund, Son Gain, Gudmerch, Cactus Music, y Giggin<\/strong>, han sido las propuestas empresariales m\u00e1s disruptivas seleccionadas en convocatoria abierta para formar parte de&nbsp;<strong>StartUp Village<\/strong>, zona de exposici\u00f3n ante inversores; y en&nbsp;<strong>StartUp Competition<\/strong>, donde competir\u00e1n por el MeetLatam Accelerator, y una asesor\u00eda one to one con el programa de&nbsp;<strong>Google Startups<\/strong>&nbsp;que entregar\u00e1 hasta 350.000 USD en cr\u00e9ditos<br>de Google Cloud.<\/p>\n\n\n\n<div style=\"height:13px\" aria-hidden=\"true\" class=\"wp-block-spacer\"><\/div>\n\n\n\n<p class=\"has-black-color has-text-color has-link-color wp-elements-62ef2647cbd165c49b0e036dcf58f9d7\"><strong>BIME Campus<\/strong><\/p>\n\n\n\n<div style=\"height:13px\" aria-hidden=\"true\" class=\"wp-block-spacer\"><\/div>\n\n\n\n<p class=\"has-black-color has-text-color has-link-color wp-elements-7214aff1ab4c6bb3289ff34ccc0884da\"><br>Adem\u00e1s,&nbsp;<strong>BIME Campus<\/strong>, de la mano de la&nbsp;<strong>Fundaci\u00f3n SGAE<\/strong>, ofrecer\u00e1 un valioso programa de formaci\u00f3n, en el que los asistentes recibir\u00e1n de la mano de expertxs del sector masterclasses relacionadas con la gesti\u00f3n colectiva y la&nbsp;<strong>Inteligencia Artificial<\/strong>, la&nbsp;<strong>internacionalizaci\u00f3n<\/strong>&nbsp;de artistas,&nbsp;<strong>supervisi\u00f3n musical<\/strong>, c\u00f3mo dominar&nbsp;<strong>el arte de la conversi\u00f3n con los medios<\/strong>&nbsp;de comunicaci\u00f3n, o los datos clave en el mundo de la&nbsp;<strong>gesti\u00f3n cultural<\/strong>&nbsp;para la industria de la m\u00fasica. Adem\u00e1s, estudiantes y aspirantes menores de 28 a\u00f1os podr\u00e1n acceder a todo el contenido de&nbsp;<strong>BIME Campus<\/strong>&nbsp;con descuento<br>de estudiantes.<\/p>\n\n\n\n<div style=\"height:13px\" aria-hidden=\"true\" class=\"wp-block-spacer\"><\/div>\n\n\n\n<p class=\"has-black-color has-text-color has-link-color wp-elements-3eb5235f0cb2ff87aae04fce26d79258\"><strong>Networking, speedmeetings y mesas de trabajo<\/strong><\/p>\n\n\n\n<div style=\"height:13px\" aria-hidden=\"true\" class=\"wp-block-spacer\"><\/div>\n\n\n\n<p class=\"has-black-color has-text-color has-link-color wp-elements-20e9a48b15c27f8ff68353266ec66562\">As\u00ed mismo, y con el objetivo de fomentar el networking y la conexi\u00f3n entre territorios y profesionales, habr\u00e1 diferentes sesiones de\u00a0<em>speedmeetings, pitching<\/em>, c\u00f3cteles y recepciones de la mano de la\u00a0<strong>Embajada espa\u00f1ola en Colombia, Sounds from Spain, Canad\u00e1, ELPAUER, Fundaci\u00f3n SGAE o ProChile<\/strong>; adem\u00e1s de grupos de trabajo internacionales, y la presencia de delegaciones de profesionales de pa\u00edses como,\u00a0<strong>Canad\u00e1, Colombia, Chile, Costa Rica, Espa\u00f1a, Per\u00fa, Uruguay o Venezuela<\/strong>, entre otros. Adem\u00e1s, BIME contin\u00faa la senda de colaboraci\u00f3n iniciada en el 2022 con el<strong>\u00a0Ministerio de Cultura de Espa\u00f1a a trav\u00e9s de Conexiones i<\/strong>, un itinerario de capacitaci\u00f3n y apoyo a la internacionalizaci\u00f3n de empresas y profesionales de la m\u00fasica en el marco de la programaci\u00f3n de BIME.<\/p>\n\n\n\n<div style=\"height:13px\" aria-hidden=\"true\" class=\"wp-block-spacer\"><\/div>\n\n\n\n<p class=\"has-black-color has-text-color has-link-color wp-elements-ee2303844f1b72649cb680a9e01152ca\">En este marco, se celebran tambi\u00e9n encuentros impulsados por diferentes organismos internacionales en los que, a trav\u00e9s de mesas de trabajo, se buscan soluciones a futuro para la industria musical, con temas tan relevantes como los desaf\u00edos culturales y musicales en el marco de la igualdad, una mesa de trabajo liderada\u00a0<strong>MIM;<\/strong>\u00a0el estado actual y los retos de los medios de comunicaci\u00f3n musicales, de la mano de la Alianza Faro; las nuevas formas de impulsar la escena musical entre el Pa\u00eds Vasco y Colombia, impulsada por\u00a0<strong>BASQUE.MUSIC<\/strong>; o la colaboraci\u00f3n p\u00fablico-privada en la exportaci\u00f3n y circulaci\u00f3n de m\u00fasica en Latinoam\u00e9rica, con la participaci\u00f3n de I<strong>CEX, ProChile, Iberm\u00fasicas, PROCOLOMBIA<\/strong>, entre otras.<\/p>\n\n\n\n<div style=\"height:13px\" aria-hidden=\"true\" class=\"wp-block-spacer\"><\/div>\n\n\n\n<p class=\"has-black-color has-text-color has-link-color wp-elements-e2f70b65c9be27ee31bdb52473c312a2\"><strong>Sesiones BIME<\/strong><\/p>\n\n\n\n<div style=\"height:13px\" aria-hidden=\"true\" class=\"wp-block-spacer\"><\/div>\n\n\n\n<p class=\"has-black-color has-text-color has-link-color wp-elements-9860a73541a5f7441213d6208f3e74c5\">Habr\u00e1 tambi\u00e9n un espacio para la co-creaci\u00f3n musical con Sesiones BIME, el laboratorio musical que busca estimular la colaboraci\u00f3n art\u00edstica, y los encuentros de songwriting y producci\u00f3n entre artistas de diferentes territorios, y que cuenta con la curadur\u00eda de\u00a0<strong>Oso Polita<\/strong>.<\/p>\n\n\n\n<div style=\"height:13px\" aria-hidden=\"true\" class=\"wp-block-spacer\"><\/div>\n\n\n\n<p class=\"has-black-color has-text-color has-link-color wp-elements-cbdb9bebf13b5775f0f8b6681d45bc3c\"><strong>Encuentro Internacional del Vinilo<\/strong><\/p>\n\n\n\n<div style=\"height:13px\" aria-hidden=\"true\" class=\"wp-block-spacer\"><\/div>\n\n\n\n<p class=\"has-black-color has-text-color has-link-color wp-elements-da7b8550aa345329856b1d7b58016efc\"><br>Los d\u00edas 10 y 11 de mayo, se celebrar\u00e1 el valioso aporte de la cultura vinilera en el&nbsp;<strong>Encuentro Internacional del Vinilo<\/strong>, una experiencia en la que se desarrollar\u00e1n conversaciones, talleres, espacios de networking, showcases y desde luego, un mercado del vinilo en el cual se podr\u00e1n encontrar grandes joyas de la m\u00fasica mundial. El&nbsp;<strong>Encuentro Internacional del Vinilo<\/strong>, que cuenta con el apoyo de&nbsp;<strong>CODISCOS<\/strong>, la disquera colombiana independiente y referente en Am\u00e9rica Latina, se llevar\u00e1 a cabo el d\u00eda viernes 10 de mayo en la Universidad EAN, a la que el p\u00fablico general podr\u00e1 acceder con inscripci\u00f3n previa, y el d\u00eda s\u00e1bado 11 de mayo en&nbsp;<strong>Selina<\/strong>&nbsp;de la calle 74, con una jornada abierta a la familia y el p\u00fablico general de forma gratuita.<\/p>\n\n\n\n<div style=\"height:13px\" aria-hidden=\"true\" class=\"wp-block-spacer\"><\/div>\n\n\n\n<p class=\"has-black-color has-text-color has-link-color wp-elements-36d6a6129c1911bda58dd065f59bc1af\"><strong>Presencial y online<\/strong><\/p>\n\n\n\n<div style=\"height:13px\" aria-hidden=\"true\" class=\"wp-block-spacer\"><\/div>\n\n\n\n<p class=\"has-black-color has-text-color has-link-color wp-elements-5d8725b5be114b0ff7a7a9fbe85c211c\"><br>El programa est\u00e1 disponible en\u00a0<a href=\"https:\/\/bime.org\/\">bime.org<\/a>\u00a0y el encuentro se podr\u00e1 seguir de manera online mediante la plataforma, ya activa en la misma web y en la app.<\/p>\n\n\n\n<div style=\"height:13px\" aria-hidden=\"true\" class=\"wp-block-spacer\"><\/div>\n\n\n\n<p class=\"has-black-color has-text-color has-link-color wp-elements-b6df0a79ffef94731fddeb163bdba971\"><br><strong>BIME<\/strong>\u00a0se ha consolidado como un espacio de referencia internacional y un s\u00f3lido puente de internacionalizaci\u00f3n entre Europa y Am\u00e9rica. Con el objetivo de fomentar las colaboraciones de profesionales y artistas, y facilitar la puerta de entrada a ambos continentes, es ya considerado uno de los grandes altavoces y espacios de visibilizaci\u00f3n para profesionales de todo el mundo. El di\u00e1logo y el networking est\u00e1 siempre disponible a trav\u00e9s de\u00a0<a href=\"https:\/\/mariapeluffo.tr.pemsv11.net\/c\/eyJhIjoibWFyaWFwZWx1ZmZvIiwibSI6Im1haWxfY2x2bGdzdWZ2OGQ2YTA4MzZmZ2t5aGljYyIsImwiOiJsaW5rX2U4MjBmNGQxMTE2ZWY0NjlmYjk2ZTQzZDM1ZmJlNTcwMTFjNWJiYmJfNjY2MmNmIiwiaSI6W10sInUiOiJodHRwczovL2JpbWUub3JnP3V0bV9zb3VyY2U9cGVyZml0JnV0bV9tZWRpdW09ZW1haWwmdXRtX2NhbXBhaWduPUJJTUUlMjAyMy4wNCIsImMiOiIiLCJoIjoiZjg2MzQwIn0\" target=\"_blank\" rel=\"noreferrer noopener\">bime.org<\/a>\u00a0y su plataforma online que se mantiene activa durante los 365 d\u00edas y permite participar desde todas partes del mundo, adem\u00e1s de acceder al<br>networking en cualquier momento. El lugar de encuentro virtual donde mantenerse en conexi\u00f3n con profesionales de la m\u00fasica a nivel mundial, y donde volver a ver los debates y ponencias que tuvieron lugar durante las ediciones anteriores.<\/p>\n\n\n\n<div style=\"height:13px\" aria-hidden=\"true\" class=\"wp-block-spacer\"><\/div>\n","protected":false},"excerpt":{"rendered":"<p>DEL 8 AL 11 DE MAY0 BIME Bogot\u00e1<\/p>\n","protected":false},"author":5,"featured_media":6930,"comment_status":"open","ping_status":"open","sticky":false,"template":"","format":"standard","meta":{"om_disable_all_campaigns":false,"_uf_show_specific_survey":0,"_uf_disable_surveys":false,"footnotes":""},"categories":[1],"tags":[],"class_list":["post-6925","post","type-post","status-publish","format-standard","has-post-thumbnail","hentry","category-uncategorized"],"_links":{"self":[{"href":"https:\/\/entrenotasyacordes.com\/index.php?rest_route=\/wp\/v2\/posts\/6925","targetHints":{"allow":["GET"]}}],"collection":[{"href":"https:\/\/entrenotasyacordes.com\/index.php?rest_route=\/wp\/v2\/posts"}],"about":[{"href":"https:\/\/entrenotasyacordes.com\/index.php?rest_route=\/wp\/v2\/types\/post"}],"author":[{"embeddable":true,"href":"https:\/\/entrenotasyacordes.com\/index.php?rest_route=\/wp\/v2\/users\/5"}],"replies":[{"embeddable":true,"href":"https:\/\/entrenotasyacordes.com\/index.php?rest_route=%2Fwp%2Fv2%2Fcomments&post=6925"}],"version-history":[{"count":2,"href":"https:\/\/entrenotasyacordes.com\/index.php?rest_route=\/wp\/v2\/posts\/6925\/revisions"}],"predecessor-version":[{"id":6932,"href":"https:\/\/entrenotasyacordes.com\/index.php?rest_route=\/wp\/v2\/posts\/6925\/revisions\/6932"}],"wp:featuredmedia":[{"embeddable":true,"href":"https:\/\/entrenotasyacordes.com\/index.php?rest_route=\/wp\/v2\/media\/6930"}],"wp:attachment":[{"href":"https:\/\/entrenotasyacordes.com\/index.php?rest_route=%2Fwp%2Fv2%2Fmedia&parent=6925"}],"wp:term":[{"taxonomy":"category","embeddable":true,"href":"https:\/\/entrenotasyacordes.com\/index.php?rest_route=%2Fwp%2Fv2%2Fcategories&post=6925"},{"taxonomy":"post_tag","embeddable":true,"href":"https:\/\/entrenotasyacordes.com\/index.php?rest_route=%2Fwp%2Fv2%2Ftags&post=6925"}],"curies":[{"name":"wp","href":"https:\/\/api.w.org\/{rel}","templated":true}]}}