{"id":6942,"date":"2024-05-03T14:21:33","date_gmt":"2024-05-03T14:21:33","guid":{"rendered":"https:\/\/entrenotasyacordes.com\/?p=6942"},"modified":"2024-05-03T14:21:35","modified_gmt":"2024-05-03T14:21:35","slug":"los-tipitos-vuelven-al-teatro-gran-rex","status":"publish","type":"post","link":"https:\/\/entrenotasyacordes.com\/?p=6942","title":{"rendered":"LOS TIPITOS VUELVEN AL TEATRO GRAN REX"},"content":{"rendered":"\n<!--more-->\n\n\n\n<p class=\"has-black-color has-text-color has-link-color wp-elements-19d7b42cccf36fb0d201c2ed09dad134\"><strong>CELEBRANDO 20 A\u00d1OS DE SU \u00c1LBUM M\u00c1S EXITOSO E IC\u00d3NICO:ARMANDO CAMALE\u00d3N<\/strong><\/p>\n\n\n\n<div style=\"height:19px\" aria-hidden=\"true\" class=\"wp-block-spacer\"><\/div>\n\n\n\n<p><a href=\"https:\/\/teatro-granrex.com.ar\/los-tipitos-20-anos\">ENTRADAS A LA VENTA<\/a><\/p>\n\n\n\n<div style=\"height:19px\" aria-hidden=\"true\" class=\"wp-block-spacer\"><\/div>\n\n\n\n<p class=\"has-black-color has-text-color has-link-color wp-elements-85dfde06792059da3e2185457c076679\">En 2004 la escena musical argentina se vio revolucionada por el lanzamiento discogr\u00e1fico de un grupo de m\u00fasicos que emerg\u00eda con la fuerza irrefrenable del boca en boca gracias al ciclo de conciertos a la gorra que cada verano realizaban en la peatonal de Villa Gesell.<\/p>\n\n\n\n<div style=\"height:19px\" aria-hidden=\"true\" class=\"wp-block-spacer\"><\/div>\n\n\n\n<p class=\"has-black-color has-text-color has-link-color wp-elements-466ec3c6668e1ab113cb12750afd44b6\">De pronto, con el apoyo de un joven sello independiente (Popart Discos) y la genialidad creativa de&nbsp;<strong>Pablo Guyot<\/strong>&nbsp;como productor musical, sus canciones se convirtieron en hits masivos que inundaron las radios, la televisi\u00f3n, los supermercados y hasta los estadios de f\u00fatbol.<\/p>\n\n\n\n<div style=\"height:19px\" aria-hidden=\"true\" class=\"wp-block-spacer\"><\/div>\n\n\n\n<p class=\"has-black-color has-text-color has-link-color wp-elements-0bc63a5e0c68c0faf46799236f89650d\">El grupo estall\u00f3 en popularidad, recibi\u00f3 el reconocimiento de sus colegas, de la prensa especializada y comenz\u00f3, sin saberlo en aquel entonces, un largo y exitoso andar que los posicionar\u00eda entre los artistas m\u00e1s trascendentes de la m\u00fasica popular en los a\u00f1os por venir. El grupo,&nbsp;<strong>Los Tipitos<\/strong>. El disco,&nbsp;<strong>Armando Camale\u00f3n<\/strong>.<\/p>\n\n\n\n<div style=\"height:19px\" aria-hidden=\"true\" class=\"wp-block-spacer\"><\/div>\n\n\n\n<p class=\"has-black-color has-text-color has-link-color wp-elements-51d90d40f0a89d669338c004d29d18b5\">Con la \u00e9pica de la retrospectiva y la madurez de tantas melod\u00edas transitadas,&nbsp;<strong>Los Tipitos<\/strong>&nbsp;vuelven al escenario que los consagr\u00f3 entre los grandes para celebrar su disco m\u00e1s ic\u00f3nico y exitoso. Aquel que, promediando los 2000, cambi\u00f3 el sonido del rock nacional poniendo de nuevo a las canciones en el centro de la escena.&nbsp;<em>Brujer\u00eda, Silencio, Campanas en la noche, Algo<\/em>&nbsp;o&nbsp;<em>S\u00f3lo figuras<\/em>&nbsp;(con la participaci\u00f3n de&nbsp;<strong>Le\u00f3n Gieco<\/strong>, padrino art\u00edstico del grupo) son algunas de las obras que forman parte del gran legado de cl\u00e1sicos de&nbsp;&nbsp;<strong>Armando Camale\u00f3n.<\/strong><\/p>\n\n\n\n<div style=\"height:19px\" aria-hidden=\"true\" class=\"wp-block-spacer\"><\/div>\n\n\n\n<p class=\"has-black-color has-text-color has-link-color wp-elements-e2a20e26cacaeae427936aaf945244a5\">El 20\u00ba Aniversario de&nbsp;<strong>Armando Camale\u00f3n<\/strong>&nbsp;tendr\u00e1 su epicentro el pr\u00f3ximo&nbsp;<strong>17 de Agosto en el Teatro Gran Rex de Buenos Aires<\/strong>&nbsp;pero las celebraciones se extender\u00e1n en el marco de una gira que recorrer\u00e1 Argentina y Latinoam\u00e9rica. Tambi\u00e9n habr\u00e1 importantes sorpresas a nivel discogr\u00e1fico y audiovisual.<\/p>\n\n\n\n<div style=\"height:19px\" aria-hidden=\"true\" class=\"wp-block-spacer\"><\/div>\n\n\n\n<figure class=\"wp-block-image size-large\"><img loading=\"lazy\" decoding=\"async\" width=\"1024\" height=\"712\" src=\"https:\/\/entrenotasyacordes.com\/wp-content\/uploads\/2024\/05\/0c8aa1ae-5a93-aae9-f7f6-811513b75a72-1024x712.jpg\" alt=\"\" class=\"wp-image-6943\" srcset=\"https:\/\/entrenotasyacordes.com\/wp-content\/uploads\/2024\/05\/0c8aa1ae-5a93-aae9-f7f6-811513b75a72-1024x712.jpg 1024w, https:\/\/entrenotasyacordes.com\/wp-content\/uploads\/2024\/05\/0c8aa1ae-5a93-aae9-f7f6-811513b75a72-300x209.jpg 300w, https:\/\/entrenotasyacordes.com\/wp-content\/uploads\/2024\/05\/0c8aa1ae-5a93-aae9-f7f6-811513b75a72-768x534.jpg 768w, https:\/\/entrenotasyacordes.com\/wp-content\/uploads\/2024\/05\/0c8aa1ae-5a93-aae9-f7f6-811513b75a72.jpg 1353w\" sizes=\"auto, (max-width: 1024px) 100vw, 1024px\" \/><\/figure>\n\n\n\n<div style=\"height:19px\" aria-hidden=\"true\" class=\"wp-block-spacer\"><\/div>\n","protected":false},"excerpt":{"rendered":"","protected":false},"author":5,"featured_media":6944,"comment_status":"open","ping_status":"open","sticky":false,"template":"","format":"standard","meta":{"om_disable_all_campaigns":false,"_uf_show_specific_survey":0,"_uf_disable_surveys":false,"footnotes":""},"categories":[36],"tags":[],"class_list":["post-6942","post","type-post","status-publish","format-standard","has-post-thumbnail","hentry","category-conciertos"],"_links":{"self":[{"href":"https:\/\/entrenotasyacordes.com\/index.php?rest_route=\/wp\/v2\/posts\/6942","targetHints":{"allow":["GET"]}}],"collection":[{"href":"https:\/\/entrenotasyacordes.com\/index.php?rest_route=\/wp\/v2\/posts"}],"about":[{"href":"https:\/\/entrenotasyacordes.com\/index.php?rest_route=\/wp\/v2\/types\/post"}],"author":[{"embeddable":true,"href":"https:\/\/entrenotasyacordes.com\/index.php?rest_route=\/wp\/v2\/users\/5"}],"replies":[{"embeddable":true,"href":"https:\/\/entrenotasyacordes.com\/index.php?rest_route=%2Fwp%2Fv2%2Fcomments&post=6942"}],"version-history":[{"count":1,"href":"https:\/\/entrenotasyacordes.com\/index.php?rest_route=\/wp\/v2\/posts\/6942\/revisions"}],"predecessor-version":[{"id":6945,"href":"https:\/\/entrenotasyacordes.com\/index.php?rest_route=\/wp\/v2\/posts\/6942\/revisions\/6945"}],"wp:featuredmedia":[{"embeddable":true,"href":"https:\/\/entrenotasyacordes.com\/index.php?rest_route=\/wp\/v2\/media\/6944"}],"wp:attachment":[{"href":"https:\/\/entrenotasyacordes.com\/index.php?rest_route=%2Fwp%2Fv2%2Fmedia&parent=6942"}],"wp:term":[{"taxonomy":"category","embeddable":true,"href":"https:\/\/entrenotasyacordes.com\/index.php?rest_route=%2Fwp%2Fv2%2Fcategories&post=6942"},{"taxonomy":"post_tag","embeddable":true,"href":"https:\/\/entrenotasyacordes.com\/index.php?rest_route=%2Fwp%2Fv2%2Ftags&post=6942"}],"curies":[{"name":"wp","href":"https:\/\/api.w.org\/{rel}","templated":true}]}}