{"id":6946,"date":"2024-05-03T14:39:12","date_gmt":"2024-05-03T14:39:12","guid":{"rendered":"https:\/\/entrenotasyacordes.com\/?p=6946"},"modified":"2024-05-03T14:39:14","modified_gmt":"2024-05-03T14:39:14","slug":"chocolate-remix","status":"publish","type":"post","link":"https:\/\/entrenotasyacordes.com\/?p=6946","title":{"rendered":"CHOCOLATE REMIX"},"content":{"rendered":"\n<!--more-->\n\n\n\n<p class=\"has-black-color has-text-color has-link-color wp-elements-ee078ac8bfbf5fa659d0b952ef1f5c7d\">La rapera argentina referente internacional del reggaet\u00f3n, elegida por la\u00a0<strong>BBC<\/strong>\u00a0como una de las 100 mujeres m\u00e1s influyentes en su chart anual, lanza\u00a0su\u00a0<strong>tercer disco<\/strong>\u00a0en argentina y anuncia su\u00a0<strong>gira europea.<\/strong><\/p>\n\n\n\n<div style=\"height:17px\" aria-hidden=\"true\" class=\"wp-block-spacer\"><\/div>\n\n\n\n<p class=\"has-black-color has-text-color has-link-color wp-elements-939406865de9380d95f5edbc049c9d6f\"><strong>U<\/strong>n disco ecl\u00e9ctico, bailable y antifascista. <strong>U<\/strong>na experiencia musical que va desde lo urbano hasta lo electr\u00f3nico,\u00a0reivindicando\u00a0<em>la fiesta<\/em>\u00a0como un espacio de resistencia.<\/p>\n\n\n\n<div style=\"height:17px\" aria-hidden=\"true\" class=\"wp-block-spacer\"><\/div>\n\n\n\n<figure class=\"wp-block-embed is-type-rich is-provider-spotify wp-block-embed-spotify wp-embed-aspect-21-9 wp-has-aspect-ratio\"><div class=\"wp-block-embed__wrapper\">\n<iframe title=\"Spotify Embed: MINGA\" style=\"border-radius: 12px\" width=\"100%\" height=\"352\" frameborder=\"0\" allowfullscreen allow=\"autoplay; clipboard-write; encrypted-media; fullscreen; picture-in-picture\" loading=\"lazy\" src=\"https:\/\/open.spotify.com\/embed\/album\/5DzgnGvOHXYLNeKaN6gvJ3?referral=labelaffiliate&#038;utm_source=oembed&#038;utm_medium=Indie_CDBaby&#038;utm_campaign=labelaffiliate\"><\/iframe>\n<\/div><\/figure>\n\n\n\n<div style=\"height:17px\" aria-hidden=\"true\" class=\"wp-block-spacer\"><\/div>\n\n\n\n<p class=\"has-black-color has-text-color has-link-color wp-elements-ef5d459b111650c9e1ced04d06f478ff\"><strong><em>\u00a1La fiesta es nuestra&nbsp;y MINGA&nbsp;nos la van a quitar!!\u00bb<\/em><\/strong><strong>&nbsp;<\/strong><\/p>\n\n\n\n<div style=\"height:17px\" aria-hidden=\"true\" class=\"wp-block-spacer\"><\/div>\n\n\n\n<p class=\"has-black-color has-text-color has-link-color wp-elements-579515c14d528519adfea5805f9d8ed3\">gritaba \u00ab<em>la Choco\u00bb<\/em>&nbsp;a.k.a&nbsp;<strong>Chocolate Remix<\/strong>&nbsp;en&nbsp;las calles, envalentonada por los bombos que sosten\u00edan el \u00e1nimo de una parte de la sociedad, apenas se supo que el ultraderechista Javier Milei hab\u00eda ganado las elecciones.<\/p>\n\n\n\n<div style=\"height:17px\" aria-hidden=\"true\" class=\"wp-block-spacer\"><\/div>\n\n\n\n<p class=\"has-black-color has-text-color has-link-color wp-elements-6d86d69c3717e12ed1d2251a6cca06b9\">En la noche del ballotage surgi\u00f3 el nombre que titula el disco, el cual se lanz\u00f3&nbsp;este&nbsp;<strong>viernes 3 de mayo.&nbsp;<\/strong>Lo que sucedi\u00f3 despu\u00e9s fue el disparador de&nbsp;las tres primeras canciones del \u00e1lbum;&nbsp;<strong>\u00ab<\/strong><em><strong>La Fiesta\u00bb<\/strong><\/em>&nbsp;en homenaje a \u00ab<em>Todav\u00eda Cantamos\u00bb<\/em>&nbsp;de V\u00edctor Heredia, canci\u00f3n emblema de lucha y resistencia en clave de guaracha bolichera;&nbsp;<strong><em>\u00abOtario\u00bb<\/em><\/strong>&nbsp;dedicada al&nbsp;<em>gen&nbsp;<\/em>ultraliberal en clave de&nbsp;dembow dominicano;&nbsp;y&nbsp;<strong><em>\u00abPizza con Champagne\u00bb<\/em><\/strong>&nbsp;en la que&nbsp;revisita gemas hist\u00f3ricas de esa \u00e9poca con un reggaet\u00f3n&nbsp;underground barato y noventero.<\/p>\n\n\n\n<div style=\"height:17px\" aria-hidden=\"true\" class=\"wp-block-spacer\"><\/div>\n\n\n\n<p class=\"has-black-color has-text-color has-link-color wp-elements-fb38628809a23538e3633ad4cc9cf67b\"><strong>Una fiesta venida a menos en comparaci\u00f3n con las fiestas glamorosas de los\u00a090&#8217;s,\u00a0con menos plata y m\u00e1s rotura social, pero fiesta al fin.<\/strong><\/p>\n\n\n\n<div style=\"height:17px\" aria-hidden=\"true\" class=\"wp-block-spacer\"><\/div>\n\n\n\n<p class=\"has-black-color has-text-color has-link-color wp-elements-ef511654d89175ce1534b65be3d1cb42\">Los discos de&nbsp;<strong>Chocolate Remix&nbsp;<\/strong>tienen una cosa en com\u00fan,&nbsp;son siempre pol\u00edticamente incorrectos.<\/p>\n\n\n\n<div style=\"height:17px\" aria-hidden=\"true\" class=\"wp-block-spacer\"><\/div>\n\n\n\n<p class=\"has-black-color has-text-color has-link-color wp-elements-37c717e1e1c76ec4d9530979a39bd837\"><em><strong>S\u00e1tira<\/strong><\/em>&nbsp;su debut (2017)&nbsp;conten\u00eda&nbsp;\u00ab<em>Ni Una Menos\u00bb,<\/em>&nbsp;canci\u00f3n emblema del movimiento feminista en argentina.&nbsp;Luego le sigui\u00f3&nbsp;<em><strong>Pajuerana<\/strong><\/em>&nbsp;(2021) editado por Goza Records, un disco de reggaet\u00f3n, funk brasilero y pop con canciones que narraban&nbsp;sobre el trabajo sexual, la imposibilidad del aborto en la miseria, la delincuencia juvenil y&nbsp;el gatillo f\u00e1cil.<\/p>\n\n\n\n<div style=\"height:17px\" aria-hidden=\"true\" class=\"wp-block-spacer\"><\/div>\n\n\n\n<p class=\"has-black-color has-text-color has-link-color wp-elements-50f8969e9b5acd7f4de16de754fa607a\">Y&nbsp;ahora&nbsp;<em><strong>MINGA<\/strong><\/em><strong>,&nbsp;<\/strong>un disco de 8 canciones sobre la base de&nbsp;reggaet\u00f3n (<em>\u00abPizza con Champagne\u00bb<\/em>) que juega con&nbsp;la guaracha (<em>\u00abLa Fiesta\u00bb)<\/em>, el dembow (<em>\u00abOtario\u00bb<\/em>),&nbsp;el&nbsp;trap con&nbsp;samplers de bombardeos en Gaza (<em>\u00abHago Trap\u00bb<\/em>),&nbsp;el perreo (\u00ab<em>Pornostar<\/em>\u00ab),&nbsp;&nbsp;el house&nbsp;para bailar&nbsp;voguing&nbsp;(<em>\u00abMostra\u00bb),<\/em>&nbsp;el electro-merengue&nbsp;(<em>\u00abEy Maric\u00f3n\u00bb)<\/em>, e incluye como bonus track un remix para la pista de baile (<em>\u00abQui\u00e9n Sos?<\/em>\u00ab).<\/p>\n\n\n\n<div style=\"height:17px\" aria-hidden=\"true\" class=\"wp-block-spacer\"><\/div>\n\n\n\n<p class=\"has-black-color has-text-color has-link-color wp-elements-ed1e5ebe50f860d3d3a288ca60bb8e71\">En palabras de la artista (Romina Bernardo alias&nbsp;<em>\u00abLa Choco\u00bb<\/em>):&nbsp;<\/p>\n\n\n\n<div style=\"height:17px\" aria-hidden=\"true\" class=\"wp-block-spacer\"><\/div>\n\n\n\n<p class=\"has-black-color has-text-color has-link-color wp-elements-db8da4775fa9217e71358bcbb715bfe1\"><strong><em>\u00abMINGA<\/em><\/strong>&nbsp;<strong><em>es un disco plenamente antifascista y reivindicador de la fiesta&nbsp;como un espacio de resistencia, porque<\/em>&nbsp;<em>un pueblo deprimido es un pueblo entregado\u201d<\/em><\/strong><\/p>\n\n\n\n<div style=\"height:17px\" aria-hidden=\"true\" class=\"wp-block-spacer\"><\/div>\n\n\n\n<figure class=\"wp-block-embed is-type-video is-provider-youtube wp-block-embed-youtube wp-embed-aspect-16-9 wp-has-aspect-ratio\"><div class=\"wp-block-embed__wrapper\">\n<div class=\"epyt-video-wrapper\"><iframe loading=\"lazy\"  id=\"_ytid_39630\"  width=\"640\" height=\"360\"  data-origwidth=\"640\" data-origheight=\"360\" src=\"https:\/\/www.youtube.com\/embed\/yxcU9mH2S44?enablejsapi=1&#038;autoplay=0&#038;cc_load_policy=0&#038;cc_lang_pref=&#038;iv_load_policy=1&#038;loop=0&#038;rel=1&#038;fs=1&#038;playsinline=0&#038;autohide=2&#038;theme=dark&#038;color=white&#038;controls=1&#038;\" class=\"__youtube_prefs__  epyt-is-override  no-lazyload\" data-vol=\"50\"  title=\"YouTube player\"  allow=\"fullscreen; accelerometer; autoplay; clipboard-write; encrypted-media; gyroscope; picture-in-picture; web-share\" referrerpolicy=\"strict-origin-when-cross-origin\" allowfullscreen data-no-lazy=\"1\" data-skipgform_ajax_framebjll=\"\"><\/iframe><\/div>\n<\/div><\/figure>\n\n\n\n<div style=\"height:17px\" aria-hidden=\"true\" class=\"wp-block-spacer\"><\/div>\n\n\n\n<p class=\"has-text-align-center has-black-color has-text-color has-link-color wp-elements-93bd51ee87ae77e18698cd1bb7d93ba9\"><strong>Gira europea 2024<\/strong><\/p>\n\n\n\n<p class=\"has-text-align-center has-black-color has-text-color has-link-color wp-elements-2b96fdfab393fcc636ba5cf6d2b0b0aa\">Chocolate Remix presentar\u00e1&nbsp;<em><strong>MINGA<\/strong>&nbsp;<\/em>en una gira europea<\/p>\n\n\n\n<p class=\"has-text-align-center has-black-color has-text-color has-link-color wp-elements-24c66840da5051f03a0fc604bf10e112\">de cuatro meses de duraci\u00f3n&nbsp;que la llevar\u00e1 por&nbsp;<strong>Austria,<\/strong><\/p>\n\n\n\n<p class=\"has-text-align-center has-black-color has-text-color has-link-color wp-elements-9a632d70d90c5a9e357be81b425dbeee\"><strong>Dinamarca<\/strong>,&nbsp;<strong>Espa\u00f1a, Francia, Alemania, Italia<\/strong>,&nbsp;<strong>Pa\u00edses Bajos,<\/strong><\/p>\n\n\n\n<p class=\"has-text-align-center has-black-color has-text-color has-link-color wp-elements-73c27026b56e8af9ed6d59f468f6b741\"><strong>Suecia, Suiza&nbsp;<\/strong>y<strong>&nbsp;Reino Unido<\/strong>&nbsp;para luego regresar a su pa\u00eds de<\/p>\n\n\n\n<p class=\"has-text-align-center has-black-color has-text-color has-link-color wp-elements-00d74e7089e5072dd64c42499d360b96\">origen y presentarlo en&nbsp;<strong>Buenos Aires:<\/strong><\/p>\n\n\n\n<div style=\"height:19px\" aria-hidden=\"true\" class=\"wp-block-spacer\"><\/div>\n\n\n<div class=\"wp-block-image\">\n<figure class=\"aligncenter size-full\"><img loading=\"lazy\" decoding=\"async\" width=\"500\" height=\"750\" src=\"https:\/\/entrenotasyacordes.com\/wp-content\/uploads\/2024\/05\/GIRA_FLEET.jpg\" alt=\"\" class=\"wp-image-6947\" srcset=\"https:\/\/entrenotasyacordes.com\/wp-content\/uploads\/2024\/05\/GIRA_FLEET.jpg 500w, https:\/\/entrenotasyacordes.com\/wp-content\/uploads\/2024\/05\/GIRA_FLEET-200x300.jpg 200w\" sizes=\"auto, (max-width: 500px) 100vw, 500px\" \/><\/figure>\n<\/div>","protected":false},"excerpt":{"rendered":"","protected":false},"author":5,"featured_media":6948,"comment_status":"open","ping_status":"open","sticky":false,"template":"","format":"standard","meta":{"om_disable_all_campaigns":false,"_uf_show_specific_survey":0,"_uf_disable_surveys":false,"footnotes":""},"categories":[4],"tags":[],"class_list":["post-6946","post","type-post","status-publish","format-standard","has-post-thumbnail","hentry","category-musica"],"_links":{"self":[{"href":"https:\/\/entrenotasyacordes.com\/index.php?rest_route=\/wp\/v2\/posts\/6946","targetHints":{"allow":["GET"]}}],"collection":[{"href":"https:\/\/entrenotasyacordes.com\/index.php?rest_route=\/wp\/v2\/posts"}],"about":[{"href":"https:\/\/entrenotasyacordes.com\/index.php?rest_route=\/wp\/v2\/types\/post"}],"author":[{"embeddable":true,"href":"https:\/\/entrenotasyacordes.com\/index.php?rest_route=\/wp\/v2\/users\/5"}],"replies":[{"embeddable":true,"href":"https:\/\/entrenotasyacordes.com\/index.php?rest_route=%2Fwp%2Fv2%2Fcomments&post=6946"}],"version-history":[{"count":1,"href":"https:\/\/entrenotasyacordes.com\/index.php?rest_route=\/wp\/v2\/posts\/6946\/revisions"}],"predecessor-version":[{"id":6949,"href":"https:\/\/entrenotasyacordes.com\/index.php?rest_route=\/wp\/v2\/posts\/6946\/revisions\/6949"}],"wp:featuredmedia":[{"embeddable":true,"href":"https:\/\/entrenotasyacordes.com\/index.php?rest_route=\/wp\/v2\/media\/6948"}],"wp:attachment":[{"href":"https:\/\/entrenotasyacordes.com\/index.php?rest_route=%2Fwp%2Fv2%2Fmedia&parent=6946"}],"wp:term":[{"taxonomy":"category","embeddable":true,"href":"https:\/\/entrenotasyacordes.com\/index.php?rest_route=%2Fwp%2Fv2%2Fcategories&post=6946"},{"taxonomy":"post_tag","embeddable":true,"href":"https:\/\/entrenotasyacordes.com\/index.php?rest_route=%2Fwp%2Fv2%2Ftags&post=6946"}],"curies":[{"name":"wp","href":"https:\/\/api.w.org\/{rel}","templated":true}]}}