{"id":6951,"date":"2024-05-03T14:48:09","date_gmt":"2024-05-03T14:48:09","guid":{"rendered":"https:\/\/entrenotasyacordes.com\/?p=6951"},"modified":"2024-05-03T14:48:11","modified_gmt":"2024-05-03T14:48:11","slug":"el-kuelgue-por-entradas-agotadassuma-una-funcion-en-el-estadio-atenas","status":"publish","type":"post","link":"https:\/\/entrenotasyacordes.com\/?p=6951","title":{"rendered":"EL KUELGUE POR ENTRADAS AGOTADASSUMA UNA FUNCI\u00d3N EN EL ESTADIO ATENAS"},"content":{"rendered":"\n<!--more-->\n\n\n\n<p class=\"has-black-color has-text-color has-link-color wp-elements-5742b224546e96636a8f4556de3182fd\">Despu\u00e9s de un exitoso 2023, donde vio la luz su disco Hola Precioso, vuelven a la ciudad de La Plata con dos funciones en el Estadio Atenas.<\/p>\n\n\n\n<div style=\"height:18px\" aria-hidden=\"true\" class=\"wp-block-spacer\"><\/div>\n\n\n\n<p class=\"has-black-color has-text-color has-link-color wp-elements-31027eefa157c70b5f0713017bf047cb\">El show estar\u00e1 conformado por un repaso de toda su discograf\u00eda en virtud de los 20 a\u00f1os de carrera, que se cumplen en este 2024.<br><br><strong>S\u00c1BADO 18 DE MAYO &#8211; ENTRADAS AGOTADAS<\/strong><br><br><strong>NUEVA FUNCI\u00d3N!!!<br>S\u00c1BADO 6 DE JULIO<\/strong><br><strong>Entradas a la venta por sistema<\/strong><a href=\"https:\/\/livepass.com.ar\/events\/el-kuelgue-en-estadio-atenas-06-07\" target=\"_blank\" rel=\"noreferrer noopener\">Livepass<\/a><\/p>\n\n\n\n<div style=\"height:18px\" aria-hidden=\"true\" class=\"wp-block-spacer\"><\/div>\n\n\n\n<p class=\"has-black-color has-text-color has-link-color wp-elements-961fddd43bd16a4299821fa78244d991\">CON&nbsp;<strong>&nbsp;BANCO&nbsp;PROVINCIA<\/strong>&nbsp;&nbsp;TENES<strong>&nbsp;4 CUOTAS SIN INTER\u00c9S<\/strong><\/p>\n\n\n\n<div style=\"height:18px\" aria-hidden=\"true\" class=\"wp-block-spacer\"><\/div>\n\n\n\n<figure class=\"wp-block-image size-large\"><img loading=\"lazy\" decoding=\"async\" width=\"1024\" height=\"683\" src=\"https:\/\/entrenotasyacordes.com\/wp-content\/uploads\/2024\/05\/d48ac182-36cf-4ddb-eef7-aed3e6f96dd0-1024x683.jpg\" alt=\"\" class=\"wp-image-6952\" srcset=\"https:\/\/entrenotasyacordes.com\/wp-content\/uploads\/2024\/05\/d48ac182-36cf-4ddb-eef7-aed3e6f96dd0-1024x683.jpg 1024w, https:\/\/entrenotasyacordes.com\/wp-content\/uploads\/2024\/05\/d48ac182-36cf-4ddb-eef7-aed3e6f96dd0-300x200.jpg 300w, https:\/\/entrenotasyacordes.com\/wp-content\/uploads\/2024\/05\/d48ac182-36cf-4ddb-eef7-aed3e6f96dd0-768x512.jpg 768w, https:\/\/entrenotasyacordes.com\/wp-content\/uploads\/2024\/05\/d48ac182-36cf-4ddb-eef7-aed3e6f96dd0-1536x1024.jpg 1536w, https:\/\/entrenotasyacordes.com\/wp-content\/uploads\/2024\/05\/d48ac182-36cf-4ddb-eef7-aed3e6f96dd0-2048x1365.jpg 2048w\" sizes=\"auto, (max-width: 1024px) 100vw, 1024px\" \/><\/figure>\n\n\n\n<div style=\"height:18px\" aria-hidden=\"true\" class=\"wp-block-spacer\"><\/div>\n\n\n\n<p class=\"has-black-color has-text-color has-link-color wp-elements-5f3300a35d3a2eb5799d79a8cb3b7550\"><strong>ACERCA DE KUELGUE<\/strong><\/p>\n\n\n\n<div style=\"height:18px\" aria-hidden=\"true\" class=\"wp-block-spacer\"><\/div>\n\n\n\n<p class=\"has-black-color has-text-color has-link-color wp-elements-98e09a7aa794fae5030d94493cf8681b\">Kuelgue se form\u00f3 en Buenos Aires, en el coraz\u00f3n del barrio de Villa Crespo durante el a\u00f1o 2004. Sus particulares conciertos en vivo, en donde despliegan su impronta ligada al absurdo y la improvisaci\u00f3n, y sus originales puestas en escena, son el sello de este grupo liderado por el multifac\u00e9tico Juli\u00e1n Kartun. Esta suma de factores estableci\u00f3 a El Kuelgue como una propuesta distinta dentro de la escena de la m\u00fasica argentina y latinoamericana. La versatilidad musical y la combinaci\u00f3n que la banda hace de m\u00faltiples estilos ha capturado a una generaci\u00f3n que ya no elige m\u00e1s a la m\u00fasica por su g\u00e9nero.&nbsp;<\/p>\n\n\n\n<div style=\"height:18px\" aria-hidden=\"true\" class=\"wp-block-spacer\"><\/div>\n\n\n\n<p class=\"has-black-color has-text-color has-link-color wp-elements-2d0c61f647ecbd53a537046f4da1fca2\">Desde hace m\u00e1s de 15 a\u00f1os la banda realiza sus conciertos en las m\u00e1s importantes salas y festivales de Argentina, Am\u00e9rica Latina y Europa. En el 2016 la banda fue elegida para abrir los dos shows de Paul McCartney en el Estadio \u00danico de la Plata, y realiz\u00f3 colaboraciones con artistas como Julieta Venegas, Adr\u00edan D\u00e1rgelos de Babasonicos, entre otros.<\/p>\n\n\n\n<div style=\"height:18px\" aria-hidden=\"true\" class=\"wp-block-spacer\"><\/div>\n","protected":false},"excerpt":{"rendered":"","protected":false},"author":5,"featured_media":6953,"comment_status":"open","ping_status":"open","sticky":false,"template":"","format":"standard","meta":{"om_disable_all_campaigns":false,"_uf_show_specific_survey":0,"_uf_disable_surveys":false,"footnotes":""},"categories":[36],"tags":[],"class_list":["post-6951","post","type-post","status-publish","format-standard","has-post-thumbnail","hentry","category-conciertos"],"_links":{"self":[{"href":"https:\/\/entrenotasyacordes.com\/index.php?rest_route=\/wp\/v2\/posts\/6951","targetHints":{"allow":["GET"]}}],"collection":[{"href":"https:\/\/entrenotasyacordes.com\/index.php?rest_route=\/wp\/v2\/posts"}],"about":[{"href":"https:\/\/entrenotasyacordes.com\/index.php?rest_route=\/wp\/v2\/types\/post"}],"author":[{"embeddable":true,"href":"https:\/\/entrenotasyacordes.com\/index.php?rest_route=\/wp\/v2\/users\/5"}],"replies":[{"embeddable":true,"href":"https:\/\/entrenotasyacordes.com\/index.php?rest_route=%2Fwp%2Fv2%2Fcomments&post=6951"}],"version-history":[{"count":1,"href":"https:\/\/entrenotasyacordes.com\/index.php?rest_route=\/wp\/v2\/posts\/6951\/revisions"}],"predecessor-version":[{"id":6954,"href":"https:\/\/entrenotasyacordes.com\/index.php?rest_route=\/wp\/v2\/posts\/6951\/revisions\/6954"}],"wp:featuredmedia":[{"embeddable":true,"href":"https:\/\/entrenotasyacordes.com\/index.php?rest_route=\/wp\/v2\/media\/6953"}],"wp:attachment":[{"href":"https:\/\/entrenotasyacordes.com\/index.php?rest_route=%2Fwp%2Fv2%2Fmedia&parent=6951"}],"wp:term":[{"taxonomy":"category","embeddable":true,"href":"https:\/\/entrenotasyacordes.com\/index.php?rest_route=%2Fwp%2Fv2%2Fcategories&post=6951"},{"taxonomy":"post_tag","embeddable":true,"href":"https:\/\/entrenotasyacordes.com\/index.php?rest_route=%2Fwp%2Fv2%2Ftags&post=6951"}],"curies":[{"name":"wp","href":"https:\/\/api.w.org\/{rel}","templated":true}]}}