{"id":6955,"date":"2024-05-03T14:57:01","date_gmt":"2024-05-03T14:57:01","guid":{"rendered":"https:\/\/entrenotasyacordes.com\/?p=6955"},"modified":"2024-05-03T14:57:02","modified_gmt":"2024-05-03T14:57:02","slug":"culpa-nuevo-single-videoclip","status":"publish","type":"post","link":"https:\/\/entrenotasyacordes.com\/?p=6955","title":{"rendered":"CULPA nuevo single + videoclip"},"content":{"rendered":"\n<p class=\"has-black-color has-text-color has-link-color wp-elements-e27de91bb44550a55463e2faa18cfa97\"><strong>Segundo adelanto del pr\u00f3ximo \u00e1lbum solista de Emiliano Brancciari<\/strong><\/p>\n\n\n\n<!--more-->\n\n\n\n<figure class=\"wp-block-embed is-type-rich is-provider-spotify wp-block-embed-spotify wp-embed-aspect-21-9 wp-has-aspect-ratio\"><div class=\"wp-block-embed__wrapper\">\n<iframe title=\"Spotify Embed: Culpa\" style=\"border-radius: 12px\" width=\"100%\" height=\"352\" frameborder=\"0\" allowfullscreen allow=\"autoplay; clipboard-write; encrypted-media; fullscreen; picture-in-picture\" loading=\"lazy\" src=\"https:\/\/open.spotify.com\/embed\/album\/5ms3NBfdjzPvD42a2qzK0I?referral=labelaffiliate&#038;utm_source=oembed&#038;utm_medium=Indie_CDBaby&#038;utm_campaign=labelaffiliate\"><\/iframe>\n<\/div><\/figure>\n\n\n\n<div style=\"height:21px\" aria-hidden=\"true\" class=\"wp-block-spacer\"><\/div>\n\n\n\n<p class=\"has-black-color has-text-color has-link-color wp-elements-9566f5c41266ad884656287e15943ce5\">\u00abCulpa\u00bb es el segundo sencillo adelanto del nuevo \u00e1lbum de EMI, la faceta solista del l\u00edder de No Te Va Gustar, Emiliano Brancciari. El artista ha anunciado que en el 2024 se lanzar\u00e1 su segundo trabajo de estudio, ya pudimos escuchar el primer adelanto \u00abImposible\u00bb lanzado a principios de a\u00f1o y ahora le sigue \u00abCulpa\u00bb. Otra composici\u00f3n despechada de Emiliano, con una letra cruda, sentida. Fiel a su estilo, con estribillos muy pegadizos y letras con las que el p\u00fablico empatiza y se siente identificado, pero a la vez mostrando que el abanico musical de su faceta solista es ecl\u00e9ctico y muy diferente a lo que nos tiene acostumbrado con NTVG. Esto se ve reflejado en una canci\u00f3n que comienza bien pop, y sorprende con un interludio instrumental con instrumentos de vientos orquestales.<\/p>\n\n\n\n<div style=\"height:21px\" aria-hidden=\"true\" class=\"wp-block-spacer\"><\/div>\n\n\n\n<p class=\"has-black-color has-text-color has-link-color wp-elements-15d34efa4db0541a157d9bd9934b861b\">Producida por el argentino nominado al grammy a productor del a\u00f1o, Nico Cotton, quien est\u00e1 produciendo el segundo disco solista de EMI.<\/p>\n\n\n\n<div style=\"height:21px\" aria-hidden=\"true\" class=\"wp-block-spacer\"><\/div>\n\n\n\n<p class=\"has-black-color has-text-color has-link-color wp-elements-94ca40f6633b817e13d9dd996c4309b1\">Videoclip estreno en el canal oficial de YouTube de EMI el viernes 3 de mayo a las 19h (Uy\/Arg).<\/p>\n\n\n\n<p class=\"has-black-color has-text-color has-link-color wp-elements-007fda53a9f111750e8fe011e96a73e5\">El lanzamiento estar\u00e1 acompa\u00f1ado de un videoclip filmado en vivo en el Teatro Sol\u00eds de Montevideo que fue intervenido por un programa de inteligencia artificial en el que se incert\u00f3 la letra de la canci\u00f3n para que creara personajes y escenarios que representen la tem\u00e1tica de la composici\u00f3n. El resultado es una obra particular, diferente y muy entretenida, con un estilo que mezcla la semblanza y formalidad de un show en un teatro cl\u00e1sico con la tecnolog\u00eda y la animaci\u00f3n moderna<\/p>\n\n\n\n<div style=\"height:21px\" aria-hidden=\"true\" class=\"wp-block-spacer\"><\/div>\n\n\n\n<figure class=\"wp-block-embed is-type-video is-provider-youtube wp-block-embed-youtube wp-embed-aspect-16-9 wp-has-aspect-ratio\"><div class=\"wp-block-embed__wrapper\">\n<div class=\"epyt-video-wrapper\"><iframe loading=\"lazy\"  id=\"_ytid_77026\"  width=\"640\" height=\"360\"  data-origwidth=\"640\" data-origheight=\"360\" src=\"https:\/\/www.youtube.com\/embed\/UCPbNHxkBDo?enablejsapi=1&#038;autoplay=0&#038;cc_load_policy=0&#038;cc_lang_pref=&#038;iv_load_policy=1&#038;loop=0&#038;rel=1&#038;fs=1&#038;playsinline=0&#038;autohide=2&#038;theme=dark&#038;color=white&#038;controls=1&#038;\" class=\"__youtube_prefs__  epyt-is-override  no-lazyload\" data-vol=\"50\"  title=\"YouTube player\"  allow=\"fullscreen; accelerometer; autoplay; clipboard-write; encrypted-media; gyroscope; picture-in-picture; web-share\" referrerpolicy=\"strict-origin-when-cross-origin\" allowfullscreen data-no-lazy=\"1\" data-skipgform_ajax_framebjll=\"\"><\/iframe><\/div>\n<\/div><\/figure>\n\n\n\n<div style=\"height:21px\" aria-hidden=\"true\" class=\"wp-block-spacer\"><\/div>\n","protected":false},"excerpt":{"rendered":"<p>Segundo adelanto del pr\u00f3ximo \u00e1lbum solista de Emiliano Brancciari<\/p>\n","protected":false},"author":5,"featured_media":6956,"comment_status":"open","ping_status":"open","sticky":false,"template":"","format":"standard","meta":{"om_disable_all_campaigns":false,"_uf_show_specific_survey":0,"_uf_disable_surveys":false,"footnotes":""},"categories":[4],"tags":[],"class_list":["post-6955","post","type-post","status-publish","format-standard","has-post-thumbnail","hentry","category-musica"],"_links":{"self":[{"href":"https:\/\/entrenotasyacordes.com\/index.php?rest_route=\/wp\/v2\/posts\/6955","targetHints":{"allow":["GET"]}}],"collection":[{"href":"https:\/\/entrenotasyacordes.com\/index.php?rest_route=\/wp\/v2\/posts"}],"about":[{"href":"https:\/\/entrenotasyacordes.com\/index.php?rest_route=\/wp\/v2\/types\/post"}],"author":[{"embeddable":true,"href":"https:\/\/entrenotasyacordes.com\/index.php?rest_route=\/wp\/v2\/users\/5"}],"replies":[{"embeddable":true,"href":"https:\/\/entrenotasyacordes.com\/index.php?rest_route=%2Fwp%2Fv2%2Fcomments&post=6955"}],"version-history":[{"count":1,"href":"https:\/\/entrenotasyacordes.com\/index.php?rest_route=\/wp\/v2\/posts\/6955\/revisions"}],"predecessor-version":[{"id":6957,"href":"https:\/\/entrenotasyacordes.com\/index.php?rest_route=\/wp\/v2\/posts\/6955\/revisions\/6957"}],"wp:featuredmedia":[{"embeddable":true,"href":"https:\/\/entrenotasyacordes.com\/index.php?rest_route=\/wp\/v2\/media\/6956"}],"wp:attachment":[{"href":"https:\/\/entrenotasyacordes.com\/index.php?rest_route=%2Fwp%2Fv2%2Fmedia&parent=6955"}],"wp:term":[{"taxonomy":"category","embeddable":true,"href":"https:\/\/entrenotasyacordes.com\/index.php?rest_route=%2Fwp%2Fv2%2Fcategories&post=6955"},{"taxonomy":"post_tag","embeddable":true,"href":"https:\/\/entrenotasyacordes.com\/index.php?rest_route=%2Fwp%2Fv2%2Ftags&post=6955"}],"curies":[{"name":"wp","href":"https:\/\/api.w.org\/{rel}","templated":true}]}}