{"id":6999,"date":"2024-05-02T21:50:00","date_gmt":"2024-05-02T21:50:00","guid":{"rendered":"https:\/\/entrenotasyacordes.com\/?p=6999"},"modified":"2024-05-06T21:54:05","modified_gmt":"2024-05-06T21:54:05","slug":"iron-maiden","status":"publish","type":"post","link":"https:\/\/entrenotasyacordes.com\/?p=6999","title":{"rendered":"IRON MAIDEN"},"content":{"rendered":"\n<p class=\"has-black-color has-text-color has-link-color wp-elements-cb4d3212b63dd706e8a0245fa0c9692e\"><strong>\u00a1PRIMERA FECHA ESTADIO HURAC\u00c1N AGOTADA! \u00a1SEGUNDA FECHA EN EL MOVISTAR ARENA!<\/strong> <strong>\u00a02 DE DICIEMBRE<\/strong> <strong>\u00a8THE FUTURE PAST WORLD TOUR\u00a8<\/strong><\/p>\n\n\n\n<!--more-->\n\n\n\n<p class=\"has-black-color has-text-color has-link-color wp-elements-ebf36b702f7ce844b0a52bfe47e53b58\"><strong>LA BANDA M\u00c1S IMPORTANTE DEL HEAVY METAL AGOT\u00d3 EN CUESTI\u00d3N DE HORAS TODAS LAS ENTRADAS PARA SU FECHA EN EL ESTADIO HURAC\u00c1N EL 1 DE DICIEMBRE Y REALIZAN UNA NUEVA FECHA EL 2 DE DICIEMBRE EN EL MOVISTAR ARENA.<\/strong><\/p>\n\n\n\n<div style=\"height:11px\" aria-hidden=\"true\" class=\"wp-block-spacer\"><\/div>\n\n\n\n<figure class=\"wp-block-image size-large\"><img loading=\"lazy\" decoding=\"async\" width=\"1024\" height=\"682\" src=\"https:\/\/entrenotasyacordes.com\/wp-content\/uploads\/2024\/05\/06e5783e-9282-ae14-e131-25580bc401dd-1024x682.jpeg\" alt=\"\" class=\"wp-image-7000\" srcset=\"https:\/\/entrenotasyacordes.com\/wp-content\/uploads\/2024\/05\/06e5783e-9282-ae14-e131-25580bc401dd-1024x682.jpeg 1024w, https:\/\/entrenotasyacordes.com\/wp-content\/uploads\/2024\/05\/06e5783e-9282-ae14-e131-25580bc401dd-300x200.jpeg 300w, https:\/\/entrenotasyacordes.com\/wp-content\/uploads\/2024\/05\/06e5783e-9282-ae14-e131-25580bc401dd-768x512.jpeg 768w, https:\/\/entrenotasyacordes.com\/wp-content\/uploads\/2024\/05\/06e5783e-9282-ae14-e131-25580bc401dd-1536x1023.jpeg 1536w, https:\/\/entrenotasyacordes.com\/wp-content\/uploads\/2024\/05\/06e5783e-9282-ae14-e131-25580bc401dd.jpeg 1600w\" sizes=\"auto, (max-width: 1024px) 100vw, 1024px\" \/><\/figure>\n\n\n\n<div style=\"height:11px\" aria-hidden=\"true\" class=\"wp-block-spacer\"><\/div>\n\n\n\n<p class=\"has-black-color has-text-color has-link-color wp-elements-f0ccd46604393ad95c18081745722c38\">Despu\u00e9s de agotar las entradas en tiempo r\u00e9cord en pa\u00edses como Colombia, Chile y Brasil, la ic\u00f3nica banda brit\u00e1nica Iron Maiden logra nuevamente sold out en Buenos aires, como parte de su gira&nbsp; \u201cThe Future Past World Tour\u201d, regresando luego de 5 a\u00f1os de ausencia para presentarse por primera vez en el estadio Hurac\u00e1n (Tomas Adolfo Duc\u00f3) el 1 de diciembre de 2024 y en el Movistar Arena el 2 de diciembre.<\/p>\n\n\n\n<div style=\"height:11px\" aria-hidden=\"true\" class=\"wp-block-spacer\"><\/div>\n\n\n\n<p class=\"has-black-color has-text-color has-link-color wp-elements-c737df341c38cde156234fbb232c2b1d\">Con una de las producciones teatrales m\u00e1s espectaculares de la carrera de la banda, \u201cThe Future Past World Tour\u201d presenta un compendio de canciones que van desde su m\u00e1s reciente \u00e1lbum \u201cSenjutsu\u201d, pasando por el legendario \u201cSomewhere In Time\u201d de 1986 junto a los cl\u00e1sicos favoritos de los fans, siendo esta la 12da visita de Iron Maiden a Buenos Aires desde su \u201cFear of the Dark Tour\u201d en 1992 y la primera desde su recordado show en 2019 como parte de su \u201cLegacy of the Beast Tour\u201d.<\/p>\n\n\n\n<div style=\"height:11px\" aria-hidden=\"true\" class=\"wp-block-spacer\"><\/div>\n\n\n\n<figure class=\"wp-block-image size-large\"><img loading=\"lazy\" decoding=\"async\" width=\"1024\" height=\"682\" src=\"https:\/\/entrenotasyacordes.com\/wp-content\/uploads\/2024\/05\/1026fa03-90c2-f8b1-a599-6485cc389f64-1024x682.jpeg\" alt=\"\" class=\"wp-image-7001\" srcset=\"https:\/\/entrenotasyacordes.com\/wp-content\/uploads\/2024\/05\/1026fa03-90c2-f8b1-a599-6485cc389f64-1024x682.jpeg 1024w, https:\/\/entrenotasyacordes.com\/wp-content\/uploads\/2024\/05\/1026fa03-90c2-f8b1-a599-6485cc389f64-300x200.jpeg 300w, https:\/\/entrenotasyacordes.com\/wp-content\/uploads\/2024\/05\/1026fa03-90c2-f8b1-a599-6485cc389f64-768x512.jpeg 768w, https:\/\/entrenotasyacordes.com\/wp-content\/uploads\/2024\/05\/1026fa03-90c2-f8b1-a599-6485cc389f64-1536x1023.jpeg 1536w, https:\/\/entrenotasyacordes.com\/wp-content\/uploads\/2024\/05\/1026fa03-90c2-f8b1-a599-6485cc389f64.jpeg 1600w\" sizes=\"auto, (max-width: 1024px) 100vw, 1024px\" \/><\/figure>\n\n\n\n<div style=\"height:11px\" aria-hidden=\"true\" class=\"wp-block-spacer\"><\/div>\n\n\n\n<p class=\"has-black-color has-text-color has-link-color wp-elements-d97102a2a8e33b46fd0de1802c9b4944\">\u201cThe Future Past World Tour\u201d Argentina es presentado de forma exclusiva por Move Concerts y tendr\u00e1 lugar el pr\u00f3ximo 1 de diciembre, en el Estadio Hurac\u00e1n (\u201cTom\u00e1s Adolfo Duc\u00f3\u201d) y el 2 de diciembre en el Movistar Arena.<\/p>\n\n\n\n<div style=\"height:11px\" aria-hidden=\"true\" class=\"wp-block-spacer\"><\/div>\n\n\n\n<p class=\"has-black-color has-text-color has-link-color wp-elements-dca50b66e57b8aaf155ac4c0349f9d8b\">\u00abEstamos muy entusiasmados de llevar la THE FUTURE PAST WORLD TOUR a la Argentina\u201d -coment\u00f3 el bajista y fundador de la agrupaci\u00f3n Steve Harris- a\u00f1adiendo adem\u00e1s \u201cSiempre hemos tenido un v\u00ednculo muy especial con nuestros fan\u00e1ticos argentinos y nos encanta tocar all\u00ed. En esta gira tocaremos nuevas canciones de Senjutsu y Somewhere In Time, muchas de las cuales nuestros fans en Am\u00e9rica del Sur no han tenido la oportunidad de escuchar antes, as\u00ed que ser\u00e1 una gran experiencia. \u00a1Nos vemos en 2024!\u00bb<\/p>\n\n\n\n<div style=\"height:11px\" aria-hidden=\"true\" class=\"wp-block-spacer\"><\/div>\n\n\n\n<p class=\"has-black-color has-text-color has-link-color wp-elements-c0cc24eeb2bcfc178ad0f0ba6381c2e7\">As\u00ed mismo, Rod Smallwood, (manager hist\u00f3rico de la agrupaci\u00f3n), agreg\u00f3: \u00abThe Future Past World tour\u201d es una de las giras m\u00e1s emocionantes y desafiantes que hemos hecho y presentar\u00e1, adem\u00e1s de material nuevo, canciones que no se tocaban desde hace muchos a\u00f1os junto con las favoritas de los fans. La energ\u00eda ha sido incre\u00edble y apenas podemos esperar para llevar este espect\u00e1culo espectacular e innovador a nuestros incre\u00edbles fan\u00e1ticos en Buenos Aires\u00bb<\/p>\n\n\n\n<div style=\"height:11px\" aria-hidden=\"true\" class=\"wp-block-spacer\"><\/div>\n\n\n\n<p class=\"has-black-color has-text-color has-link-color wp-elements-e4cab166b8ea7c1b80d4e1f3fd241126\">Iron Maiden ha llevado su \u201cTHE FUTURE PAST WORLD TOUR\u201d a trav\u00e9s de Europa, Canad\u00e1 y Estados Unidos, recibiendo siempre las mejores cr\u00edticas por parte de la prensa en general, destacando particularmente su m\u00edtica presentaci\u00f3n en el PowerTrip Festival de California.<\/p>\n\n\n\n<div style=\"height:11px\" aria-hidden=\"true\" class=\"wp-block-spacer\"><\/div>\n\n\n\n<p class=\"has-black-color has-text-color has-link-color wp-elements-4b3f25e64695eaf3dd127f2e083253eb\">Con m\u00e1s de 100 millones de discos vendidos, m\u00e1s de 2,000 presentaciones en vivo en 63 pa\u00edses y decenas de millones de fan\u00e1ticos, Iron Maiden ha alcanzado el estatus mundial como una de las bandas de rock m\u00e1s influyentes y veneradas de todos los tiempos.<\/p>\n\n\n\n<div style=\"height:11px\" aria-hidden=\"true\" class=\"wp-block-spacer\"><\/div>\n\n\n\n<p class=\"has-black-color has-text-color has-link-color wp-elements-bbd9509bc296ac82194ba5f3a3c25c7b\"><strong>\u00a1IRON MAIDEN EN BUENOS AIRES EL 1 DE DICIEMBRE\u00a0 ESTADIO HURAC\u00c1N Y 2 DE DICIEMBRE\u00a0 MOVISTAR ARENA,\u00a0 UN ESPECT\u00c1CULO \u00daNICO EN SU TIPO QUE NO TE POD\u00c9S PERDER<\/strong><\/p>\n\n\n\n<div style=\"height:11px\" aria-hidden=\"true\" class=\"wp-block-spacer\"><\/div>\n","protected":false},"excerpt":{"rendered":"<p>\u00a1PRIMERA FECHA ESTADIO HURAC\u00c1N AGOTADA! \u00a1SEGUNDA FECHA EN EL MOVISTAR ARENA! \u00a02 DE DICIEMBRE \u00a8THE<\/p>\n","protected":false},"author":5,"featured_media":7002,"comment_status":"open","ping_status":"open","sticky":false,"template":"","format":"standard","meta":{"om_disable_all_campaigns":false,"_uf_show_specific_survey":0,"_uf_disable_surveys":false,"footnotes":""},"categories":[36],"tags":[],"class_list":["post-6999","post","type-post","status-publish","format-standard","has-post-thumbnail","hentry","category-conciertos"],"_links":{"self":[{"href":"https:\/\/entrenotasyacordes.com\/index.php?rest_route=\/wp\/v2\/posts\/6999","targetHints":{"allow":["GET"]}}],"collection":[{"href":"https:\/\/entrenotasyacordes.com\/index.php?rest_route=\/wp\/v2\/posts"}],"about":[{"href":"https:\/\/entrenotasyacordes.com\/index.php?rest_route=\/wp\/v2\/types\/post"}],"author":[{"embeddable":true,"href":"https:\/\/entrenotasyacordes.com\/index.php?rest_route=\/wp\/v2\/users\/5"}],"replies":[{"embeddable":true,"href":"https:\/\/entrenotasyacordes.com\/index.php?rest_route=%2Fwp%2Fv2%2Fcomments&post=6999"}],"version-history":[{"count":1,"href":"https:\/\/entrenotasyacordes.com\/index.php?rest_route=\/wp\/v2\/posts\/6999\/revisions"}],"predecessor-version":[{"id":7003,"href":"https:\/\/entrenotasyacordes.com\/index.php?rest_route=\/wp\/v2\/posts\/6999\/revisions\/7003"}],"wp:featuredmedia":[{"embeddable":true,"href":"https:\/\/entrenotasyacordes.com\/index.php?rest_route=\/wp\/v2\/media\/7002"}],"wp:attachment":[{"href":"https:\/\/entrenotasyacordes.com\/index.php?rest_route=%2Fwp%2Fv2%2Fmedia&parent=6999"}],"wp:term":[{"taxonomy":"category","embeddable":true,"href":"https:\/\/entrenotasyacordes.com\/index.php?rest_route=%2Fwp%2Fv2%2Fcategories&post=6999"},{"taxonomy":"post_tag","embeddable":true,"href":"https:\/\/entrenotasyacordes.com\/index.php?rest_route=%2Fwp%2Fv2%2Ftags&post=6999"}],"curies":[{"name":"wp","href":"https:\/\/api.w.org\/{rel}","templated":true}]}}