{"id":7004,"date":"2024-05-02T21:54:26","date_gmt":"2024-05-02T21:54:26","guid":{"rendered":"https:\/\/entrenotasyacordes.com\/?p=7004"},"modified":"2024-05-06T21:56:59","modified_gmt":"2024-05-06T21:56:59","slug":"joel-villagra-de-un-sueno-a-una-realidad","status":"publish","type":"post","link":"https:\/\/entrenotasyacordes.com\/?p=7004","title":{"rendered":"JOEL VILLAGRA DE UN SUE\u00d1O A UNA REALIDAD"},"content":{"rendered":"\n<!--more-->\n\n\n\n<p class=\"has-black-color has-text-color has-link-color wp-elements-8c864fa05bf4b0eee544438de467b3d8\"><strong>JOEL VILLAGRA, primer argentino en integrar uno de los coros m\u00e1s grandes y longevos del mundo, THE TABERNACLE CHOIR.<\/strong><\/p>\n\n\n\n<div style=\"height:20px\" aria-hidden=\"true\" class=\"wp-block-spacer\"><\/div>\n\n\n\n<p class=\"has-black-color has-text-color has-link-color wp-elements-71d4458858b21b15d94b787b28437d9e\">Joel Villagra, cantante, director, m\u00fasico y productor art\u00edstico de m\u00fasica y espect\u00e1culos, se convirti\u00f3 en el primer argentino en integrar uno de los coros m\u00e1s grandes y longevos del mundo, THE TABERNACLE CHOIR, con sede en Salt Lake City, Utah, Estados Unidos, desde donde realizan sus giras internacionales. El coro ha recorrido varios pa\u00edses del mundo, incluyendo M\u00e9xico, Filipinas, Canad\u00e1, Brasil, Australia e Israel, as\u00ed como casi todos los pa\u00edses de Europa.<\/p>\n\n\n\n<div style=\"height:20px\" aria-hidden=\"true\" class=\"wp-block-spacer\"><\/div>\n\n\n\n<figure class=\"wp-block-image size-large\"><img loading=\"lazy\" decoding=\"async\" width=\"682\" height=\"1024\" src=\"https:\/\/entrenotasyacordes.com\/wp-content\/uploads\/2024\/05\/1714671696191-66180ab9cce22676642efcf6-682x1024.jpg\" alt=\"\" class=\"wp-image-7005\" srcset=\"https:\/\/entrenotasyacordes.com\/wp-content\/uploads\/2024\/05\/1714671696191-66180ab9cce22676642efcf6-682x1024.jpg 682w, https:\/\/entrenotasyacordes.com\/wp-content\/uploads\/2024\/05\/1714671696191-66180ab9cce22676642efcf6-200x300.jpg 200w, https:\/\/entrenotasyacordes.com\/wp-content\/uploads\/2024\/05\/1714671696191-66180ab9cce22676642efcf6-768x1153.jpg 768w, https:\/\/entrenotasyacordes.com\/wp-content\/uploads\/2024\/05\/1714671696191-66180ab9cce22676642efcf6-1023x1536.jpg 1023w, https:\/\/entrenotasyacordes.com\/wp-content\/uploads\/2024\/05\/1714671696191-66180ab9cce22676642efcf6-1024x1537.jpg 1024w, https:\/\/entrenotasyacordes.com\/wp-content\/uploads\/2024\/05\/1714671696191-66180ab9cce22676642efcf6.jpg 1066w\" sizes=\"auto, (max-width: 682px) 100vw, 682px\" \/><\/figure>\n\n\n\n<div style=\"height:20px\" aria-hidden=\"true\" class=\"wp-block-spacer\"><\/div>\n\n\n\n<p class=\"has-black-color has-text-color has-link-color wp-elements-5523a73332d2d2e701d512837c2ca700\">Los 360 miembros de The Tabernacle Choir y los 110 miembros de la Orchestra at Temple Square ensayan y realizan sus presentaciones cada semana de manera voluntaria. Sin embargo, es muy dif\u00edcil ser parte de este coro, ya que requiere una s\u00f3lida formaci\u00f3n musical y un exigente programa de audiciones y preparaci\u00f3n previa antes de formar parte del Coro o la Orquesta.<\/p>\n\n\n\n<div style=\"height:20px\" aria-hidden=\"true\" class=\"wp-block-spacer\"><\/div>\n\n\n\n<p class=\"has-black-color has-text-color has-link-color wp-elements-62656d86a506ad32fbf49dc975741354\">Hasta el momento, s\u00f3lo pod\u00edan integrar este coro personas que vivieran cerca de Salt Lake City, la sede donde se realizan los ensayos y las transmisiones del broadcast cada semana en el m\u00edtico Tabern\u00e1culo. El coro ensaya cada jueves y realiza una transmisi\u00f3n cada domingo desde 1929, convirti\u00e9ndose en el broadcast m\u00e1s longevo del mundo transmitido ininterrumpidamente.<\/p>\n\n\n\n<div style=\"height:20px\" aria-hidden=\"true\" class=\"wp-block-spacer\"><\/div>\n\n\n\n<p class=\"has-black-color has-text-color has-link-color wp-elements-488c63fd82481cc4869ea49bb3504acb\">A partir de 2023, el coro ha hecho una iniciativa para incorporar a 50 personas que no residan en Estados Unidos y que representen a distintas naciones del mundo durante los pr\u00f3ximos 5 a\u00f1os. Joel Villagra y su esposa Florencia Battista fueron seleccionados para representar a la Argentina.<\/p>\n\n\n\n<div style=\"height:20px\" aria-hidden=\"true\" class=\"wp-block-spacer\"><\/div>\n\n\n\n<p class=\"has-black-color has-text-color has-link-color wp-elements-b8df6c69956ebf80d1361319549b4799\">Joel Villagra estuvo 18 d\u00edas durante marzo y abril de 2024 ensayando en Estados Unidos, representando a Argentina junto a otros 11 participantes de Francia, Suecia, Ghana, Corea del Sur, Dinamarca, Austria, Chile, Guatemala e Inglaterra, para luego presentarse en la Conferencia General de la Iglesia de Jesucristo de los Santos de los \u00daltimos D\u00edas. En octubre, se sumar\u00e1 Florencia Battista, cantante, directora, m\u00fasica y productora art\u00edstica, convirti\u00e9ndose en la primera mujer argentina en participar en THE TABERNACLE CHOIR, uno de los m\u00e1s prestigiosos del mundo.<\/p>\n\n\n\n<div style=\"height:20px\" aria-hidden=\"true\" class=\"wp-block-spacer\"><\/div>\n\n\n\n<figure class=\"wp-block-image size-large\"><img loading=\"lazy\" decoding=\"async\" width=\"1024\" height=\"682\" src=\"https:\/\/entrenotasyacordes.com\/wp-content\/uploads\/2024\/05\/1714671758954-66180c149cea5d8b2bd1fe3b-1024x682.jpg\" alt=\"\" class=\"wp-image-7006\" srcset=\"https:\/\/entrenotasyacordes.com\/wp-content\/uploads\/2024\/05\/1714671758954-66180c149cea5d8b2bd1fe3b-1024x682.jpg 1024w, https:\/\/entrenotasyacordes.com\/wp-content\/uploads\/2024\/05\/1714671758954-66180c149cea5d8b2bd1fe3b-300x200.jpg 300w, https:\/\/entrenotasyacordes.com\/wp-content\/uploads\/2024\/05\/1714671758954-66180c149cea5d8b2bd1fe3b-768x512.jpg 768w, https:\/\/entrenotasyacordes.com\/wp-content\/uploads\/2024\/05\/1714671758954-66180c149cea5d8b2bd1fe3b.jpg 1400w\" sizes=\"auto, (max-width: 1024px) 100vw, 1024px\" \/><\/figure>\n","protected":false},"excerpt":{"rendered":"","protected":false},"author":5,"featured_media":7007,"comment_status":"open","ping_status":"open","sticky":false,"template":"","format":"standard","meta":{"om_disable_all_campaigns":false,"_uf_show_specific_survey":0,"_uf_disable_surveys":false,"footnotes":""},"categories":[4],"tags":[],"class_list":["post-7004","post","type-post","status-publish","format-standard","has-post-thumbnail","hentry","category-musica"],"_links":{"self":[{"href":"https:\/\/entrenotasyacordes.com\/index.php?rest_route=\/wp\/v2\/posts\/7004","targetHints":{"allow":["GET"]}}],"collection":[{"href":"https:\/\/entrenotasyacordes.com\/index.php?rest_route=\/wp\/v2\/posts"}],"about":[{"href":"https:\/\/entrenotasyacordes.com\/index.php?rest_route=\/wp\/v2\/types\/post"}],"author":[{"embeddable":true,"href":"https:\/\/entrenotasyacordes.com\/index.php?rest_route=\/wp\/v2\/users\/5"}],"replies":[{"embeddable":true,"href":"https:\/\/entrenotasyacordes.com\/index.php?rest_route=%2Fwp%2Fv2%2Fcomments&post=7004"}],"version-history":[{"count":1,"href":"https:\/\/entrenotasyacordes.com\/index.php?rest_route=\/wp\/v2\/posts\/7004\/revisions"}],"predecessor-version":[{"id":7008,"href":"https:\/\/entrenotasyacordes.com\/index.php?rest_route=\/wp\/v2\/posts\/7004\/revisions\/7008"}],"wp:featuredmedia":[{"embeddable":true,"href":"https:\/\/entrenotasyacordes.com\/index.php?rest_route=\/wp\/v2\/media\/7007"}],"wp:attachment":[{"href":"https:\/\/entrenotasyacordes.com\/index.php?rest_route=%2Fwp%2Fv2%2Fmedia&parent=7004"}],"wp:term":[{"taxonomy":"category","embeddable":true,"href":"https:\/\/entrenotasyacordes.com\/index.php?rest_route=%2Fwp%2Fv2%2Fcategories&post=7004"},{"taxonomy":"post_tag","embeddable":true,"href":"https:\/\/entrenotasyacordes.com\/index.php?rest_route=%2Fwp%2Fv2%2Ftags&post=7004"}],"curies":[{"name":"wp","href":"https:\/\/api.w.org\/{rel}","templated":true}]}}