{"id":7039,"date":"2024-05-02T23:06:59","date_gmt":"2024-05-02T23:06:59","guid":{"rendered":"https:\/\/entrenotasyacordes.com\/?p=7039"},"modified":"2024-05-06T23:07:41","modified_gmt":"2024-05-06T23:07:41","slug":"kany-garcia-presenta-su-nuevo-albumgarcia","status":"publish","type":"post","link":"https:\/\/entrenotasyacordes.com\/?p=7039","title":{"rendered":"KANY GARC\u00cdA PRESENTA SU NUEVO  \u00a0\u00c1LBUM\u00bbGARC\u00cdA\u00bb"},"content":{"rendered":"\n<!--more-->\n\n\n\n<p class=\"has-black-color has-text-color has-link-color wp-elements-0046b0a2df3446b6e4d488e284d24d95\"><strong>\u00a0UN EMOTIVO VIAJE A LA AUTOAFIRMACI\u00d3N Y LA SUPERACI\u00d3N<\/strong><\/p>\n\n\n\n<div style=\"height:24px\" aria-hidden=\"true\" class=\"wp-block-spacer\"><\/div>\n\n\n\n<figure class=\"wp-block-embed is-type-rich is-provider-spotify wp-block-embed-spotify wp-embed-aspect-21-9 wp-has-aspect-ratio\"><div class=\"wp-block-embed__wrapper\">\n<iframe title=\"Spotify Embed: GARC\u00cdA\" style=\"border-radius: 12px\" width=\"100%\" height=\"352\" frameborder=\"0\" allowfullscreen allow=\"autoplay; clipboard-write; encrypted-media; fullscreen; picture-in-picture\" loading=\"lazy\" src=\"https:\/\/open.spotify.com\/embed\/album\/1nwWnsVZSWIpMebokmGwdo?si=l7adFj5JSpeMO53JSSiK6A&#038;nd=1&#038;dlsi=aea26b0dc992470f&#038;utm_source=oembed\"><\/iframe>\n<\/div><\/figure>\n\n\n\n<p class=\"has-black-color has-text-color has-link-color wp-elements-3248d3a66f0e70030b6e5ab29062c5fd\">En su pr\u00f3ximo \u00e1lbum titulado\u00a0<em>\u00abGARC\u00cdA\u00bb,<\/em>\u00a0la talentosa cantautora puertorrique\u00f1a Kany Garc\u00eda busca llevar a su fans por un viaje emocional, explorando temas de autovaloraci\u00f3n y superaci\u00f3n. Contrario a su trabajo anterior,\u00a0<em>\u00abEl Amor Que Merecemos\u00bb,<\/em>\u00a0que celebraba el empoderamiento personal, \u00ab<strong>GARC\u00cdA<\/strong>\u00bb se sumerge en historias de sentirse subestimado y poco valorado y el poder que tiene sobrellevarlas.<\/p>\n\n\n\n<div style=\"height:14px\" aria-hidden=\"true\" class=\"wp-block-spacer\"><\/div>\n\n\n\n<p class=\"has-black-color has-text-color has-link-color wp-elements-b85934410ca4743fe86e29f6c72e8caf\">\u00abEste \u00e1lbum representa un cambio significativo en mi m\u00fasica y en mi vida. &#8216;<strong>GARC\u00cdA<\/strong>&#8216; es m\u00e1s que un conjunto de canciones; es un testimonio de muchos viajes personales hacia la autoaceptaci\u00f3n y la fortaleza interior. Espero que este \u00e1lbum resuene con aquellos que se han sentido malqueridos y poco valorados, y les brinde la inspiraci\u00f3n para buscar su propia felicidad, superaci\u00f3n, amor propio y autenticidad\u00bb, explic\u00f3 la artista multipremiada.<\/p>\n\n\n\n<div style=\"height:14px\" aria-hidden=\"true\" class=\"wp-block-spacer\"><\/div>\n\n\n\n<p class=\"has-black-color has-text-color has-link-color wp-elements-99b5830ee1fb1d02c381a487a1746789\">El \u00e1lbum que al momento de su lanzamiento ya debuta oro y platino por sus ventas en Estados Unidos, constar\u00e1 de 12 canciones, seis de las cuales ya han sido lanzadas y seis totalmente in\u00e9ditas. Colaborando con artistas destacados como Christian Nodal, Carla Morrison, Car\u00edn Le\u00f3n y Young Miko, Kany Garc\u00eda demuestra una vez m\u00e1s su versatilidad como compositora en una variedad de g\u00e9neros musicales.<\/p>\n\n\n\n<div style=\"height:14px\" aria-hidden=\"true\" class=\"wp-block-spacer\"><\/div>\n\n\n\n<p class=\"has-black-color has-text-color has-link-color wp-elements-7e01b227c81fe585b59568ef9a8c2abd\">As\u00ed, la ganadora de 6 Lat\u00edn GRAMMYs\u00ae, ha dejado una huella indeleble en el panorama musical latino con \u00e9xitos como \u2018Hoy Ya Me Voy\u2019, \u2018Alguien\u2019, \u2018Duele Menos\u2019 y \u2018Para Siempre\u2019. Su sexto LP, \u00abMesa Para Dos\u00bb, fue galardonado como el Mejor \u00c1lbum Cantautor en los Latin GRAMMYs\u00ae&nbsp;y cont\u00f3 con colaboraciones de renombrados artistas como Carlos Vives, Camilo, Goyo y Carlos Rivera. Este \u00e1lbum obtuvo el premio al Mejor \u00c1lbum Cantautor por segundo a\u00f1o consecutivo en el Latin GRAMMY\u00ae&nbsp;2020.<\/p>\n\n\n\n<div style=\"height:14px\" aria-hidden=\"true\" class=\"wp-block-spacer\"><\/div>\n\n\n\n<p class=\"has-black-color has-text-color has-link-color wp-elements-d343e58a116475b05df1c1f20379898c\">Adem\u00e1s, Kany Garc\u00eda ha sido honrada con reconocimientos en los Premios GLAAD, ASCAP, Billboard, La Musa y Juventud, entre otros. Su \u00e1lbum m\u00e1s reciente, \u00abEl Amor Que Merecemos\u00bb, fue nominado a Mejor \u00c1lbum Vocal Pop en los Latin GRAMMYs\u00ae&nbsp;y fue destacado por Billboard como uno de los mejores 25 \u00e1lbumes latinos del 2022.<\/p>\n\n\n\n<div style=\"height:14px\" aria-hidden=\"true\" class=\"wp-block-spacer\"><\/div>\n\n\n\n<p class=\"has-black-color has-text-color has-link-color wp-elements-5e3f9a899db621aefb04ab4d25198ec3\">El \u00e9xito de Kany Garc\u00eda contin\u00faa con uno de su m\u00e1s reciente sencillos, \u00abLa Siguiente\u00bb, junto a Christian Nodal, que recientemente fue nominado al Latin GRAMMY\u00ae&nbsp;en la categor\u00eda Mejor Canci\u00f3n Regional Mexicana. Y su tema \u201cQue Vuelva\u201d con Carla Morrison se posicion\u00f3 en el n\u00famero uno de la radio mexicana.<\/p>\n\n\n\n<div style=\"height:14px\" aria-hidden=\"true\" class=\"wp-block-spacer\"><\/div>\n\n\n\n<p class=\"has-black-color has-text-color has-link-color wp-elements-5c7242883569fdc95f0aaf0a23d9723a\">Asimismo, su colaboraci\u00f3n con Car\u00edn Le\u00f3n en \u00abTe Lo Agradezco\u00bb ha demostrado la diversidad de su talento, combinando sonidos del g\u00e9nero regional mexicano con letras cautivadoras. Este single alcanz\u00f3 la posici\u00f3n #1 en radio general en M\u00e9xico y contin\u00faa acumulando m\u00e1s de 100,000 streams diarios en plataformas digitales.<\/p>\n\n\n\n<div style=\"height:14px\" aria-hidden=\"true\" class=\"wp-block-spacer\"><\/div>\n\n\n\n<p class=\"has-black-color has-text-color has-link-color wp-elements-2777f5a5229df8011057d242357b9d2c\">Ahora, con el lanzamiento pr\u00f3ximo de \u00abGARC\u00cdA\u00bb, Kany promete llevar a sus oyentes en un viaje de autodescubrimiento y empoderamiento a trav\u00e9s de su m\u00fasica en un tono profundamente femenino y conmovedor.<\/p>\n\n\n\n<div style=\"height:14px\" aria-hidden=\"true\" class=\"wp-block-spacer\"><\/div>\n","protected":false},"excerpt":{"rendered":"","protected":false},"author":5,"featured_media":7040,"comment_status":"open","ping_status":"open","sticky":false,"template":"","format":"standard","meta":{"om_disable_all_campaigns":false,"_uf_show_specific_survey":0,"_uf_disable_surveys":false,"footnotes":""},"categories":[4],"tags":[],"class_list":["post-7039","post","type-post","status-publish","format-standard","has-post-thumbnail","hentry","category-musica"],"_links":{"self":[{"href":"https:\/\/entrenotasyacordes.com\/index.php?rest_route=\/wp\/v2\/posts\/7039","targetHints":{"allow":["GET"]}}],"collection":[{"href":"https:\/\/entrenotasyacordes.com\/index.php?rest_route=\/wp\/v2\/posts"}],"about":[{"href":"https:\/\/entrenotasyacordes.com\/index.php?rest_route=\/wp\/v2\/types\/post"}],"author":[{"embeddable":true,"href":"https:\/\/entrenotasyacordes.com\/index.php?rest_route=\/wp\/v2\/users\/5"}],"replies":[{"embeddable":true,"href":"https:\/\/entrenotasyacordes.com\/index.php?rest_route=%2Fwp%2Fv2%2Fcomments&post=7039"}],"version-history":[{"count":1,"href":"https:\/\/entrenotasyacordes.com\/index.php?rest_route=\/wp\/v2\/posts\/7039\/revisions"}],"predecessor-version":[{"id":7041,"href":"https:\/\/entrenotasyacordes.com\/index.php?rest_route=\/wp\/v2\/posts\/7039\/revisions\/7041"}],"wp:featuredmedia":[{"embeddable":true,"href":"https:\/\/entrenotasyacordes.com\/index.php?rest_route=\/wp\/v2\/media\/7040"}],"wp:attachment":[{"href":"https:\/\/entrenotasyacordes.com\/index.php?rest_route=%2Fwp%2Fv2%2Fmedia&parent=7039"}],"wp:term":[{"taxonomy":"category","embeddable":true,"href":"https:\/\/entrenotasyacordes.com\/index.php?rest_route=%2Fwp%2Fv2%2Fcategories&post=7039"},{"taxonomy":"post_tag","embeddable":true,"href":"https:\/\/entrenotasyacordes.com\/index.php?rest_route=%2Fwp%2Fv2%2Ftags&post=7039"}],"curies":[{"name":"wp","href":"https:\/\/api.w.org\/{rel}","templated":true}]}}