{"id":8307,"date":"2024-06-06T22:58:05","date_gmt":"2024-06-06T22:58:05","guid":{"rendered":"https:\/\/entrenotasyacordes.com\/?p=8307"},"modified":"2024-06-06T22:58:07","modified_gmt":"2024-06-06T22:58:07","slug":"los-tipitos-andres-calamaro-a-20-anos-de-armando-camaleon-presentan-silencio","status":"publish","type":"post","link":"https:\/\/entrenotasyacordes.com\/?p=8307","title":{"rendered":"LOS TIPITOS &amp; ANDR\u00c9S CALAMARO a 20 a\u00f1os de \u00abARMANDO CAMALE\u00d3N\u00bb presentan: \u00abSILENCIO\u00bb"},"content":{"rendered":"\n<!--more-->\n\n\n<div class=\"wp-block-image\">\n<figure class=\"aligncenter size-full is-resized\"><img loading=\"lazy\" decoding=\"async\" width=\"1041\" height=\"1041\" src=\"https:\/\/entrenotasyacordes.com\/wp-content\/uploads\/2024\/06\/1i.jpg\" alt=\"\" class=\"wp-image-8309\" style=\"width:435px;height:auto\" srcset=\"https:\/\/entrenotasyacordes.com\/wp-content\/uploads\/2024\/06\/1i.jpg 1041w, https:\/\/entrenotasyacordes.com\/wp-content\/uploads\/2024\/06\/1i-300x300.jpg 300w, https:\/\/entrenotasyacordes.com\/wp-content\/uploads\/2024\/06\/1i-1024x1024.jpg 1024w, https:\/\/entrenotasyacordes.com\/wp-content\/uploads\/2024\/06\/1i-150x150.jpg 150w, https:\/\/entrenotasyacordes.com\/wp-content\/uploads\/2024\/06\/1i-768x768.jpg 768w, https:\/\/entrenotasyacordes.com\/wp-content\/uploads\/2024\/06\/1i-50x50.jpg 50w\" sizes=\"auto, (max-width: 1041px) 100vw, 1041px\" \/><\/figure>\n<\/div>\n\n\n<p>LOS TIPITOS estar\u00e1n viviendo a lo largo de todo \u00e9ste 2024 momentos muy especiales. Y esto tiene que ver con el vig\u00e9simo aniversario del lanzamiento de uno de sus discos m\u00e1s populares:\u00a0<strong>ARMANDO CAMALE\u00d3N\u00a0<\/strong>(2004); un trabajo discogr\u00e1fico plagado de canciones que se convirtieron en cl\u00e1sicos del rock nacional. Entre aquellos temas se encuentra \u201cSilencio\u201d, infaltable en cada uno de sus shows en vivo y que vuelve a ser novedad hoy al contar con una nueva versi\u00f3n de estudio que cuenta con la colaboraci\u00f3n del maestro\u00a0<strong>LITO VITALE<\/strong>\u00a0y en la que participa con su voz un artista muy especial:\u00a0<strong>ANDR\u00c8S CALAMARO<\/strong>\u00a0que con su inconfundible estilo se adue\u00f1a de la canci\u00f3n aport\u00e1ndole puro sentimiento.<\/p>\n\n\n<div class=\"wp-block-image\">\n<figure class=\"aligncenter size-large\"><img loading=\"lazy\" decoding=\"async\" width=\"1024\" height=\"1024\" src=\"https:\/\/entrenotasyacordes.com\/wp-content\/uploads\/2024\/06\/1ii-1024x1024.jpg\" alt=\"\" class=\"wp-image-8308\" srcset=\"https:\/\/entrenotasyacordes.com\/wp-content\/uploads\/2024\/06\/1ii-1024x1024.jpg 1024w, https:\/\/entrenotasyacordes.com\/wp-content\/uploads\/2024\/06\/1ii-300x300.jpg 300w, https:\/\/entrenotasyacordes.com\/wp-content\/uploads\/2024\/06\/1ii-150x150.jpg 150w, https:\/\/entrenotasyacordes.com\/wp-content\/uploads\/2024\/06\/1ii-768x768.jpg 768w, https:\/\/entrenotasyacordes.com\/wp-content\/uploads\/2024\/06\/1ii-50x50.jpg 50w, https:\/\/entrenotasyacordes.com\/wp-content\/uploads\/2024\/06\/1ii.jpg 1100w\" sizes=\"auto, (max-width: 1024px) 100vw, 1024px\" \/><\/figure>\n<\/div>\n\n\n<p><strong>S\u00c1BADO 17 DE AGOSTO &#8211; TEATRO GRAN REX<\/strong><\/p>\n\n\n<div class=\"wp-block-image\">\n<figure class=\"aligncenter size-large\"><img loading=\"lazy\" decoding=\"async\" width=\"1024\" height=\"1024\" src=\"https:\/\/entrenotasyacordes.com\/wp-content\/uploads\/2024\/06\/1iii-1024x1024.jpg\" alt=\"\" class=\"wp-image-8310\" srcset=\"https:\/\/entrenotasyacordes.com\/wp-content\/uploads\/2024\/06\/1iii-1024x1024.jpg 1024w, https:\/\/entrenotasyacordes.com\/wp-content\/uploads\/2024\/06\/1iii-300x300.jpg 300w, https:\/\/entrenotasyacordes.com\/wp-content\/uploads\/2024\/06\/1iii-150x150.jpg 150w, https:\/\/entrenotasyacordes.com\/wp-content\/uploads\/2024\/06\/1iii-768x768.jpg 768w, https:\/\/entrenotasyacordes.com\/wp-content\/uploads\/2024\/06\/1iii-50x50.jpg 50w, https:\/\/entrenotasyacordes.com\/wp-content\/uploads\/2024\/06\/1iii.jpg 1080w\" sizes=\"auto, (max-width: 1024px) 100vw, 1024px\" \/><\/figure>\n<\/div>\n\n\n<p>Entradas Disponibles por Sistema&nbsp;<a href=\"https:\/\/teatro-granrex.com.ar\/los-tipitos-20-anos\" target=\"_blank\" rel=\"noreferrer noopener\">tuentrada.com<\/a>&nbsp;<\/p>\n\n\n\n<p>Y en boleter\u00eda del Teatro: Av. Corrientes 867, Ciudad de Buenos Aires<\/p>\n","protected":false},"excerpt":{"rendered":"","protected":false},"author":5,"featured_media":8310,"comment_status":"open","ping_status":"open","sticky":false,"template":"","format":"standard","meta":{"om_disable_all_campaigns":false,"_uf_show_specific_survey":0,"_uf_disable_surveys":false,"footnotes":""},"categories":[36,4],"tags":[],"class_list":["post-8307","post","type-post","status-publish","format-standard","has-post-thumbnail","hentry","category-conciertos","category-musica"],"_links":{"self":[{"href":"https:\/\/entrenotasyacordes.com\/index.php?rest_route=\/wp\/v2\/posts\/8307","targetHints":{"allow":["GET"]}}],"collection":[{"href":"https:\/\/entrenotasyacordes.com\/index.php?rest_route=\/wp\/v2\/posts"}],"about":[{"href":"https:\/\/entrenotasyacordes.com\/index.php?rest_route=\/wp\/v2\/types\/post"}],"author":[{"embeddable":true,"href":"https:\/\/entrenotasyacordes.com\/index.php?rest_route=\/wp\/v2\/users\/5"}],"replies":[{"embeddable":true,"href":"https:\/\/entrenotasyacordes.com\/index.php?rest_route=%2Fwp%2Fv2%2Fcomments&post=8307"}],"version-history":[{"count":1,"href":"https:\/\/entrenotasyacordes.com\/index.php?rest_route=\/wp\/v2\/posts\/8307\/revisions"}],"predecessor-version":[{"id":8311,"href":"https:\/\/entrenotasyacordes.com\/index.php?rest_route=\/wp\/v2\/posts\/8307\/revisions\/8311"}],"wp:featuredmedia":[{"embeddable":true,"href":"https:\/\/entrenotasyacordes.com\/index.php?rest_route=\/wp\/v2\/media\/8310"}],"wp:attachment":[{"href":"https:\/\/entrenotasyacordes.com\/index.php?rest_route=%2Fwp%2Fv2%2Fmedia&parent=8307"}],"wp:term":[{"taxonomy":"category","embeddable":true,"href":"https:\/\/entrenotasyacordes.com\/index.php?rest_route=%2Fwp%2Fv2%2Fcategories&post=8307"},{"taxonomy":"post_tag","embeddable":true,"href":"https:\/\/entrenotasyacordes.com\/index.php?rest_route=%2Fwp%2Fv2%2Ftags&post=8307"}],"curies":[{"name":"wp","href":"https:\/\/api.w.org\/{rel}","templated":true}]}}