{"id":8312,"date":"2024-06-06T23:02:12","date_gmt":"2024-06-06T23:02:12","guid":{"rendered":"https:\/\/entrenotasyacordes.com\/?p=8312"},"modified":"2024-06-06T23:02:14","modified_gmt":"2024-06-06T23:02:14","slug":"musica-cine-y-arte-junio-en-el-centro-cultural-recoleta","status":"publish","type":"post","link":"https:\/\/entrenotasyacordes.com\/?p=8312","title":{"rendered":"m\u00fasica, cine y arte ! JUNIO en el Centro Cultural Recoleta"},"content":{"rendered":"\n<!--more-->\n\n\n<div class=\"wp-block-image\">\n<figure class=\"aligncenter size-full is-resized\"><img loading=\"lazy\" decoding=\"async\" width=\"2560\" height=\"1341\" src=\"https:\/\/entrenotasyacordes.com\/wp-content\/uploads\/2024\/06\/1j-scaled.jpg\" alt=\"\" class=\"wp-image-8313\" style=\"width:672px;height:auto\" srcset=\"https:\/\/entrenotasyacordes.com\/wp-content\/uploads\/2024\/06\/1j-scaled.jpg 2560w, https:\/\/entrenotasyacordes.com\/wp-content\/uploads\/2024\/06\/1j-300x157.jpg 300w, https:\/\/entrenotasyacordes.com\/wp-content\/uploads\/2024\/06\/1j-1024x537.jpg 1024w, https:\/\/entrenotasyacordes.com\/wp-content\/uploads\/2024\/06\/1j-768x402.jpg 768w, https:\/\/entrenotasyacordes.com\/wp-content\/uploads\/2024\/06\/1j-1536x805.jpg 1536w, https:\/\/entrenotasyacordes.com\/wp-content\/uploads\/2024\/06\/1j-2048x1073.jpg 2048w\" sizes=\"auto, (max-width: 2560px) 100vw, 2560px\" \/><\/figure>\n<\/div>\n\n\n<p>Durante el mes de junio, el&nbsp;<strong>Centro Cultural Recoleta<\/strong>&nbsp;(Jun\u00edn 1930, CABA) ofrece nuevos ciclos de m\u00fasica como \u201cCanciones de invierno\u201d, lo mejor del cine con viernes de&nbsp;<strong>ciencia ficci\u00f3n&nbsp;<\/strong>y&nbsp;fines de semana dedicados a \u201c<strong>Fellini<\/strong>,&nbsp;<strong>exagerado y humano<\/strong>\u201d. Adem\u00e1s, las artes contin\u00faan brillando&nbsp;con la llegada de \u201cAntolog\u00eda Flotante\u201d, la nueva muestra que inaugura el 13 de junio con 80 obras de Carlos Bissolino.<\/p>\n\n\n\n<p>La entrada es libre y gratuita. Para los espect\u00e1culos de m\u00fasica el ingreso por orden de llegada hasta agotar la capacidad de la sala. No se suspende por lluvia. El acceso a los films es gratuito con reserva previa en\u00a0<a href=\"https:\/\/entradasba.com\/\">EntradasBA.com<\/a>. Programaci\u00f3n completa en\u00a0<a href=\"https:\/\/www.centroculturalrecoleta.org\/\">www.centroculturalrecoleta.org<\/a>.<\/p>\n\n\n\n<p><strong>MUSICA EN JUNIO&nbsp;<\/strong><\/p>\n\n\n\n<p>Entrada libre y gratuita, ingreso por orden de llegada hasta agotar la capacidad de la sala.<\/p>\n\n\n\n<p>No se suspende por lluvia.<strong><\/strong><\/p>\n\n\n\n<p><strong>M\u00fasica Popular | Ciclo: \u201cConfesiones de invierno\u201d<\/strong>, viernes a las 20h en sala Villa Villa<br>Conciertos \u00edntimos protagonizados por cantatoras de la nueva escena. Un recorrido por paisajes sonoros que entrelazan sonidos de distintos g\u00e9neros musicales.<br><strong>Mora Navarro | Viernes 7.06, 20h<\/strong>. Un show \u00edntimo, personal y sensible, en formato h\u00edbrido: mezclando sonidos ac\u00fasticos y digitales. Despedida de Buenos Aires antes de su gira europea.<br><strong>Plastilina | Viernes 14.06,20h.<\/strong>&nbsp;D\u00fao de pop alternativo con Tom\u00e1s Wicz y Paloma Sirv\u00e9n, una puesta en escena en la que lo perform\u00e1tico y lo audiovisual son parte de la misma experiencia.<br><strong>Nara Arguen | Viernes 21.06,20h<\/strong>. Show en formato \u00absolo set\u00bb con guitarra el\u00e9ctrica apelando a su lado m\u00e1s experimental e improvisativo.<br><strong>Sofia Campos | Viernes 28.06, 20h<\/strong>. Canciones propias, intimistas en formato ac\u00fastico.<\/p>\n\n\n\n<p><strong>Domingos musicales en la Capilla<\/strong>: el 23 de junio con la actuaci\u00f3n de Alina Gandini y el 30 con la presentaci\u00f3n de Ernesto Romeo y Selene Erbes.<\/p>\n\n\n\n<p><strong>Ciclo \u201cVariaciones\u201d (m\u00fasica cl\u00e1sica)<\/strong><br><strong>Ernesto Jodos e Inti Sabev | S\u00e1bado 15.06, 19h en la Capilla<\/strong><br>Ernesto Jodos, una de las figuras m\u00e1s importantes del jazz sudamericano presenta un concierto a d\u00fao junto a Inti Sabev (clarinete) titulado \u201cVariaciones sobre la m\u00fasica de Enrique Norris\u201d.<\/p>\n\n\n\n<p><strong>M\u00fasica | \u00d3strakon, breve historia narrada en la Capilla<\/strong><br><strong>Por Sara Sedler | Viernes 7.06 y s\u00e1bado 8.06, 19h<\/strong><br>Basado en el libro de Sedler. Mar\u00eda In\u00e9s Aldaburu (actriz, directora), Marcelo Delgado (compositor, director y docente UBA) y Nati I\u00f1\u00f3n (cantante, actriz), naKh ab Ra (poeta, perf\u00f3rmata, ensayista, teurgo y docente extitucional), en las voces; Sergio Catal\u00e1n (flautas), Fabio Loverso (cello) y Gonzalo P\u00e9rez Terranova (percusi\u00f3n) en instrumentos.<\/p>\n\n\n\n<p><strong>\u00daltimo jueves del mes: ciclo Aqu\u00ed, all\u00e1 y en todas partes<\/strong><br>Conciertos dedicados a la m\u00fasica acusm\u00e1tica, electroac\u00fastica y mixta. Curado por Jorge Sad Levi en colaboraci\u00f3n con Javier Leichman.<br><strong>Jue. 27.06, 19h&nbsp;<\/strong>| Obras de Diego Tedesco, Mario Mary, Felipe de Almeida Ribeiro (Brasil), Merce Capdevila (Espa\u00f1a), Jorge Sad Levi, Javier Leichman, Elsa Justel, Anton Iakhontov y Cristina Kasem. Int\u00e9rpretes: Natalia Cappa, voz; Proyecto Laberinto (Andrea Escobar, flauta, y Rodrigo Evangelista, piano).<\/p>\n\n\n\n<p><strong>CINE en JUNIO<\/strong><br>Entrada libre y gratuita con reserva previa en EntradasBA.<br><strong>Jueves 6.6, 19h: Gasoline Rainbow<\/strong>&nbsp;| En colaboraci\u00f3n con la plataforma MUBI, se proyecta el largometraje de los hermanos Bill Ross IV y Turner Ross, pel\u00edcula de iniciaci\u00f3n y maduraci\u00f3n de los referentes del indie estadounidense m\u00e1s actual.<br><strong>Jueves 13, 20 y 27\/6, 19h: Italpark<\/strong>&nbsp;| A trav\u00e9s de im\u00e1genes de archivo, animaciones 3D, entrevistas a antiguos empleados, visitantes, coleccionistas y fan\u00e1ticos, la pel\u00edcula reconstruye la historia de lo que para muchos fue el \u201cDisney argentino\u201d, explorando la influencia cultural y emocional que tuvo en varias generaciones.<\/p>\n\n\n\n<p><strong>Domingo 9.06, 19h | Pel\u00edcula sorpresa<\/strong><br>Los filmes sorpresas de este a\u00f1o giran alrededor de ese aire Julio Cort\u00e1zar que impregna una buena parte del audiovisual contempor\u00e1neo. Habr\u00e1 pel\u00edculas que adem\u00e1s son mencionadas en las p\u00e1ginas de sus libros, porque don Julio amaba el cine. Aptas para mayores de 13 a\u00f1os.<\/p>\n\n\n\n<p><strong>Viernes de ciencia ficci\u00f3n:<\/strong>&nbsp;Cuatro pel\u00edculas que van de la exploraci\u00f3n de la mente al hero\u00edsmo estelar, y que reflejan cierta s\u00e1tira social y en algunos casos, representan cierta advertencia.<\/p>\n\n\n\n<p><strong>Vier 07.6, 19h<\/strong>: Estado alterados dirigida por Ken Russell<br><strong>Vier 14.6, 19h<\/strong>: Carrera mortal 2000 por Paul Bartel<br><strong>Vier 21.6, 19h<\/strong>: El \u00faltimo guerrero espacial por Nick Castle<br><strong>Vier 28.6, 19h<\/strong>: Batalla m\u00e1s all\u00e1 de las galaxias dirigida por Jimmy T. Murakami<\/p>\n\n\n\n<p><strong>Ciclo: FELLINI, exagerado y humano<\/strong>.&nbsp;Con la colaboraci\u00f3n del Instituto Italiano de Cultura. Se trata de seis pel\u00edculas que dibujan el lenguaje del c\u00e9lebre director entre lo exagerado, lo po\u00e9tico y lo rid\u00edculamente humano.<br><strong>Sab 15.6, 19h<\/strong>&nbsp;| El jeque blanco<br><strong>Dgo 16.6, 19h<\/strong>&nbsp;| Ginger y Fred<br><strong>Dgo 23.6, 19h<\/strong>&nbsp;| Historias extraordinarias<br><strong>Sab 29.6, 19h&nbsp;<\/strong>| Roma<br><strong>Dgo 30.6, 19h&nbsp;<\/strong>| Los clowns<\/p>\n\n\n\n<p><strong>\u00daltimo s\u00e1bado del mes | Ciclo: s\u00e1bados de super acci\u00f3n<\/strong><\/p>\n\n\n\n<p><strong>Sab 22.6, 19h : El buf\u00f3n del rey&nbsp;<\/strong>dirigida por Melvin Frank y Norman Panama.<\/p>\n\n\n\n<p><strong>ARTES VISUALES EN JUNIO<\/strong><br><strong>Antolog\u00eda Flotante<\/strong>, nueva muestra integrada por 80 obras del artista visual Carlos Bissolino. Inaugura el 13 de junio en las salas 7,8 y 9. \u00d3leos, acr\u00edlicos, t\u00e9cnica mixta sobre tela, tinta sobre papel -entre otros formatos- son algunas de las piezas que reflejan el universo del artista en el que coexisten paisajes on\u00edricos y atmosf\u00e9ricos de una intensa exploraci\u00f3n t\u00e9cnica.<\/p>\n\n\n\n<p><strong>\u00bfCu\u00e1nto pesa el amor?<\/strong>&nbsp;muestra colectiva curada por Daniel Fischer en la sala Cronopios, J y C. Hasta el 1 de septiembre. M\u00e1s de 70 artistas nacionales e internacionales, de todos los tiempos y en todos los formatos: fotograf\u00edas, instalaciones, pinturas, esculturas, videos y fragmentos textuales provenientes de la ciencia ficci\u00f3n o que surgen de conceptos filos\u00f3ficos y comparten t\u00f3picos, mitos y relatos sobre el amor.<br><br><strong>Centinelas<\/strong>, muestra individual de Victoria Liguori, con curadur\u00eda de Carla Barbero (sala 4).<br>Hasta el 23 de junio. Se trata de una serie de dibujos, entre ellos dos de gran formato, que exploran la interacci\u00f3n entre el cuerpo y la tecnolog\u00eda a trav\u00e9s de la ciencia ficci\u00f3n. Paisajes plagados de escenas que imaginan otras formas de vida y mundos posibles.<br><br><strong>Oradaia<\/strong>, muestra individual de Jazm\u00edn Berakha (sala 6) con curadur\u00eda de Javier Villa.<br>Hasta el 27 de octubre. Artista pionera de su generaci\u00f3n en la reelaboraci\u00f3n contempor\u00e1nea de disciplinas como el bordado, el tapiz y\/o el patchwork. Sus composiciones entremezclan la abstracci\u00f3n geom\u00e9trica, la antropolog\u00eda y la moda para reimaginar al cuerpo y la femineidad.<br><br><strong>Funci\u00f3n privada<\/strong>&nbsp;del artista Bruno Grupalli (sala 5). Hasta el 23 de junio. Pinturas de gran formato que presenta a personajes generalmente solitarios, sentados en una mesa de caf\u00e9-concert o club nocturno.<\/p>\n\n\n\n<p><strong>La multitud agazapada<\/strong>, muestra individual de El Pelele (sala 10) con curadur\u00eda de Carla Barbero. Hasta el 23 de junio. Exposici\u00f3n que re\u00fane las pinturas recientes de un artista multifac\u00e9tico. Nueva puesta escena en la que el espacio es abordado por seres fantasmag\u00f3ricos que protagonizan una narrativa que oscila entre lo mounstruoso y lo rom\u00e1ntico.<\/p>\n","protected":false},"excerpt":{"rendered":"","protected":false},"author":5,"featured_media":8313,"comment_status":"open","ping_status":"open","sticky":false,"template":"","format":"standard","meta":{"om_disable_all_campaigns":false,"_uf_show_specific_survey":0,"_uf_disable_surveys":false,"footnotes":""},"categories":[9,34],"tags":[],"class_list":["post-8312","post","type-post","status-publish","format-standard","has-post-thumbnail","hentry","category-cine-y-teatro","category-ultimas-noticias"],"_links":{"self":[{"href":"https:\/\/entrenotasyacordes.com\/index.php?rest_route=\/wp\/v2\/posts\/8312","targetHints":{"allow":["GET"]}}],"collection":[{"href":"https:\/\/entrenotasyacordes.com\/index.php?rest_route=\/wp\/v2\/posts"}],"about":[{"href":"https:\/\/entrenotasyacordes.com\/index.php?rest_route=\/wp\/v2\/types\/post"}],"author":[{"embeddable":true,"href":"https:\/\/entrenotasyacordes.com\/index.php?rest_route=\/wp\/v2\/users\/5"}],"replies":[{"embeddable":true,"href":"https:\/\/entrenotasyacordes.com\/index.php?rest_route=%2Fwp%2Fv2%2Fcomments&post=8312"}],"version-history":[{"count":1,"href":"https:\/\/entrenotasyacordes.com\/index.php?rest_route=\/wp\/v2\/posts\/8312\/revisions"}],"predecessor-version":[{"id":8314,"href":"https:\/\/entrenotasyacordes.com\/index.php?rest_route=\/wp\/v2\/posts\/8312\/revisions\/8314"}],"wp:featuredmedia":[{"embeddable":true,"href":"https:\/\/entrenotasyacordes.com\/index.php?rest_route=\/wp\/v2\/media\/8313"}],"wp:attachment":[{"href":"https:\/\/entrenotasyacordes.com\/index.php?rest_route=%2Fwp%2Fv2%2Fmedia&parent=8312"}],"wp:term":[{"taxonomy":"category","embeddable":true,"href":"https:\/\/entrenotasyacordes.com\/index.php?rest_route=%2Fwp%2Fv2%2Fcategories&post=8312"},{"taxonomy":"post_tag","embeddable":true,"href":"https:\/\/entrenotasyacordes.com\/index.php?rest_route=%2Fwp%2Fv2%2Ftags&post=8312"}],"curies":[{"name":"wp","href":"https:\/\/api.w.org\/{rel}","templated":true}]}}