{"id":8315,"date":"2024-06-06T23:10:52","date_gmt":"2024-06-06T23:10:52","guid":{"rendered":"https:\/\/entrenotasyacordes.com\/?p=8315"},"modified":"2024-06-06T23:10:53","modified_gmt":"2024-06-06T23:10:53","slug":"aneley-lanza-como-paso-su-nuevo-single","status":"publish","type":"post","link":"https:\/\/entrenotasyacordes.com\/?p=8315","title":{"rendered":"ANELEY lanza \u00ab\u00bfC\u00f3mo pas\u00f3?\u00bb, su nuevo single."},"content":{"rendered":"\n<!--more-->\n\n\n\n<p><strong><a href=\"http:\/\/www.instagram.com\/aneley_ok\">ANELEY<\/a><\/strong>\u00a0lanza un nuevo single con el que contin\u00faa sorprendiendo al p\u00fablico.<\/p>\n\n\n\n<p>As\u00ed, la multifac\u00e9tica cantante argentina suma su lista de canciones un nuevo cover: en esta ocasi\u00f3n se trata del reciente \u00e9xito de Ela Taubert, titulado\u00a0<strong>\u201c\u00bfC\u00f3mo pas\u00f3?\u201d.<\/strong><\/p>\n\n\n\n<p>La misma Aneley asegura que es una gran versi\u00f3n en la que logr\u00f3 realizar una sutil e interesante fusi\u00f3n de cuarteto con bachata, haci\u00e9ndola bailable y, particularmente para ella, transform\u00e1ndola en una de sus favoritas hasta la fecha.<\/p>\n\n\n\n<p>Escuch\u00e1 el single en\u00a0<a href=\"https:\/\/orcd.co\/aneley-como_paso.opr\/spotify\">Spotify<\/a><\/p>\n\n\n\n<p>Videoclip oficial en\u00a0<a href=\"https:\/\/orcd.co\/aneley-como_paso.opr\/youtube\">Youtube<\/a><\/p>\n\n\n<div class=\"wp-block-image\">\n<figure class=\"aligncenter size-full\"><img loading=\"lazy\" decoding=\"async\" width=\"640\" height=\"427\" src=\"https:\/\/entrenotasyacordes.com\/wp-content\/uploads\/2024\/06\/aneley-1.webp\" alt=\"\" class=\"wp-image-8317\" srcset=\"https:\/\/entrenotasyacordes.com\/wp-content\/uploads\/2024\/06\/aneley-1.webp 640w, https:\/\/entrenotasyacordes.com\/wp-content\/uploads\/2024\/06\/aneley-1-300x200.webp 300w\" sizes=\"auto, (max-width: 640px) 100vw, 640px\" \/><\/figure>\n<\/div>\n\n\n<p><strong>Aneley Mattei\u00a0<\/strong>es una cantante, compositora, y bailarina Argentina, con m\u00e1s de 10 a\u00f1os de carrera.<\/p>\n\n\n\n<p>Desde sus inicios incursion\u00f3 en numerosos g\u00e9neros musicales cantando mel\u00f3dico, bachata, folklore, hasta su presente en la cumbia pop rom\u00e1ntica y el reggaet\u00f3n d\u00f3nde se siente mas c\u00f3moda para continuar desarrollando su carrera art\u00edstica.<\/p>\n\n\n\n<p>Gracias a su carisma y energ\u00eda, particip\u00f3 en varios programas de la televisi\u00f3n argentina. En el a\u00f1o 2022 form\u00f3 parte del reality \u201cLa Voz Argentina\u201d y destac\u00f3 por sobre los dem\u00e1s postulantes, tal es as\u00ed, que fue elegida por unanimidad por el jurado.<\/p>\n\n\n\n<p>Tambi\u00e9n fue concursante del famos\u00edsimo programa de televisi\u00f3n conducido por Marcelo Tinelli, \u201cCanta Conmigo Ahora\u201d, llegando a ser semifinalista, con una destacada performance.Su primer single como solista cantando reggaet\u00f3n se titul\u00f3 \u201cSi T\u00fa Supieras\u201d.\u00a0<\/p>\n\n\n\n<p>En su faceta como compositora logr\u00f3 crear canciones que r\u00e1pidamente se convirtieron en \u00e9xito, tales como, \u201cLa Foto\u201d, \u201cNuestra Canci\u00f3n\u201d, \u201cDolor\u201d, \u201cMatemos Esas Ganas\u201d y \u201cT\u00f3xicos\u201d.<\/p>\n\n\n\n<p>Sus \u00faltimos singles \u201cDemasiado Tarde\u201d y \u00abMi vestido azul\u00bb significaron su regreso a la actividad generando gran repercusi\u00f3n en los medios y las redes.\u00a0<\/p>\n\n\n\n<p><\/p>\n","protected":false},"excerpt":{"rendered":"","protected":false},"author":5,"featured_media":8316,"comment_status":"open","ping_status":"open","sticky":false,"template":"","format":"standard","meta":{"om_disable_all_campaigns":false,"_uf_show_specific_survey":0,"_uf_disable_surveys":false,"footnotes":""},"categories":[4],"tags":[],"class_list":["post-8315","post","type-post","status-publish","format-standard","has-post-thumbnail","hentry","category-musica"],"_links":{"self":[{"href":"https:\/\/entrenotasyacordes.com\/index.php?rest_route=\/wp\/v2\/posts\/8315","targetHints":{"allow":["GET"]}}],"collection":[{"href":"https:\/\/entrenotasyacordes.com\/index.php?rest_route=\/wp\/v2\/posts"}],"about":[{"href":"https:\/\/entrenotasyacordes.com\/index.php?rest_route=\/wp\/v2\/types\/post"}],"author":[{"embeddable":true,"href":"https:\/\/entrenotasyacordes.com\/index.php?rest_route=\/wp\/v2\/users\/5"}],"replies":[{"embeddable":true,"href":"https:\/\/entrenotasyacordes.com\/index.php?rest_route=%2Fwp%2Fv2%2Fcomments&post=8315"}],"version-history":[{"count":1,"href":"https:\/\/entrenotasyacordes.com\/index.php?rest_route=\/wp\/v2\/posts\/8315\/revisions"}],"predecessor-version":[{"id":8318,"href":"https:\/\/entrenotasyacordes.com\/index.php?rest_route=\/wp\/v2\/posts\/8315\/revisions\/8318"}],"wp:featuredmedia":[{"embeddable":true,"href":"https:\/\/entrenotasyacordes.com\/index.php?rest_route=\/wp\/v2\/media\/8316"}],"wp:attachment":[{"href":"https:\/\/entrenotasyacordes.com\/index.php?rest_route=%2Fwp%2Fv2%2Fmedia&parent=8315"}],"wp:term":[{"taxonomy":"category","embeddable":true,"href":"https:\/\/entrenotasyacordes.com\/index.php?rest_route=%2Fwp%2Fv2%2Fcategories&post=8315"},{"taxonomy":"post_tag","embeddable":true,"href":"https:\/\/entrenotasyacordes.com\/index.php?rest_route=%2Fwp%2Fv2%2Ftags&post=8315"}],"curies":[{"name":"wp","href":"https:\/\/api.w.org\/{rel}","templated":true}]}}