{"id":8319,"date":"2024-06-06T23:17:24","date_gmt":"2024-06-06T23:17:24","guid":{"rendered":"https:\/\/entrenotasyacordes.com\/?p=8319"},"modified":"2024-06-06T23:17:26","modified_gmt":"2024-06-06T23:17:26","slug":"%f0%9f%87%a8%f0%9f%87%b4%f0%9f%92%bf%f0%9f%8e%b5%f0%9f%a4%9f%f0%9f%8f%bc%f0%9f%8c%8b-volcan-estrena-ceros-unos-un-album-energico-introspectivo-y-psicodelico","status":"publish","type":"post","link":"https:\/\/entrenotasyacordes.com\/?p=8319","title":{"rendered":"\ud83c\udde8\ud83c\uddf4\ud83d\udcbf\ud83c\udfb5\ud83e\udd1f\ud83c\udffc\ud83c\udf0b Volc\u00e1n estrena &#8216;Ceros &amp; Unos&#8217;, un \u00e1lbum en\u00e9rgico, introspectivo y psicod\u00e9lico"},"content":{"rendered":"\n<!--more-->\n\n\n\n<figure class=\"wp-block-embed is-type-video is-provider-youtube wp-block-embed-youtube wp-embed-aspect-16-9 wp-has-aspect-ratio\"><div class=\"wp-block-embed__wrapper\">\n<div class=\"epyt-video-wrapper\"><iframe loading=\"lazy\"  id=\"_ytid_99476\"  width=\"640\" height=\"360\"  data-origwidth=\"640\" data-origheight=\"360\" src=\"https:\/\/www.youtube.com\/embed\/SOnoYrZ3C5s?enablejsapi=1&#038;autoplay=0&#038;cc_load_policy=0&#038;cc_lang_pref=&#038;iv_load_policy=1&#038;loop=0&#038;rel=1&#038;fs=1&#038;playsinline=0&#038;autohide=2&#038;theme=dark&#038;color=white&#038;controls=1&#038;\" class=\"__youtube_prefs__  epyt-is-override  no-lazyload\" data-vol=\"50\"  title=\"YouTube player\"  allow=\"fullscreen; accelerometer; autoplay; clipboard-write; encrypted-media; gyroscope; picture-in-picture; web-share\" referrerpolicy=\"strict-origin-when-cross-origin\" allowfullscreen data-no-lazy=\"1\" data-skipgform_ajax_framebjll=\"\"><\/iframe><\/div>\n<\/div><\/figure>\n\n\n\n<p>Luego de lanzar los sencillos &#8216;Ver tus ojos mir\u00e1ndome&#8217;, &#8216;La ciencia de los sue\u00f1os&#8217;, &#8216;Todos los perros van al cielo&#8217;, &#8216;01001&#8217; y &#8216;Alma y olvido&#8217;, la banda de rock colombiana&nbsp;<strong>Volc\u00e1n<\/strong>&nbsp;estrena su 3er \u00e1lbum de estudio&nbsp;<strong>&#8216;Ceros &amp; Unos&#8217;<\/strong>.<\/p>\n\n\n\n<p><strong>&#8216;Ceros &amp; Unos&#8217;<\/strong>&nbsp;es un \u00e1lbum que habla sobre la vida y la muerte desde varias perspectivas, no solo desde lo f\u00edsico y terrenal, sino desde los nuevos inicios, las reconexiones, los cambios y las distintas muertes que vivimos a lo largo de la vida, adem\u00e1s de abordar la vida desde la evoluci\u00f3n natural del ser humano, c\u00f3mo nos transformamos en una nueva persona a trav\u00e9s de las experiencias que vivenciamos.&nbsp; El todo y la nada. Desde el lenguaje binario el cero presenta la falta de informaci\u00f3n y el uno representa que hay informaci\u00f3n, todo se puede representar en funci\u00f3n de ausencia y presencia, por eso el nombre del \u00e1lbum.<\/p>\n\n\n<div class=\"wp-block-image\">\n<figure class=\"aligncenter size-full\"><img loading=\"lazy\" decoding=\"async\" width=\"1600\" height=\"1600\" src=\"https:\/\/entrenotasyacordes.com\/wp-content\/uploads\/2024\/06\/1l.jpeg\" alt=\"\" class=\"wp-image-8320\" srcset=\"https:\/\/entrenotasyacordes.com\/wp-content\/uploads\/2024\/06\/1l.jpeg 1600w, https:\/\/entrenotasyacordes.com\/wp-content\/uploads\/2024\/06\/1l-300x300.jpeg 300w, https:\/\/entrenotasyacordes.com\/wp-content\/uploads\/2024\/06\/1l-1024x1024.jpeg 1024w, https:\/\/entrenotasyacordes.com\/wp-content\/uploads\/2024\/06\/1l-150x150.jpeg 150w, https:\/\/entrenotasyacordes.com\/wp-content\/uploads\/2024\/06\/1l-768x768.jpeg 768w, https:\/\/entrenotasyacordes.com\/wp-content\/uploads\/2024\/06\/1l-1536x1536.jpeg 1536w, https:\/\/entrenotasyacordes.com\/wp-content\/uploads\/2024\/06\/1l-50x50.jpeg 50w\" sizes=\"auto, (max-width: 1600px) 100vw, 1600px\" \/><\/figure>\n<\/div>\n\n\n<p><em>\u00abDurante el proceso de este \u00e1lbum notamos un crecimiento musical, una mayor conexi\u00f3n con el p\u00fablico y la energ\u00eda entre los integrantes de la banda, adem\u00e1s, hemos logrado llevar el proyecto a un nivel m\u00e1s s\u00f3lido, sumando las experiencias para potenciar el sonido y el alcance de Volc\u00e1n en la escena musical\u00bb<\/em>, comenta la banda.<\/p>\n\n\n\n<p><em>\u00abLas 12 canciones del \u00e1lbum narran la sensaci\u00f3n de ruta en la vida del ser humano, aceptando la muerte como parte de la vida. Volc\u00e1n quiere compartir esta placa discogr\u00e1fica para establecerse como un proyecto musical s\u00f3lido y relevante, incentivando a la escena alternativa como un espacio importante dentro de la industria musical nacional\u00bb<\/em>, agrega el grupo.<\/p>\n\n\n\n<p><strong>&#8216;Ceros &amp; Unos&#8217;<\/strong>\u00a0de Volc\u00e1n es la exploraci\u00f3n de un sonido en\u00e9rgico y vintage, mezclado con tintes modernos, adem\u00e1s recoge las influencias que\u00a0<strong>David Ospina<\/strong>\u00a0(voz, guitarra y producci\u00f3n),\u00a0<strong>Jos\u00e9 Hern\u00e1ndez<\/strong>\u00a0(bajo, coros y direcci\u00f3n creativa),\u00a0<strong>Sebasti\u00e1n Fuentes<\/strong>\u00a0(guitarra, coros y col\u00e1geno) y\u00a0<strong>Rodrigo Canal<\/strong>\u00a0(bater\u00eda y gesti\u00f3n) han escuchado durante toda su vida. El grupo llega a este sonido con influencias de sus artistas favoritos y m\u00fasica de los a\u00f1os setenta como Gang of four y Richard Hell and the Voidoids, un poco de The Misfits y algo del soul con instrumentaci\u00f3n de cuerdas y vientos.<\/p>\n\n\n<div class=\"wp-block-image\">\n<figure class=\"aligncenter size-large\"><img loading=\"lazy\" decoding=\"async\" width=\"1024\" height=\"682\" src=\"https:\/\/entrenotasyacordes.com\/wp-content\/uploads\/2024\/06\/1ll-1024x682.jpeg\" alt=\"\" class=\"wp-image-8321\" srcset=\"https:\/\/entrenotasyacordes.com\/wp-content\/uploads\/2024\/06\/1ll-1024x682.jpeg 1024w, https:\/\/entrenotasyacordes.com\/wp-content\/uploads\/2024\/06\/1ll-300x200.jpeg 300w, https:\/\/entrenotasyacordes.com\/wp-content\/uploads\/2024\/06\/1ll-768x512.jpeg 768w, https:\/\/entrenotasyacordes.com\/wp-content\/uploads\/2024\/06\/1ll-1536x1023.jpeg 1536w, https:\/\/entrenotasyacordes.com\/wp-content\/uploads\/2024\/06\/1ll.jpeg 1600w\" sizes=\"auto, (max-width: 1024px) 100vw, 1024px\" \/><\/figure>\n<\/div>\n\n\n<p>Volc\u00e1n le canta en&nbsp;<strong>&#8216;Ceros &amp; Unos&#8217;&nbsp;<\/strong>a los sue\u00f1os y la realidad en&nbsp;<strong>&#8216;La ciencia de los sue\u00f1os&#8217;<\/strong>, explora el punk psicod\u00e9lico en&nbsp;<strong>&#8216;01001&#8217;<\/strong>, describe como en sue\u00f1o el sencillo&nbsp;<strong>&#8216;F\u00e1cil llorar, dif\u00edcil re\u00edr&#8217;<\/strong>, denomina como una misi\u00f3n la canci\u00f3n&nbsp;<strong>&#8216;Se apaga el aliento&#8217;<\/strong>, habla de sue\u00f1os invertidos en&nbsp;<strong>&#8216;Anarqu\u00eda en celof\u00e1n&#8217;<\/strong>, de contemplaci\u00f3n y descanso en&nbsp;<strong>&#8216;Navegante&#8217;<\/strong>, se inspira en el amanecer en&nbsp;<strong>&#8216;Dame lumbre&#8217;<\/strong>, en el amor y los viajes en el tiempo en&nbsp;<strong>&#8216;Ver tus ojos mir\u00e1ndome&#8217;<\/strong>, le canta a las conexiones interdimensionales en&nbsp;<strong>&#8216;Todos los perros van al cielo&#8217;<\/strong>, a las experiencias ecl\u00e9cticas en&nbsp;<strong>&#8216;Esmeralda&#8217;<\/strong>, a la b\u00fasqueda en&nbsp;<strong>&#8216;Alma y olvido&#8217;<\/strong>&nbsp;ft Los Balcones Amarillos, y a una playita il\u00f3gica en&nbsp;<strong>&#8216;Absurdo por ahora&#8217;<\/strong>.<\/p>\n\n\n\n<p>Para Volc\u00e1n,&nbsp;<em>\u00abes un disco hecho para escuchar en momentos de agradecimiento y apertura, en especial en d\u00edas introspectivos. Todo depende del mood, pero lo ideal ser\u00eda escucharlo mientras se experimenta la conexi\u00f3n con uno mismo. Este \u00e1lbum es para recibir la vida y la muerte porque no tienen tiempo\u00bb<\/em>.<\/p>\n\n\n\n<p class=\"has-medium-font-size\"><strong>&#8216;Ceros &amp; Unos&#8217;<\/strong>\u00a0de Volc\u00e1n viene acompa\u00f1ado del sencillo destacado\u00a0<strong>&#8216;Navegante&#8217;<\/strong>, una canci\u00f3n de amor y contemplaci\u00f3n, su sonido es perfecto para un momento de relajaci\u00f3n y espiritualidad; tambi\u00e9n tiene un toque tranquilo y sensual. <\/p>\n\n\n\n<p>Volc\u00e1n tiene como objetivo principal para el segundo semestre del a\u00f1o promocionar el nuevo \u00e1lbum a trav\u00e9s de un tour nacional de 9 fechas en donde visitar\u00e1n: Bogot\u00e1, Tunja, Pereira, Cali, Pasto, Ipiales, Medell\u00edn, Barranquilla y Bucaramanga. La gira comenzar\u00e1 a finales de junio con un show en Bogot\u00e1 que ser\u00e1 el 28 de junio en Ace of Spades y en Tunja que ser\u00e1 el 29 de junio en Loop Club.<\/p>\n\n\n\n<p><strong><em>\u201c&#8217;Ceros &amp; Unos&#8217;<\/em><\/strong><em>\u00a0es la celebraci\u00f3n de los primeros 5 a\u00f1os de la banda en busca de una consolidaci\u00f3n, adem\u00e1s conecta de principio a fin con la realidad de todo ser humano. Nadie es ajeno a la vida o la muerte, todos hemos experimentado cosas de las que habla y proyecta este disco\u201d,<\/em>\u00a0concluye Volc\u00e1n.<\/p>\n","protected":false},"excerpt":{"rendered":"","protected":false},"author":5,"featured_media":8320,"comment_status":"open","ping_status":"open","sticky":false,"template":"","format":"standard","meta":{"om_disable_all_campaigns":false,"_uf_show_specific_survey":0,"_uf_disable_surveys":false,"footnotes":""},"categories":[4],"tags":[],"class_list":["post-8319","post","type-post","status-publish","format-standard","has-post-thumbnail","hentry","category-musica"],"_links":{"self":[{"href":"https:\/\/entrenotasyacordes.com\/index.php?rest_route=\/wp\/v2\/posts\/8319","targetHints":{"allow":["GET"]}}],"collection":[{"href":"https:\/\/entrenotasyacordes.com\/index.php?rest_route=\/wp\/v2\/posts"}],"about":[{"href":"https:\/\/entrenotasyacordes.com\/index.php?rest_route=\/wp\/v2\/types\/post"}],"author":[{"embeddable":true,"href":"https:\/\/entrenotasyacordes.com\/index.php?rest_route=\/wp\/v2\/users\/5"}],"replies":[{"embeddable":true,"href":"https:\/\/entrenotasyacordes.com\/index.php?rest_route=%2Fwp%2Fv2%2Fcomments&post=8319"}],"version-history":[{"count":1,"href":"https:\/\/entrenotasyacordes.com\/index.php?rest_route=\/wp\/v2\/posts\/8319\/revisions"}],"predecessor-version":[{"id":8322,"href":"https:\/\/entrenotasyacordes.com\/index.php?rest_route=\/wp\/v2\/posts\/8319\/revisions\/8322"}],"wp:featuredmedia":[{"embeddable":true,"href":"https:\/\/entrenotasyacordes.com\/index.php?rest_route=\/wp\/v2\/media\/8320"}],"wp:attachment":[{"href":"https:\/\/entrenotasyacordes.com\/index.php?rest_route=%2Fwp%2Fv2%2Fmedia&parent=8319"}],"wp:term":[{"taxonomy":"category","embeddable":true,"href":"https:\/\/entrenotasyacordes.com\/index.php?rest_route=%2Fwp%2Fv2%2Fcategories&post=8319"},{"taxonomy":"post_tag","embeddable":true,"href":"https:\/\/entrenotasyacordes.com\/index.php?rest_route=%2Fwp%2Fv2%2Ftags&post=8319"}],"curies":[{"name":"wp","href":"https:\/\/api.w.org\/{rel}","templated":true}]}}