{"id":8323,"date":"2024-06-06T23:26:34","date_gmt":"2024-06-06T23:26:34","guid":{"rendered":"https:\/\/entrenotasyacordes.com\/?p=8323"},"modified":"2024-06-06T23:26:36","modified_gmt":"2024-06-06T23:26:36","slug":"las-pastillas-del-abuelo-unico-show-20-de-septiembre-en-movistar-arena","status":"publish","type":"post","link":"https:\/\/entrenotasyacordes.com\/?p=8323","title":{"rendered":"LAS PASTILLAS DEL ABUELO &#8211; \u00daNICO SHOW 20 DE SEPTIEMBRE EN MOVISTAR ARENA"},"content":{"rendered":"\n<p><strong>LA BANDA DE ROCK M\u00c1S EXITOSA DE ARGENTINA<\/strong> <strong>LAS PASTILLAS DEL ABUELO<\/strong> <strong>CONTIN\u00daA SU A\u00d1O A LO GRANDE<\/strong> <strong>EN EL MOVISTAR ARENA<\/strong><\/p>\n\n\n\n<!--more-->\n\n\n<div class=\"wp-block-image\">\n<figure class=\"aligncenter size-large\"><img loading=\"lazy\" decoding=\"async\" width=\"819\" height=\"1024\" src=\"https:\/\/entrenotasyacordes.com\/wp-content\/uploads\/2024\/06\/1m-819x1024.jpg\" alt=\"\" class=\"wp-image-8324\" srcset=\"https:\/\/entrenotasyacordes.com\/wp-content\/uploads\/2024\/06\/1m-819x1024.jpg 819w, https:\/\/entrenotasyacordes.com\/wp-content\/uploads\/2024\/06\/1m-240x300.jpg 240w, https:\/\/entrenotasyacordes.com\/wp-content\/uploads\/2024\/06\/1m-768x960.jpg 768w, https:\/\/entrenotasyacordes.com\/wp-content\/uploads\/2024\/06\/1m-1024x1280.jpg 1024w, https:\/\/entrenotasyacordes.com\/wp-content\/uploads\/2024\/06\/1m.jpg 1080w\" sizes=\"auto, (max-width: 819px) 100vw, 819px\" \/><\/figure>\n<\/div>\n\n\n<p class=\"has-text-align-center\">20 DE SEPTIEMBRE 2024<br>\u00daNICO SHOW<\/p>\n\n\n\n<p>TRAS UN COMIENZO DE A\u00d1O ESPECTACULAR, HACIENDO SOLD OUT EN EL ESTADIO FERRO EN EL SHOW M\u00c1S CONVOCANTE DE SU HISTORIA, SU GIRA POR LATINOAM\u00c9RICA Y ESPA\u00d1A CON ENTRADAS TOTALMENTE AGOTADAS, SE PRESENTAN EN EL MOVISTAR ARENA ESTABLECI\u00c9NDOSE COMO UNA DE LAS BANDAS M\u00c1S IMPORTANTES DEL PA\u00cdS.<\/p>\n\n\n\n<p>Con su Esp\u00edritu y Convicciones de siempre siguen recorriendo este camino sin parar de Crecer y de Crear siempre acompa\u00f1ados por su fiel p\u00fablico.<\/p>\n\n\n<div class=\"wp-block-image\">\n<figure class=\"aligncenter size-full\"><img loading=\"lazy\" decoding=\"async\" width=\"2560\" height=\"1707\" src=\"https:\/\/entrenotasyacordes.com\/wp-content\/uploads\/2024\/06\/1mm-scaled.jpg\" alt=\"\" class=\"wp-image-8325\" srcset=\"https:\/\/entrenotasyacordes.com\/wp-content\/uploads\/2024\/06\/1mm-scaled.jpg 2560w, https:\/\/entrenotasyacordes.com\/wp-content\/uploads\/2024\/06\/1mm-300x200.jpg 300w, https:\/\/entrenotasyacordes.com\/wp-content\/uploads\/2024\/06\/1mm-1024x683.jpg 1024w, https:\/\/entrenotasyacordes.com\/wp-content\/uploads\/2024\/06\/1mm-768x512.jpg 768w, https:\/\/entrenotasyacordes.com\/wp-content\/uploads\/2024\/06\/1mm-1536x1024.jpg 1536w, https:\/\/entrenotasyacordes.com\/wp-content\/uploads\/2024\/06\/1mm-2048x1365.jpg 2048w\" sizes=\"auto, (max-width: 2560px) 100vw, 2560px\" \/><\/figure>\n<\/div>\n\n\n<p class=\"has-text-align-center\"><strong>LAS PASTILLAS DEL ABUELO<br>20 SEPTIEMBRE \u2013 MOVISTAR ARENA \u2013 BS AS<br>ENTRADAS YA A LA VENTA EN<\/strong><br><a href=\"https:\/\/www.movistararena.com.ar\/show\/d7d28deb-3594-428f-8a04-3df3ea21cbc8\">https:\/\/www.movistararena.com.ar\/show\/d7d28deb-3594-428f-8a04-3df3ea21cbc8<\/a><br><strong>\u00daNICO SHOW<\/strong> <strong>CAPACIDAD LIMITADA<br>\u00a1NO TE QUEDES AFUERA!<\/strong><\/p>\n\n\n\n<p>TRAS SU \u00daLTIMO LANZAMIENTO \u201cLOCO POR VOLVERLA A VER\u201d FEAT KE PERSONAJES QUE SE CONSAGR\u00d3 EN EL TOP 3 DE LOS VIDEOS M\u00c1S VISTOS EN YOUTUBE POR 3 SEMANAS CONSECUTIVAS Y \u00c9XITO DE REPRODUCCIONES EN TIENDAS DIGITALES.<\/p>\n\n\n\n<p>NOMINADOS A LOS PREMIOS GARDEL COMO \u201cMEJOR \u00c1LBUM GRUPO DE ROCK\u201d CON \u00bfQUI\u00c9N SABE? SU \u00daLTIMO \u00c1LBUM CON LA PARTICIPACI\u00d3N DE GRANDES INVITADOS COMO CIRO Y LOS PERSAS, ABEL PINTOS, RUBEN RADA, GERMAN DAFFUNCHIO Y KUTXI ROMERO DE LA BANDA ESPA\u00d1OLA MAREA.<\/p>\n\n\n\n<p>En el a\u00f1o 2002 comienzan su carrera con la grabaci\u00f3n de un demo, \u201cEl Sensei\u201d, canci\u00f3n que se hizo muy popular y qued\u00f3 como un mito en la carrera de la banda, ya que nunca se edit\u00f3 en ninguno de sus discos.<\/p>\n\n\n\n<p>Mucha magia envuelven los comienzos de Las Pastillas del Abuelo, desde que ganaron El Bombardeo del Demo, programa muy importante de las radios de Argentina y desde que dejaron gente afuera en su primer show en vivo en la Colorada , que sin tener disco \u00a0el p\u00fablico ya coreaban todas sus canciones y los conoc\u00edan por sus famosas y cl\u00e1sicas pintadas callejeras.<\/p>\n\n\n\n<p>Las Pastillas del Abuelo han tocado en numerosos Festivales durante estos 20 a\u00f1os: PEPSI MUSIC \u2013 GESELL ROCK \u2013 BARADERO ROCK \u2013 COSQU\u00cdN ROCK \u2013 OLAVARR\u00cdA ROCK \u2013 PILSEN ROCK \u2013 BA ROCK \u2013 TARAGUI ROCK \u2013 COSQU\u00cdN ROCK<\/p>\n\n\n\n<p>Y han agotado los principales venues de toda la Argentina TEATRO COLEGIALES \u2013 TEATRO FLORES \u2013 TEATRO VORTERIX \u2013 LA TRASTIENDA \u2013 ESTADIO FERRO \u2013 ESTADIO ATENAS LA PLATA \u2013 ESTADIO MALVINAS ARGENTINAS \u2013 PARQUE ROCA \u2013 LUNA PARK \u2013 MOVISTAR ARENA \u2013 ESTADIO OBRAS \u2013 PLAZA DE LA M\u00daSICA \u2013 HIP\u00d3DROMO DE ROSARIO \u2013 TECNOPOLIS \u2013 DIREC TV ARENA \u2013 HIP\u00d3DROMO DE PALERMO \u2013 MOVISTAR ARENA<\/p>\n\n\n\n<p>Han recorrido con mucho \u00e9xito toda la Argentina, Latinoam\u00e9rica y Europa, llegando a actuar hasta en La Habana, capital de Cuba.<\/p>\n\n\n\n<p><strong>+ MIEMBROS<\/strong><br>Piti Fernandez \u2013 Voz<br>Alejandro Mondelo \u2013 Teclado<br>Santiago Bogisich \u2013 Bajo<br>Bochi Bozzalla \u2013 Guitarra<br>Fernando Vecchio &#8211; Guitarra<br>Juan Comas \u2013 Bater\u00eda<br>Joel Barbeito \u2013 Saxo<\/p>\n\n\n\n<p><strong>+ DISCOGRAF\u00cdA<br><\/strong>Por Colectora &#8211; 2005<br>Las Pastillas del Abuelo &#8211; 2006<br>Crisis &#8211; 2008<br>Versiones &#8211; 2010<br>Desaf\u00edos &#8211; 2011<br>El Barrio en sus Pu\u00f1os &#8211; 2014<br>Paradojas &#8211; 2015<br>Vivo de Pastillas &#8211; 2017<br>2020 &#8211; 2020<br>\u00bfQui\u00e9n sabe? 2023<\/p>\n","protected":false},"excerpt":{"rendered":"<p>LA BANDA DE ROCK M\u00c1S EXITOSA DE ARGENTINA LAS PASTILLAS DEL ABUELO CONTIN\u00daA SU A\u00d1O<\/p>\n","protected":false},"author":5,"featured_media":8324,"comment_status":"open","ping_status":"open","sticky":false,"template":"","format":"standard","meta":{"om_disable_all_campaigns":false,"_uf_show_specific_survey":0,"_uf_disable_surveys":false,"footnotes":""},"categories":[36,4],"tags":[],"class_list":["post-8323","post","type-post","status-publish","format-standard","has-post-thumbnail","hentry","category-conciertos","category-musica"],"_links":{"self":[{"href":"https:\/\/entrenotasyacordes.com\/index.php?rest_route=\/wp\/v2\/posts\/8323","targetHints":{"allow":["GET"]}}],"collection":[{"href":"https:\/\/entrenotasyacordes.com\/index.php?rest_route=\/wp\/v2\/posts"}],"about":[{"href":"https:\/\/entrenotasyacordes.com\/index.php?rest_route=\/wp\/v2\/types\/post"}],"author":[{"embeddable":true,"href":"https:\/\/entrenotasyacordes.com\/index.php?rest_route=\/wp\/v2\/users\/5"}],"replies":[{"embeddable":true,"href":"https:\/\/entrenotasyacordes.com\/index.php?rest_route=%2Fwp%2Fv2%2Fcomments&post=8323"}],"version-history":[{"count":1,"href":"https:\/\/entrenotasyacordes.com\/index.php?rest_route=\/wp\/v2\/posts\/8323\/revisions"}],"predecessor-version":[{"id":8326,"href":"https:\/\/entrenotasyacordes.com\/index.php?rest_route=\/wp\/v2\/posts\/8323\/revisions\/8326"}],"wp:featuredmedia":[{"embeddable":true,"href":"https:\/\/entrenotasyacordes.com\/index.php?rest_route=\/wp\/v2\/media\/8324"}],"wp:attachment":[{"href":"https:\/\/entrenotasyacordes.com\/index.php?rest_route=%2Fwp%2Fv2%2Fmedia&parent=8323"}],"wp:term":[{"taxonomy":"category","embeddable":true,"href":"https:\/\/entrenotasyacordes.com\/index.php?rest_route=%2Fwp%2Fv2%2Fcategories&post=8323"},{"taxonomy":"post_tag","embeddable":true,"href":"https:\/\/entrenotasyacordes.com\/index.php?rest_route=%2Fwp%2Fv2%2Ftags&post=8323"}],"curies":[{"name":"wp","href":"https:\/\/api.w.org\/{rel}","templated":true}]}}