{"id":8327,"date":"2024-06-07T13:24:03","date_gmt":"2024-06-07T13:24:03","guid":{"rendered":"https:\/\/entrenotasyacordes.com\/?p=8327"},"modified":"2024-06-07T13:24:05","modified_gmt":"2024-06-07T13:24:05","slug":"ete-y-los-problems-presentan-plata-su-nuevo-album-y-anuncian-fecha-en-niceto-club-para-el-11-de-octubre","status":"publish","type":"post","link":"https:\/\/entrenotasyacordes.com\/?p=8327","title":{"rendered":"ET\u00c9 y Los Problems presentan \u00abPlata\u00bb, su nuevo \u00e1lbum, y anuncian fecha en Niceto Club para el 11 de Octubre"},"content":{"rendered":"\n<p><strong>\u201cET\u00c9 Y LOS PROBLEMS\u201d<\/strong> PRESENTAN\u00a0<strong>\u201cPLATA\u201d<\/strong>\u00a0SU QUINTO DISCO. DISPONIBLE EL 7 DE JUNIO EN TODAS LAS PLATAFORMAS DIGITALES.<\/p>\n\n\n\n<!--more-->\n\n\n<div class=\"wp-block-image\">\n<figure class=\"aligncenter size-full\"><img loading=\"lazy\" decoding=\"async\" width=\"697\" height=\"697\" src=\"https:\/\/entrenotasyacordes.com\/wp-content\/uploads\/2024\/06\/1a-1.jpeg\" alt=\"\" class=\"wp-image-8328\" srcset=\"https:\/\/entrenotasyacordes.com\/wp-content\/uploads\/2024\/06\/1a-1.jpeg 697w, https:\/\/entrenotasyacordes.com\/wp-content\/uploads\/2024\/06\/1a-1-300x300.jpeg 300w, https:\/\/entrenotasyacordes.com\/wp-content\/uploads\/2024\/06\/1a-1-150x150.jpeg 150w, https:\/\/entrenotasyacordes.com\/wp-content\/uploads\/2024\/06\/1a-1-50x50.jpeg 50w\" sizes=\"auto, (max-width: 697px) 100vw, 697px\" \/><\/figure>\n<\/div>\n\n\n<p class=\"has-text-align-left\">Luego del gran recibimiento que tuvieron sus anteriores discos, m\u00e1s la presentaci\u00f3n en el emblem\u00e1tico Cosqu\u00edn Rock Uruguay donde compartieron line up con grandes artistas, sumado a su exitosa gira por Europa donde pasaron por Alemania y Espa\u00f1a, se preparan para el desembarco de su quinto disco en las plataformas digitales a partir de este viernes 7 de junio.<\/p>\n\n\n\n<p><strong>\u201cPlata\u00bb<\/strong>, grabado en Buenos Aires (Argentina) y Playa Hermosa (Uruguay), producido por Ale Vazquez y Sebasti\u00e1n Teysera, es un \u00e1lbum que cuenta con 11 canciones, cada una de ellas con su impronta \u00fanica pero con algo en com\u00fan: reminiscencias del mar.<\/p>\n\n\n\n<p>Estrenados en enero, marzo y abril \u201cArariyo\u201d, \u201cLas Palomas\u201d e \u201cHijos del mar\u201d(junto a Sebasti\u00e1n Teysera vocalista de La Vela Puerca y productor del disco) son los primeros singles que dejaron entrever su flamante \u00e1lbum. Este 7 de junio conocemos la obra completa.<\/p>\n\n\n\n<figure class=\"wp-block-embed is-type-video is-provider-youtube wp-block-embed-youtube wp-embed-aspect-16-9 wp-has-aspect-ratio\"><div class=\"wp-block-embed__wrapper\">\n<div class=\"epyt-video-wrapper\"><iframe loading=\"lazy\"  id=\"_ytid_19938\"  width=\"640\" height=\"360\"  data-origwidth=\"640\" data-origheight=\"360\" src=\"https:\/\/www.youtube.com\/embed\/QcTpV8OoHkw?enablejsapi=1&#038;autoplay=0&#038;cc_load_policy=0&#038;cc_lang_pref=&#038;iv_load_policy=1&#038;loop=0&#038;rel=1&#038;fs=1&#038;playsinline=0&#038;autohide=2&#038;theme=dark&#038;color=white&#038;controls=1&#038;\" class=\"__youtube_prefs__  epyt-is-override  no-lazyload\" data-vol=\"50\"  title=\"YouTube player\"  allow=\"fullscreen; accelerometer; autoplay; clipboard-write; encrypted-media; gyroscope; picture-in-picture; web-share\" referrerpolicy=\"strict-origin-when-cross-origin\" allowfullscreen data-no-lazy=\"1\" data-skipgform_ajax_framebjll=\"\"><\/iframe><\/div>\n<\/div><\/figure>\n\n\n\n<p>Un \u00e1lbum sobre el mar.&nbsp;Once canciones para mantenerse a flote, once traves\u00edas en la tormenta, un disco para escuchar entero llevado por la corriente.<\/p>\n\n\n\n<p>La profundidad del sonido, la variedad de instrumentaci\u00f3n, la riqueza de estilos, el peso de las canciones y un esp\u00edritu aventurero y brillante que lo salpica todo, hacen de&nbsp;PLATA&nbsp;una obra definitiva.<\/p>\n\n\n\n<p>Olas, tempestades, naufragios y playas al atardecer. Marineros que rezan plegarias de amor, el Diablo, la Virgen, la voz de una ni\u00f1a, el canto de la tripulaci\u00f3n.<\/p>\n\n\n\n<p>El tesoro que encontramos en el viaje.<\/p>\n\n\n\n<p>Con cada disco\u00a0<strong>\u00abEt\u00e9 y Los Problems\u00bb<\/strong>\u00a0consolidan a paso firme su reconocimiento en las grandes ligas del rock rioplatense, navegando rumbo hacia un futuro a\u00fan m\u00e1s prometedor.<\/p>\n\n\n\n<p><strong>Presentaci\u00f3n Oficial del disco:&nbsp;<\/strong><\/p>\n\n\n\n<p>17 de agosto en\u00a0<strong>La Trastienda Montevideo<\/strong><br>Daniel Fern\u00e1ndez Crespo 1763, Montevideo, Uruguay<\/p>\n\n\n\n<p>11 de octubre en\u00a0<strong>Niceto Club Buenos Aires<\/strong><br>Niceto Vega 5510, Palermo, CABA, Argentina.<br>Entradas por:\u00a0<a href=\"https:\/\/gabyjurado.tr.pemsv11.net\/c\/eyJhIjoiZ2FieWp1cmFkbyIsIm0iOiJtYWlsX2NseDRsd2NqMngycnUwNzk3aTQ2aHZ3MXkiLCJsIjoibGlua19kZGNiZDQxZWQ4YzY1MjgzZDc4MDk3ZDZiYjg5OTI1Yzk2MDRjOTQxIiwiaSI6W10sInUiOiJodHRwczovL3d3dy5wYXNzbGluZS5jb20vaG9tZSIsImMiOiIiLCJoIjoiMDRiOGIxIn0\">\u00a0https:\/\/www.passline.com\/home<\/a><\/p>\n\n\n<div class=\"wp-block-image\">\n<figure class=\"aligncenter size-full\"><img loading=\"lazy\" decoding=\"async\" width=\"697\" height=\"548\" src=\"https:\/\/entrenotasyacordes.com\/wp-content\/uploads\/2024\/06\/1aa-1.jpg\" alt=\"\" class=\"wp-image-8329\" srcset=\"https:\/\/entrenotasyacordes.com\/wp-content\/uploads\/2024\/06\/1aa-1.jpg 697w, https:\/\/entrenotasyacordes.com\/wp-content\/uploads\/2024\/06\/1aa-1-300x236.jpg 300w\" sizes=\"auto, (max-width: 697px) 100vw, 697px\" \/><\/figure>\n<\/div>\n\n\n<p><strong>~&nbsp;SOBRE ET\u00c9 Y LOS PROBLEMS&nbsp;~<\/strong><\/p>\n\n\n\n<p>Et\u00e9 &amp; Los Problems&nbsp;naci\u00f3 en Montevideo, Uruguay, en el a\u00f1o 2005, cuando&nbsp;Ernesto Tab\u00e1rez&nbsp;reuni\u00f3 una banda rockera detr\u00e1s de canciones que nac\u00edan de su guitarra ac\u00fastica. Con esa formaci\u00f3n comienzan a tocar, mezclando la \u201ccanci\u00f3n de autor\u201d tradicional del R\u00edo de la Plata con un sonido violento de guitarras de garage.<\/p>\n\n\n\n<p>En 2007&nbsp;graban&nbsp;\u201cMalditos Banquetes\u201d&nbsp;para el hist\u00f3rico sello uruguayo Sondor. El disco fue muy bien recibido por la prensa especializada lo que les vali\u00f3 el&nbsp;Premio Iris&nbsp;y el&nbsp;Premio Grafitti a Mejor Artista Nuevo.<\/p>\n\n\n\n<p>En 2011, luego de recorrer la escena under montevideana, graban su segundo trabajo discogr\u00e1fico&nbsp;Vil&nbsp;para&nbsp;Bizarro Records. Con&nbsp;Vil&nbsp;comienzan a tocar para m\u00e1s p\u00fablico y participan de eventos importantes, abriendo los show de&nbsp;La Vela Puerca&nbsp;en el Teatro de Verano de Montevideo y en el estadio G.E.B.A. de Buenos Aires, y como broche de oro a las presentaciones de esta etapa, son elegido para acompa\u00f1ar a&nbsp;Daniel Johnston, m\u00fasico de culto norteamericano, en un show inolvidable en Montevideo.<\/p>\n\n\n\n<p>Para 2014\u00a0y con la banda consolidada, emprenden la grabaci\u00f3n de\u00a0El \u00c9xodo\u00a0para Bizarro Records.\u00a0El \u00c9xodo,\u00a0elegido por el diario\u00a0El Pa\u00eds como el Disco Uruguayo de la D\u00e9cada,\u00a0marca un despegue en la carrera de la banda llev\u00e1ndolos a la primera plana de la prensa local.\u00a0Jordan\u00a0el corte de difusi\u00f3n se volvi\u00f3 un \u00e9xito inmediato y fue elegida\u00a0Canci\u00f3n del A\u00f1o en los Premios Grafitti. Con la salida de\u00a0El \u00c9xodo\u00a0la banda comienza a tocar activamente en la argentina llegando a acompa\u00f1ar a\u00a0La Vela Puerca\u00a0en el m\u00edtico Luna Park. El \u00e9xito del disco los lleva a realizar su primera gira europea\u00a0\u201cEl \u00c9xodo Tour\u201d\u00a0con una veintena de fechas en Alemania y Espa\u00f1a.<\/p>\n\n\n\n<p>En 2018&nbsp;editan&nbsp;Hambre&nbsp;para&nbsp;Little Butterfly Records&nbsp;su esperado cuarto trabajo discogr\u00e1fico. El disco fue recibido con much\u00edsimo entusiasmo por la prensa, siendo considerado casi por unanimidad&nbsp;el disco del a\u00f1o. Fue presentado en Uruguay y Argentina a sala llena y puso a&nbsp;Et\u00e9 y Los Problems&nbsp;en lo m\u00e1s alto de la nueva m\u00fasica uruguaya.<\/p>\n\n\n\n<p>En el 2020&nbsp;y con una manada renovada, editan&nbsp;Mudar&nbsp;un EP junto a un audiovisual presentando la nueva propuesta sonora de la banda. El EP es ganador a&nbsp;\u00abMejor EP 2021\u00bb en Los Premios Graffiti&nbsp;a la m\u00fasica uruguaya.<\/p>\n\n\n\n<p>La&nbsp;banda estren\u00f3 hoy&nbsp;PLATA&nbsp;su&nbsp;quinto \u00e1lbum de estudio.<\/p>\n\n\n<div class=\"wp-block-image\">\n<figure class=\"aligncenter size-full\"><img loading=\"lazy\" decoding=\"async\" width=\"660\" height=\"441\" src=\"https:\/\/entrenotasyacordes.com\/wp-content\/uploads\/2024\/06\/1aaa-1.jpg\" alt=\"\" class=\"wp-image-8330\" srcset=\"https:\/\/entrenotasyacordes.com\/wp-content\/uploads\/2024\/06\/1aaa-1.jpg 660w, https:\/\/entrenotasyacordes.com\/wp-content\/uploads\/2024\/06\/1aaa-1-300x200.jpg 300w\" sizes=\"auto, (max-width: 660px) 100vw, 660px\" \/><\/figure>\n<\/div>","protected":false},"excerpt":{"rendered":"<p>\u201cET\u00c9 Y LOS PROBLEMS\u201d PRESENTAN\u00a0\u201cPLATA\u201d\u00a0SU QUINTO DISCO. DISPONIBLE EL 7 DE JUNIO EN TODAS LAS<\/p>\n","protected":false},"author":5,"featured_media":8330,"comment_status":"open","ping_status":"open","sticky":false,"template":"","format":"standard","meta":{"om_disable_all_campaigns":false,"_uf_show_specific_survey":0,"_uf_disable_surveys":false,"footnotes":""},"categories":[36,4],"tags":[],"class_list":["post-8327","post","type-post","status-publish","format-standard","has-post-thumbnail","hentry","category-conciertos","category-musica"],"_links":{"self":[{"href":"https:\/\/entrenotasyacordes.com\/index.php?rest_route=\/wp\/v2\/posts\/8327","targetHints":{"allow":["GET"]}}],"collection":[{"href":"https:\/\/entrenotasyacordes.com\/index.php?rest_route=\/wp\/v2\/posts"}],"about":[{"href":"https:\/\/entrenotasyacordes.com\/index.php?rest_route=\/wp\/v2\/types\/post"}],"author":[{"embeddable":true,"href":"https:\/\/entrenotasyacordes.com\/index.php?rest_route=\/wp\/v2\/users\/5"}],"replies":[{"embeddable":true,"href":"https:\/\/entrenotasyacordes.com\/index.php?rest_route=%2Fwp%2Fv2%2Fcomments&post=8327"}],"version-history":[{"count":1,"href":"https:\/\/entrenotasyacordes.com\/index.php?rest_route=\/wp\/v2\/posts\/8327\/revisions"}],"predecessor-version":[{"id":8331,"href":"https:\/\/entrenotasyacordes.com\/index.php?rest_route=\/wp\/v2\/posts\/8327\/revisions\/8331"}],"wp:featuredmedia":[{"embeddable":true,"href":"https:\/\/entrenotasyacordes.com\/index.php?rest_route=\/wp\/v2\/media\/8330"}],"wp:attachment":[{"href":"https:\/\/entrenotasyacordes.com\/index.php?rest_route=%2Fwp%2Fv2%2Fmedia&parent=8327"}],"wp:term":[{"taxonomy":"category","embeddable":true,"href":"https:\/\/entrenotasyacordes.com\/index.php?rest_route=%2Fwp%2Fv2%2Fcategories&post=8327"},{"taxonomy":"post_tag","embeddable":true,"href":"https:\/\/entrenotasyacordes.com\/index.php?rest_route=%2Fwp%2Fv2%2Ftags&post=8327"}],"curies":[{"name":"wp","href":"https:\/\/api.w.org\/{rel}","templated":true}]}}