{"id":8332,"date":"2024-06-07T13:46:19","date_gmt":"2024-06-07T13:46:19","guid":{"rendered":"https:\/\/entrenotasyacordes.com\/?p=8332"},"modified":"2024-06-07T13:46:20","modified_gmt":"2024-06-07T13:46:20","slug":"enrique-ramil-logra-sold-out-para-su-fecha-del-20-de-julio-y-agrega-nueva-fecha","status":"publish","type":"post","link":"https:\/\/entrenotasyacordes.com\/?p=8332","title":{"rendered":"ENRIQUE RAMIL: LOGRA SOLD OUT\u00a0 PARA SU FECHA DEL 20 DE JULIO Y AGREGA NUEVA FECHA\u00a0"},"content":{"rendered":"\n<p><strong>EL ARTISTA \u00a0ESPA\u00d1OL QUE CONQUISTA SUDAM\u00c9RICA Y LE CANTAR\u00c1 \u00a0AL P\u00daBLICO ARGENTINO<\/strong> <strong>LOGRA SOLD OUT\u00a0 PARA SU FECHA DEL 20 DE JULIO Y AGREGA NUEVA FECHA<\/strong>: <strong>24 DE JULIO \u00a0CAF\u00c9 BERL\u00cdN-BUENOS AIRES<\/strong>!<\/p>\n\n\n\n<!--more-->\n\n\n<div class=\"wp-block-image\">\n<figure class=\"aligncenter size-full\"><img loading=\"lazy\" decoding=\"async\" width=\"1243\" height=\"1268\" src=\"https:\/\/entrenotasyacordes.com\/wp-content\/uploads\/2024\/06\/1b.jpg\" alt=\"\" class=\"wp-image-8333\" srcset=\"https:\/\/entrenotasyacordes.com\/wp-content\/uploads\/2024\/06\/1b.jpg 1243w, https:\/\/entrenotasyacordes.com\/wp-content\/uploads\/2024\/06\/1b-294x300.jpg 294w, https:\/\/entrenotasyacordes.com\/wp-content\/uploads\/2024\/06\/1b-1004x1024.jpg 1004w, https:\/\/entrenotasyacordes.com\/wp-content\/uploads\/2024\/06\/1b-768x783.jpg 768w, https:\/\/entrenotasyacordes.com\/wp-content\/uploads\/2024\/06\/1b-1024x1045.jpg 1024w, https:\/\/entrenotasyacordes.com\/wp-content\/uploads\/2024\/06\/1b-50x50.jpg 50w\" sizes=\"auto, (max-width: 1243px) 100vw, 1243px\" \/><\/figure>\n<\/div>\n\n\n<p class=\"has-text-align-left\"><strong>EL CANTANTE Y COMPOSITOR ESPA\u00d1OL ENRIQUE RAMIL CONFIRM\u00d3 SU LLEGADA AL PA\u00cdS PARA DEJAR SU INDISCUTIBLE HUELLA EN EL CORAZ\u00d3N DEL P\u00daBLICO ARGENTINO EN EL MARCO DE SU TOUR \u00cdNTIMO, CON EL QUE SE PRESENTAR\u00c1 EL 19, \u00a020 Y 24 \u00a0DE JULIO EN BUENOS AIRES, EN EL CAF\u00c9 BERL\u00cdN, Y 25 EN ROSARIO EN PLATAFORMA LAVARD\u00c9N<\/strong><\/p>\n\n\n\n<p>Quienes han podido disfrutarlo en vivo coinciden en destacar su eclecticismo, su calidad art\u00edstica y su capacidad interpretativa para lograr que los cl\u00e1sicos parezcan escritos por o para \u00e9l, sin perder el respeto a la obra original.<\/p>\n\n\n<div class=\"wp-block-image\">\n<figure class=\"aligncenter size-full is-resized\"><img loading=\"lazy\" decoding=\"async\" width=\"2560\" height=\"1726\" src=\"https:\/\/entrenotasyacordes.com\/wp-content\/uploads\/2024\/06\/1bb-1-scaled.jpg\" alt=\"\" class=\"wp-image-8334\" style=\"width:840px;height:auto\" srcset=\"https:\/\/entrenotasyacordes.com\/wp-content\/uploads\/2024\/06\/1bb-1-scaled.jpg 2560w, https:\/\/entrenotasyacordes.com\/wp-content\/uploads\/2024\/06\/1bb-1-300x202.jpg 300w, https:\/\/entrenotasyacordes.com\/wp-content\/uploads\/2024\/06\/1bb-1-1024x690.jpg 1024w, https:\/\/entrenotasyacordes.com\/wp-content\/uploads\/2024\/06\/1bb-1-768x518.jpg 768w, https:\/\/entrenotasyacordes.com\/wp-content\/uploads\/2024\/06\/1bb-1-1536x1036.jpg 1536w, https:\/\/entrenotasyacordes.com\/wp-content\/uploads\/2024\/06\/1bb-1-2048x1381.jpg 2048w\" sizes=\"auto, (max-width: 2560px) 100vw, 2560px\" \/><\/figure>\n<\/div>\n\n\n<p>Enrique empez\u00f3 a cantar con 3 a\u00f1os en el coro de la iglesia de San Jos\u00e9 de Ares, ya que su madre era quien dirig\u00eda ese coro.<\/p>\n\n\n\n<p>Con 20 a\u00f1os dej\u00f3 Ares, su pueblo natal al norte de Espa\u00f1a, para irse a Madrid, donde comenz\u00f3 su camino y su formaci\u00f3n art\u00edstica en teatro, danza y canto.<\/p>\n\n\n\n<p>Ahora, con 40, tiene en su historia una gran cantidad de talent shows, programas musicales, tours por Espa\u00f1a, M\u00e9xico, Estados Unidos y gran parte de Am\u00e9rica Latina.<\/p>\n\n\n\n<p>Sus influencias principales han sido las grandes divas a las que desde su infancia escuchaba cantar jazz, baladas internacionales, canci\u00f3n rom\u00e1ntica en Espa\u00f1ol y fados (m\u00fasica tradicional portuguesa).<\/p>\n\n\n<div class=\"wp-block-image\">\n<figure class=\"aligncenter size-full\"><img loading=\"lazy\" decoding=\"async\" width=\"1707\" height=\"2560\" src=\"https:\/\/entrenotasyacordes.com\/wp-content\/uploads\/2024\/06\/1bbb-scaled.jpg\" alt=\"\" class=\"wp-image-8335\" srcset=\"https:\/\/entrenotasyacordes.com\/wp-content\/uploads\/2024\/06\/1bbb-scaled.jpg 1707w, https:\/\/entrenotasyacordes.com\/wp-content\/uploads\/2024\/06\/1bbb-200x300.jpg 200w, https:\/\/entrenotasyacordes.com\/wp-content\/uploads\/2024\/06\/1bbb-683x1024.jpg 683w, https:\/\/entrenotasyacordes.com\/wp-content\/uploads\/2024\/06\/1bbb-768x1152.jpg 768w, https:\/\/entrenotasyacordes.com\/wp-content\/uploads\/2024\/06\/1bbb-1024x1536.jpg 1024w, https:\/\/entrenotasyacordes.com\/wp-content\/uploads\/2024\/06\/1bbb-1366x2048.jpg 1366w\" sizes=\"auto, (max-width: 1707px) 100vw, 1707px\" \/><\/figure>\n<\/div>\n\n\n<p>Ha participado en varios programas de talento, como\u00a0<strong>Operaci\u00f3n Triunfo Espa\u00f1a (2011), Factor X (2018), Tierra de Talento (donde result\u00f3 ganador el a\u00f1o 2020) y en Vi\u00f1a del Mar 2024 fue reconocido \u201cMejor int\u00e9rprete internacional\u201d.<\/strong><\/p>\n\n\n\n<p>A lo largo de su carrera ha cantado en escenarios de todos los tama\u00f1os como las calles de Londres, plat\u00f3s de televisi\u00f3n, teatros o auditorios (en Espa\u00f1a, Reino Unido, M\u00e9xico, Venezuela, Colombia, Miami, New York\u2026) y ha compartido escenario con artistas internacionales como Manoella Torres, Pancho C\u00e9spedes, Samo (Camila) o India Martinez entre otros.<\/p>\n\n\n\n<p>Su tour \u201cCon el coraz\u00f3n en la mano\u201d cont\u00f3 con 20 fechas en diferentes lugares de M\u00e9xico, logrando el sold out en la gran mayor\u00eda de lugares.<\/p>\n","protected":false},"excerpt":{"rendered":"<p>EL ARTISTA \u00a0ESPA\u00d1OL QUE CONQUISTA SUDAM\u00c9RICA Y LE CANTAR\u00c1 \u00a0AL P\u00daBLICO ARGENTINO LOGRA SOLD OUT\u00a0<\/p>\n","protected":false},"author":5,"featured_media":8333,"comment_status":"open","ping_status":"open","sticky":false,"template":"","format":"standard","meta":{"om_disable_all_campaigns":false,"_uf_show_specific_survey":0,"_uf_disable_surveys":false,"footnotes":""},"categories":[36,4],"tags":[],"class_list":["post-8332","post","type-post","status-publish","format-standard","has-post-thumbnail","hentry","category-conciertos","category-musica"],"_links":{"self":[{"href":"https:\/\/entrenotasyacordes.com\/index.php?rest_route=\/wp\/v2\/posts\/8332","targetHints":{"allow":["GET"]}}],"collection":[{"href":"https:\/\/entrenotasyacordes.com\/index.php?rest_route=\/wp\/v2\/posts"}],"about":[{"href":"https:\/\/entrenotasyacordes.com\/index.php?rest_route=\/wp\/v2\/types\/post"}],"author":[{"embeddable":true,"href":"https:\/\/entrenotasyacordes.com\/index.php?rest_route=\/wp\/v2\/users\/5"}],"replies":[{"embeddable":true,"href":"https:\/\/entrenotasyacordes.com\/index.php?rest_route=%2Fwp%2Fv2%2Fcomments&post=8332"}],"version-history":[{"count":1,"href":"https:\/\/entrenotasyacordes.com\/index.php?rest_route=\/wp\/v2\/posts\/8332\/revisions"}],"predecessor-version":[{"id":8336,"href":"https:\/\/entrenotasyacordes.com\/index.php?rest_route=\/wp\/v2\/posts\/8332\/revisions\/8336"}],"wp:featuredmedia":[{"embeddable":true,"href":"https:\/\/entrenotasyacordes.com\/index.php?rest_route=\/wp\/v2\/media\/8333"}],"wp:attachment":[{"href":"https:\/\/entrenotasyacordes.com\/index.php?rest_route=%2Fwp%2Fv2%2Fmedia&parent=8332"}],"wp:term":[{"taxonomy":"category","embeddable":true,"href":"https:\/\/entrenotasyacordes.com\/index.php?rest_route=%2Fwp%2Fv2%2Fcategories&post=8332"},{"taxonomy":"post_tag","embeddable":true,"href":"https:\/\/entrenotasyacordes.com\/index.php?rest_route=%2Fwp%2Fv2%2Ftags&post=8332"}],"curies":[{"name":"wp","href":"https:\/\/api.w.org\/{rel}","templated":true}]}}