{"id":8337,"date":"2024-06-07T13:57:06","date_gmt":"2024-06-07T13:57:06","guid":{"rendered":"https:\/\/entrenotasyacordes.com\/?p=8337"},"modified":"2024-06-10T14:19:00","modified_gmt":"2024-06-10T14:19:00","slug":"angela-leiva-tourcelebra-sus-15-anos-en-la-trastienda","status":"publish","type":"post","link":"https:\/\/entrenotasyacordes.com\/?p=8337","title":{"rendered":"ANGELA LEIVA TOUR:CELEBRA SUS 15 A\u00d1OS EN LA TRASTIENDA"},"content":{"rendered":"\n<p><strong>CELEBRA SUS 15 A\u00d1OS DE CARRERA POR TODO EL PA\u00cdS CON EL&nbsp;#ANGELA15A\u00d1OSTOUR&nbsp;Y SE PRESENTA POR PRIMERA VEZ<\/strong> <strong>EN LA TRASTIENDA CON UN SHOW \u00cdNTEGRAMENTE \u00cdNTIMO EL 2 DE AGOSTO&nbsp;<\/strong><\/p>\n\n\n\n<!--more-->\n\n\n<div class=\"wp-block-image\">\n<figure class=\"aligncenter size-full\"><img loading=\"lazy\" decoding=\"async\" width=\"1080\" height=\"1350\" src=\"https:\/\/entrenotasyacordes.com\/wp-content\/uploads\/2024\/06\/1c-1.png\" alt=\"\" class=\"wp-image-8338\" srcset=\"https:\/\/entrenotasyacordes.com\/wp-content\/uploads\/2024\/06\/1c-1.png 1080w, https:\/\/entrenotasyacordes.com\/wp-content\/uploads\/2024\/06\/1c-1-240x300.png 240w, https:\/\/entrenotasyacordes.com\/wp-content\/uploads\/2024\/06\/1c-1-819x1024.png 819w, https:\/\/entrenotasyacordes.com\/wp-content\/uploads\/2024\/06\/1c-1-768x960.png 768w, https:\/\/entrenotasyacordes.com\/wp-content\/uploads\/2024\/06\/1c-1-1024x1280.png 1024w\" sizes=\"auto, (max-width: 1080px) 100vw, 1080px\" \/><\/figure>\n<\/div>\n\n\n<p class=\"has-text-align-left\"><strong>LA REINA DE LA CUMBIA ARGENTINA EST\u00c1 CELEBRANDO &nbsp;SUS 15 A\u00d1OS DE CARRERA CON UN TOUR POR EL PA\u00cdS &nbsp;CON GRAN \u00c9XITO, EL CUAL &nbsp;LLEGA A LA TRASTIENDA EL 2 DE AGOSTO CON UN SHOW \u00cdNTEGRAMENTE INTIMO<\/strong><\/p>\n\n\n\n<p>La int\u00e9rprete de \u201dAmiga Traidora\u201d es considerada una artista por excelencia de nuestra m\u00fasica popular, alcanzado &nbsp;por estos 15 a\u00f1os de incre\u00edble carrera, que est\u00e1 festejando &nbsp;por lo alto con una gira que llega &nbsp; a varios lugares de nuestro pa\u00eds, con presentaciones exitosas y &nbsp;el material en vivo de su mega concierto en el Luna Park, &nbsp;el cual cuenta &nbsp;con un m\u00e1ximo de 12 temas, demostrando en cada paso que da, que es&nbsp; una de las voces femeninas m\u00e1s destacadas de la m\u00fasica&nbsp; en Argentina.<\/p>\n\n\n\n<p>\u00c1ngela no solo se encuentra atravesando uno de los mejores momentos de su carrera como cantante, sino que tambi\u00e9n se afianza cada vez m\u00e1s como actriz y con una mega proyecci\u00f3n internacional.<\/p>\n\n\n\n<p><strong>BIOGRAF\u00cdA<\/strong><\/p>\n\n\n\n<p>\u00c1ngela desde muy chica supo que la m\u00fasica y el canto iban a ser parte de su vida. Oriunda de la ciudad de Tandil, Bs. As., sus comienzos fueron como toda adolescente, buscando su futuro.<\/p>\n\n\n\n<p>Empez\u00f3 cantando baladas pop hasta que la m\u00fasica tropical lleg\u00f3 a su vida y de ella se enamor\u00f3. Form\u00f3 junto a sus amigos una banda llamada \u201cAngie y Los Fieles\u201d.<\/p>\n\n\n\n<p>A pesar de que estudiaba y trabajaba a la vez, con ellos conoci\u00f3 sus primeros escenarios recorriendo pe\u00f1as, cumplea\u00f1os y algunos festivales barriales.<\/p>\n\n\n\n<p>Fue as\u00ed como \u00c1ngela encontr\u00f3 su profesi\u00f3n y un d\u00eda escuchando la radio, se enter\u00f3 la convocatoria de un concurso buscando talentos.<\/p>\n\n\n\n<p>En el 2020, Lanza su nuevo disco \u201cLa Reina\u201d y comienza una gira de verano por Argentina y Bolivia. Pospone su gira por Estados Unidos por la pandemia del coronavirus. Gana el Premio Gardel al \u201cMejor Alb\u00fam Tropical\u201d por su reciente material.<\/p>\n\n\n\n<p>Recibe la propuesta de sumarse al Cantando 2020, con conducci\u00f3n de \u00c1ngel De Brito y Laurita Fern\u00e1ndez, producido por la flia contenidos. Esta, le propone grabar la cortina musical de su nuevo programa para Canal 13, \u00abMujeres\u201d. \u00c1ngela realiza su primer show streaming con gran \u00e9xito.<\/p>\n\n\n\n<p>En agosto, sucede el lanzamiento del nuevo material del reconocido grupo internacional \u201cLos \u00c1ngeles Azules\u201d, que junto a \u00c1ngela interpretan la canci\u00f3n \u201cEl list\u00f3n de tu pelo\u201d incluido en su \u00faltimo disco \u201cDe Buenos Aires al Mundo\u201d. A su vez, la canci\u00f3n logra el #1 en tendencias de YouTube.<\/p>\n\n\n\n<p>En el 2021, Es finalista del Cantando 2020 y es convocada por la AFA para cantar el himno nacional argentino, en la final de la Copa Diego Armando Maradona. Comienza una gira de verano por toda la argentina y se prepara para nuevos y novedosos proyectos.<\/p>\n\n\n\n<p>El 2022 tuvo gira por el interior del pa\u00eds con entradas agotadas y cautivo en &nbsp;shows en el exterior. Estuvo en Estados Unidos como invitada de honor de Los \u00c1ngeles Azules y el cierre del a\u00f1o con un show descomunal como nunca antes visto dentro de la movida tropical, en el Luna Park con entradas agotadas.<\/p>\n\n\n\n<p>En el 2023, estuvo como special guest de la cantante espa\u00f1ola Natalia Jim\u00e9nez en sus shows de Atlanta y Charlotte, USA. Y tambi\u00e9n como invitada de honor de Los \u00c1ngeles Azules. Una vez m\u00e1s la banda mexicana m\u00e1s exitosa, invit\u00f3 a \u00c1ngela para que participe en sus 2 shows en el Movistar Arena de Argentina despu\u00e9s de haberlos acompa\u00f1ado por toda su gira en USA y cerro el a\u00f1o con un impresionante show en el Teatro Gran Rex con entradas agotadas.<\/p>\n","protected":false},"excerpt":{"rendered":"<p>CELEBRA SUS 15 A\u00d1OS DE CARRERA POR TODO EL PA\u00cdS CON EL&nbsp;#ANGELA15A\u00d1OSTOUR&nbsp;Y SE PRESENTA POR<\/p>\n","protected":false},"author":5,"featured_media":8338,"comment_status":"open","ping_status":"open","sticky":false,"template":"","format":"standard","meta":{"om_disable_all_campaigns":false,"_uf_show_specific_survey":0,"_uf_disable_surveys":false,"footnotes":""},"categories":[36,4],"tags":[],"class_list":["post-8337","post","type-post","status-publish","format-standard","has-post-thumbnail","hentry","category-conciertos","category-musica"],"_links":{"self":[{"href":"https:\/\/entrenotasyacordes.com\/index.php?rest_route=\/wp\/v2\/posts\/8337","targetHints":{"allow":["GET"]}}],"collection":[{"href":"https:\/\/entrenotasyacordes.com\/index.php?rest_route=\/wp\/v2\/posts"}],"about":[{"href":"https:\/\/entrenotasyacordes.com\/index.php?rest_route=\/wp\/v2\/types\/post"}],"author":[{"embeddable":true,"href":"https:\/\/entrenotasyacordes.com\/index.php?rest_route=\/wp\/v2\/users\/5"}],"replies":[{"embeddable":true,"href":"https:\/\/entrenotasyacordes.com\/index.php?rest_route=%2Fwp%2Fv2%2Fcomments&post=8337"}],"version-history":[{"count":2,"href":"https:\/\/entrenotasyacordes.com\/index.php?rest_route=\/wp\/v2\/posts\/8337\/revisions"}],"predecessor-version":[{"id":8530,"href":"https:\/\/entrenotasyacordes.com\/index.php?rest_route=\/wp\/v2\/posts\/8337\/revisions\/8530"}],"wp:featuredmedia":[{"embeddable":true,"href":"https:\/\/entrenotasyacordes.com\/index.php?rest_route=\/wp\/v2\/media\/8338"}],"wp:attachment":[{"href":"https:\/\/entrenotasyacordes.com\/index.php?rest_route=%2Fwp%2Fv2%2Fmedia&parent=8337"}],"wp:term":[{"taxonomy":"category","embeddable":true,"href":"https:\/\/entrenotasyacordes.com\/index.php?rest_route=%2Fwp%2Fv2%2Fcategories&post=8337"},{"taxonomy":"post_tag","embeddable":true,"href":"https:\/\/entrenotasyacordes.com\/index.php?rest_route=%2Fwp%2Fv2%2Ftags&post=8337"}],"curies":[{"name":"wp","href":"https:\/\/api.w.org\/{rel}","templated":true}]}}