{"id":8341,"date":"2024-06-07T14:02:10","date_gmt":"2024-06-07T14:02:10","guid":{"rendered":"https:\/\/entrenotasyacordes.com\/?p=8341"},"modified":"2024-06-07T14:02:12","modified_gmt":"2024-06-07T14:02:12","slug":"rafaga-presenta-su-nueva-version-de-aguita-junto-a-robleis","status":"publish","type":"post","link":"https:\/\/entrenotasyacordes.com\/?p=8341","title":{"rendered":"R\u00c1FAGA presenta su nueva versi\u00f3n de \u201cAG\u00dcITA\u201d junto a ROBLEIS"},"content":{"rendered":"\n<!--more-->\n\n\n<div class=\"wp-block-image\">\n<figure class=\"aligncenter size-full\"><img loading=\"lazy\" decoding=\"async\" width=\"1999\" height=\"1999\" src=\"https:\/\/entrenotasyacordes.com\/wp-content\/uploads\/2024\/06\/1d.jpg\" alt=\"\" class=\"wp-image-8342\" srcset=\"https:\/\/entrenotasyacordes.com\/wp-content\/uploads\/2024\/06\/1d.jpg 1999w, https:\/\/entrenotasyacordes.com\/wp-content\/uploads\/2024\/06\/1d-300x300.jpg 300w, https:\/\/entrenotasyacordes.com\/wp-content\/uploads\/2024\/06\/1d-1024x1024.jpg 1024w, https:\/\/entrenotasyacordes.com\/wp-content\/uploads\/2024\/06\/1d-150x150.jpg 150w, https:\/\/entrenotasyacordes.com\/wp-content\/uploads\/2024\/06\/1d-768x768.jpg 768w, https:\/\/entrenotasyacordes.com\/wp-content\/uploads\/2024\/06\/1d-1536x1536.jpg 1536w, https:\/\/entrenotasyacordes.com\/wp-content\/uploads\/2024\/06\/1d-50x50.jpg 50w\" sizes=\"auto, (max-width: 1999px) 100vw, 1999px\" \/><\/figure>\n<\/div>\n\n\n<p class=\"has-text-align-center\"><strong><strong>UN CL\u00c1SICO RENOVADO<\/strong><br><strong>PARA CONQUISTAR EL VERANO EUROPEO.<\/strong><\/strong><\/p>\n\n\n\n<p>Antes de su gira por Europa, la legendaria banda de cumbia argentina\u00a0<strong>R\u00e1faga\u00a0<\/strong>se une al talentoso artista y fen\u00f3meno de las redes sociales\u00a0<strong>Robleis<\/strong>\u00a0para lanzar una nueva versi\u00f3n de su ic\u00f3nico \u00e9xito \u00ab<strong>Ag\u00fcita<\/strong>\u00ab.Este emocionante lanzamiento promete traer una refrescante fusi\u00f3n de estilos musicales que encantar\u00e1 tanto a los seguidores de siempre como a una nueva generaci\u00f3n de fans.<\/p>\n\n\n\n<p>\u00ab<strong>Ag\u00fcita<\/strong>\u00bb es una de las canciones m\u00e1s queridas de<strong>&nbsp;R\u00e1faga<\/strong>, lanzada originalmente en 2007, y ha sido un pilar en la carrera de la banda. Con su inconfundible ritmo y energ\u00eda, ha cautivado a audiencias en todo el mundo. Ahora, con la colaboraci\u00f3n de Robleis, esta versi\u00f3n reversionada a\u00f1ade un toque contempor\u00e1neo al cl\u00e1sico, combinando la esencia de la cumbia tradicional con los sonidos modernos.<\/p>\n\n\n\n<p><strong>R\u00e1faga y Robleis<\/strong>\u00a0presentaron la canci\u00f3n en vivo por primera vez en Mar del Plata en un show multitudinario y luego en el prestigioso festival Lollapalooza, donde la actuaci\u00f3n fue inolvidable que uni\u00f3 a fans de todos los g\u00e9neros y edades. Desde entonces el p\u00fablico est\u00e1 esperando la versi\u00f3n 2024 de esta canci\u00f3n que ya est\u00e1 disponible en todas las plataformas.<\/p>\n\n\n\n<p>Ariel Puchetta, l\u00edder de&nbsp;<strong>R\u00e1faga<\/strong>, expres\u00f3 su entusiasmo por esta colaboraci\u00f3n: \u00abEs un honor poder darle una nueva vida a&nbsp;<strong>&#8216;Ag\u00fcita&#8217; junto a Robleis<\/strong>. Su energ\u00eda y talento aportan un toque fresco que creemos que nuestros fans adorar\u00e1n\u00bb.<\/p>\n\n\n\n<p>Por su parte,\u00a0<strong>Robleis<\/strong>\u00a0coment\u00f3: \u00abCrec\u00ed escuchando a\u00a0<strong>R\u00e1faga<\/strong>, y tener la oportunidad de trabajar con ellos en una canci\u00f3n tan emblem\u00e1tica es un sue\u00f1o hecho realidad. No puedo esperar a que todos escuchen lo que hemos creado\u00bb.<\/p>\n\n\n\n<p><strong>Sobre R\u00e1faga<\/strong><\/p>\n\n\n\n<p>R\u00e1faga es una de las bandas de cumbia m\u00e1s ic\u00f3nicas de Argentina, con una carrera que abarca m\u00e1s de 27&nbsp; a\u00f1os. Con \u00e9xitos que han trascendido fronteras,&nbsp;<strong>R\u00e1faga<\/strong>&nbsp;ha dejado una huella imborrable en la m\u00fasica tropical y sigue siendo un referente en el g\u00e9nero.<\/p>\n\n\n\n<p><strong>Sobre Robleis<\/strong><\/p>\n\n\n\n<p><strong>Robleis<\/strong>, cuyo nombre real es Tomas Arbillaga, es un talentoso artista argentino que ha conquistado las redes sociales y el mundo de la m\u00fasica con su estilo \u00fanico. Con millones de seguidores y reproducciones,&nbsp;<strong>Robleis<\/strong>&nbsp;se ha establecido como una de las figuras emergentes m\u00e1s influyentes de la m\u00fasica urbana.<\/p>\n","protected":false},"excerpt":{"rendered":"","protected":false},"author":5,"featured_media":8342,"comment_status":"open","ping_status":"open","sticky":false,"template":"","format":"standard","meta":{"om_disable_all_campaigns":false,"_uf_show_specific_survey":0,"_uf_disable_surveys":false,"footnotes":""},"categories":[4],"tags":[],"class_list":["post-8341","post","type-post","status-publish","format-standard","has-post-thumbnail","hentry","category-musica"],"_links":{"self":[{"href":"https:\/\/entrenotasyacordes.com\/index.php?rest_route=\/wp\/v2\/posts\/8341","targetHints":{"allow":["GET"]}}],"collection":[{"href":"https:\/\/entrenotasyacordes.com\/index.php?rest_route=\/wp\/v2\/posts"}],"about":[{"href":"https:\/\/entrenotasyacordes.com\/index.php?rest_route=\/wp\/v2\/types\/post"}],"author":[{"embeddable":true,"href":"https:\/\/entrenotasyacordes.com\/index.php?rest_route=\/wp\/v2\/users\/5"}],"replies":[{"embeddable":true,"href":"https:\/\/entrenotasyacordes.com\/index.php?rest_route=%2Fwp%2Fv2%2Fcomments&post=8341"}],"version-history":[{"count":1,"href":"https:\/\/entrenotasyacordes.com\/index.php?rest_route=\/wp\/v2\/posts\/8341\/revisions"}],"predecessor-version":[{"id":8343,"href":"https:\/\/entrenotasyacordes.com\/index.php?rest_route=\/wp\/v2\/posts\/8341\/revisions\/8343"}],"wp:featuredmedia":[{"embeddable":true,"href":"https:\/\/entrenotasyacordes.com\/index.php?rest_route=\/wp\/v2\/media\/8342"}],"wp:attachment":[{"href":"https:\/\/entrenotasyacordes.com\/index.php?rest_route=%2Fwp%2Fv2%2Fmedia&parent=8341"}],"wp:term":[{"taxonomy":"category","embeddable":true,"href":"https:\/\/entrenotasyacordes.com\/index.php?rest_route=%2Fwp%2Fv2%2Fcategories&post=8341"},{"taxonomy":"post_tag","embeddable":true,"href":"https:\/\/entrenotasyacordes.com\/index.php?rest_route=%2Fwp%2Fv2%2Ftags&post=8341"}],"curies":[{"name":"wp","href":"https:\/\/api.w.org\/{rel}","templated":true}]}}