{"id":8347,"date":"2024-06-07T14:15:44","date_gmt":"2024-06-07T14:15:44","guid":{"rendered":"https:\/\/entrenotasyacordes.com\/?p=8347"},"modified":"2024-06-07T14:15:46","modified_gmt":"2024-06-07T14:15:46","slug":"dread-mar-i-presenta-su-nuevo-single-deja","status":"publish","type":"post","link":"https:\/\/entrenotasyacordes.com\/?p=8347","title":{"rendered":"DREAD MAR I presenta su nuevo single \u201cDEJA\u00bb"},"content":{"rendered":"\n<!--more-->\n\n\n<div class=\"wp-block-image\">\n<figure class=\"aligncenter size-full is-resized\"><img loading=\"lazy\" decoding=\"async\" width=\"283\" height=\"283\" src=\"https:\/\/entrenotasyacordes.com\/wp-content\/uploads\/2024\/06\/1f-1.jpg\" alt=\"\" class=\"wp-image-8348\" style=\"width:361px;height:auto\" srcset=\"https:\/\/entrenotasyacordes.com\/wp-content\/uploads\/2024\/06\/1f-1.jpg 283w, https:\/\/entrenotasyacordes.com\/wp-content\/uploads\/2024\/06\/1f-1-150x150.jpg 150w, https:\/\/entrenotasyacordes.com\/wp-content\/uploads\/2024\/06\/1f-1-50x50.jpg 50w\" sizes=\"auto, (max-width: 283px) 100vw, 283px\" \/><\/figure>\n<\/div>\n\n\n<p>El ic\u00f3nico artista argentino\u00a0<strong>Dread Mar I\u00a0<\/strong>sorprende con un innovador ritmo afro beat en su nuevo single\u00a0<strong><em>\u201cDeja\u201d<\/em><\/strong>, demostrando una vez m\u00e1s su versatilidad y el sello inconfundible de voz, incluso explorando otros g\u00e9neros cercanos al reggae.<br><br>La canci\u00f3n habla de un amor agridulce, en el que el protagonista de la historia se siente incapaz de liberarse: no puede parar de pensar en esa persona y busca encontrar la clave para olvidarla. El propio Mariano estuvo a cargo de la letra y m\u00fasica, acompa\u00f1ado por Luis Alfredo Salazar y Yasmil Marrufo, quienes adem\u00e1s produjeron el track.<br><br>El lyric video que acompa\u00f1a el lanzamiento refuerza ese mensaje, con una animaci\u00f3n llena de detalles abstractos dentro de una figura cuadrada que simboliza esa sensaci\u00f3n de asfixia.<\/p>\n\n\n\n<figure class=\"wp-block-embed is-type-video is-provider-youtube wp-block-embed-youtube wp-embed-aspect-16-9 wp-has-aspect-ratio\"><div class=\"wp-block-embed__wrapper\">\n<div class=\"epyt-video-wrapper\"><iframe loading=\"lazy\"  id=\"_ytid_98632\"  width=\"640\" height=\"360\"  data-origwidth=\"640\" data-origheight=\"360\" src=\"https:\/\/www.youtube.com\/embed\/odyfMA4kCmI?enablejsapi=1&#038;autoplay=0&#038;cc_load_policy=0&#038;cc_lang_pref=&#038;iv_load_policy=1&#038;loop=0&#038;rel=1&#038;fs=1&#038;playsinline=0&#038;autohide=2&#038;theme=dark&#038;color=white&#038;controls=1&#038;\" class=\"__youtube_prefs__  epyt-is-override  no-lazyload\" data-vol=\"50\"  title=\"YouTube player\"  allow=\"fullscreen; accelerometer; autoplay; clipboard-write; encrypted-media; gyroscope; picture-in-picture; web-share\" referrerpolicy=\"strict-origin-when-cross-origin\" allowfullscreen data-no-lazy=\"1\" data-skipgform_ajax_framebjll=\"\"><\/iframe><\/div>\n<\/div><\/figure>\n\n\n\n<p><strong><em>\u201cDeja\u201d<\/em><\/strong>&nbsp;es el primer lanzamiento en solitario de Dread Mar I este a\u00f1o, luego de haber colaborado con la banda de cumbia argentina&nbsp;<strong>Ke Personajes<\/strong>&nbsp;en el single&nbsp;<a href=\"https:\/\/click.emails.sonymusicfans.com\/?qs=32fd7b0cf24eefbaee15f202783972e7406f62774037a15ed3d8b8fd2f22d218d0963e34509d94a3bcababda806dd3bee818e93d9ec9c1c2\"><strong>\u201cTe Prefiero\u201d<\/strong><\/a>&nbsp;meses atr\u00e1s.<\/p>\n\n\n\n<p>Adem\u00e1s, el artista se encuentra realizando su<strong>\u00a0Tour 2024\u00a0<\/strong>que ya lo llev\u00f3 por varias ciudades de\u00a0\u00a0<strong>M\u00e9xico<\/strong>,\u00a0<strong>Guatemala<\/strong>,\u00a0<strong>El Salvador<\/strong>,\u00a0<strong>Panam\u00e1<\/strong>,\u00a0<strong>Venezuela<\/strong>, y recientemente,\u00a0<strong>Argentina<\/strong>, donde\u00a0<strong>agot\u00f3 su primer Movistar Arena<\/strong>\u00a0el pasado 12 de mayo.<\/p>\n\n\n<div class=\"wp-block-image\">\n<figure class=\"aligncenter size-full\"><img loading=\"lazy\" decoding=\"async\" width=\"567\" height=\"377\" src=\"https:\/\/entrenotasyacordes.com\/wp-content\/uploads\/2024\/06\/1ff.jpg\" alt=\"\" class=\"wp-image-8349\" srcset=\"https:\/\/entrenotasyacordes.com\/wp-content\/uploads\/2024\/06\/1ff.jpg 567w, https:\/\/entrenotasyacordes.com\/wp-content\/uploads\/2024\/06\/1ff-300x200.jpg 300w\" sizes=\"auto, (max-width: 567px) 100vw, 567px\" \/><\/figure>\n<\/div>\n\n\n<p>Durante el pr\u00f3ximo mes continuar\u00e1 girando, desembarcando nuevamente en el\u00a0<a href=\"https:\/\/click.emails.sonymusicfans.com\/?qs=32fd7b0cf24eefba1dac2a1da5a0d90e037b128803209148d02081aad811754389abd7afab1426bad58be95cda24bac6de17d4b6f42a5ff6\"><strong>Movistar Arena de Chile<\/strong><\/a>\u00a0el\u00a0<strong>28 de Junio<\/strong>, para cerrar con shows en\u00a0<a href=\"https:\/\/click.emails.sonymusicfans.com\/?qs=32fd7b0cf24eefba9a5b3f5ae84e6427e8874be4f4a036448ee207b4a83b941cac916a1c880c513f6059add9aaa9a5340e4047cd0fe89e99\"><strong>Per\u00fa<\/strong><\/a>\u00a0y\u00a0<a href=\"https:\/\/click.emails.sonymusicfans.com\/?qs=32fd7b0cf24eefba861ccb9e31d2d9824de718529e6b6fc53c8273e44f6954346fac50fdfdd3fb054e2c1a78bc0fefd1f5b8ea5d86d88bb0\"><strong>Colombia<\/strong><\/a>\u00a0el\u00a0<strong>5 y 6 de Julio<\/strong>\u00a0respectivamente.<\/p>\n\n\n<div class=\"wp-block-image\">\n<figure class=\"aligncenter size-full\"><img loading=\"lazy\" decoding=\"async\" width=\"489\" height=\"485\" src=\"https:\/\/entrenotasyacordes.com\/wp-content\/uploads\/2024\/06\/1fff.png\" alt=\"\" class=\"wp-image-8350\" srcset=\"https:\/\/entrenotasyacordes.com\/wp-content\/uploads\/2024\/06\/1fff.png 489w, https:\/\/entrenotasyacordes.com\/wp-content\/uploads\/2024\/06\/1fff-300x298.png 300w, https:\/\/entrenotasyacordes.com\/wp-content\/uploads\/2024\/06\/1fff-150x150.png 150w, https:\/\/entrenotasyacordes.com\/wp-content\/uploads\/2024\/06\/1fff-50x50.png 50w\" sizes=\"auto, (max-width: 489px) 100vw, 489px\" \/><\/figure>\n<\/div>\n\n\n<p><strong><u>DREAD MAR I &#8211; GIRA<\/u><\/strong><br>28 de Julio &#8211;&nbsp;<a href=\"https:\/\/click.emails.sonymusicfans.com\/?qs=32fd7b0cf24eefba1dac2a1da5a0d90e037b128803209148d02081aad811754389abd7afab1426bad58be95cda24bac6de17d4b6f42a5ff6\">Movistar Arena, Santiago de Chile<\/a>&nbsp;(Chile)<br>05 de Julio &#8211;&nbsp;<a href=\"https:\/\/click.emails.sonymusicfans.com\/?qs=32fd7b0cf24eefba9a5b3f5ae84e6427e8874be4f4a036448ee207b4a83b941cac916a1c880c513f6059add9aaa9a5340e4047cd0fe89e99\">Concha Ac\u00fastica, Lima<\/a>&nbsp;(Per\u00fa)<br>06 de Julio &#8211;&nbsp;<a href=\"https:\/\/click.emails.sonymusicfans.com\/?qs=32fd7b0cf24eefba861ccb9e31d2d9824de718529e6b6fc53c8273e44f6954346fac50fdfdd3fb054e2c1a78bc0fefd1f5b8ea5d86d88bb0\">Movistar Arena, Bogot\u00e1<\/a>&nbsp;(Colombia)<\/p>\n","protected":false},"excerpt":{"rendered":"","protected":false},"author":5,"featured_media":8348,"comment_status":"open","ping_status":"open","sticky":false,"template":"","format":"standard","meta":{"om_disable_all_campaigns":false,"_uf_show_specific_survey":0,"_uf_disable_surveys":false,"footnotes":""},"categories":[4],"tags":[],"class_list":["post-8347","post","type-post","status-publish","format-standard","has-post-thumbnail","hentry","category-musica"],"_links":{"self":[{"href":"https:\/\/entrenotasyacordes.com\/index.php?rest_route=\/wp\/v2\/posts\/8347","targetHints":{"allow":["GET"]}}],"collection":[{"href":"https:\/\/entrenotasyacordes.com\/index.php?rest_route=\/wp\/v2\/posts"}],"about":[{"href":"https:\/\/entrenotasyacordes.com\/index.php?rest_route=\/wp\/v2\/types\/post"}],"author":[{"embeddable":true,"href":"https:\/\/entrenotasyacordes.com\/index.php?rest_route=\/wp\/v2\/users\/5"}],"replies":[{"embeddable":true,"href":"https:\/\/entrenotasyacordes.com\/index.php?rest_route=%2Fwp%2Fv2%2Fcomments&post=8347"}],"version-history":[{"count":1,"href":"https:\/\/entrenotasyacordes.com\/index.php?rest_route=\/wp\/v2\/posts\/8347\/revisions"}],"predecessor-version":[{"id":8351,"href":"https:\/\/entrenotasyacordes.com\/index.php?rest_route=\/wp\/v2\/posts\/8347\/revisions\/8351"}],"wp:featuredmedia":[{"embeddable":true,"href":"https:\/\/entrenotasyacordes.com\/index.php?rest_route=\/wp\/v2\/media\/8348"}],"wp:attachment":[{"href":"https:\/\/entrenotasyacordes.com\/index.php?rest_route=%2Fwp%2Fv2%2Fmedia&parent=8347"}],"wp:term":[{"taxonomy":"category","embeddable":true,"href":"https:\/\/entrenotasyacordes.com\/index.php?rest_route=%2Fwp%2Fv2%2Fcategories&post=8347"},{"taxonomy":"post_tag","embeddable":true,"href":"https:\/\/entrenotasyacordes.com\/index.php?rest_route=%2Fwp%2Fv2%2Ftags&post=8347"}],"curies":[{"name":"wp","href":"https:\/\/api.w.org\/{rel}","templated":true}]}}