{"id":8352,"date":"2024-06-07T14:21:37","date_gmt":"2024-06-07T14:21:37","guid":{"rendered":"https:\/\/entrenotasyacordes.com\/?p=8352"},"modified":"2024-06-07T14:21:40","modified_gmt":"2024-06-07T14:21:40","slug":"maluma-y-blessd-presentan-1-of-1-el-primer-album-realizado-por-dos-artistas-urbanos-en-colombia","status":"publish","type":"post","link":"https:\/\/entrenotasyacordes.com\/?p=8352","title":{"rendered":"MALUMA Y BLESSD presentan \u00ab1 OF 1\u00bb, el primer \u00e1lbum realizado por dos artistas urbanos en Colombia"},"content":{"rendered":"\n<!--more-->\n\n\n<div class=\"wp-block-image\">\n<figure class=\"aligncenter size-full is-resized\"><img loading=\"lazy\" decoding=\"async\" width=\"353\" height=\"353\" src=\"https:\/\/entrenotasyacordes.com\/wp-content\/uploads\/2024\/06\/1g-2.jpg\" alt=\"\" class=\"wp-image-8353\" style=\"width:361px;height:auto\" srcset=\"https:\/\/entrenotasyacordes.com\/wp-content\/uploads\/2024\/06\/1g-2.jpg 353w, https:\/\/entrenotasyacordes.com\/wp-content\/uploads\/2024\/06\/1g-2-300x300.jpg 300w, https:\/\/entrenotasyacordes.com\/wp-content\/uploads\/2024\/06\/1g-2-150x150.jpg 150w, https:\/\/entrenotasyacordes.com\/wp-content\/uploads\/2024\/06\/1g-2-50x50.jpg 50w\" sizes=\"auto, (max-width: 353px) 100vw, 353px\" \/><\/figure>\n<\/div>\n\n\n<p><strong>UNA COLABORACI\u00d3N QUE REDEFINE LA M\u00daSICA DEL PA\u00cdS MARCANDO UN ANTES Y UN DESPU\u00c9S EN LA HISTORIA DEL G\u00c9NERO DE COLOMBIA PARA EL MUNDO<\/strong><\/p>\n\n\n<div class=\"wp-block-image\">\n<figure class=\"aligncenter size-full\"><img loading=\"lazy\" decoding=\"async\" width=\"414\" height=\"620\" src=\"https:\/\/entrenotasyacordes.com\/wp-content\/uploads\/2024\/06\/1gg-1.jpg\" alt=\"\" class=\"wp-image-8354\" srcset=\"https:\/\/entrenotasyacordes.com\/wp-content\/uploads\/2024\/06\/1gg-1.jpg 414w, https:\/\/entrenotasyacordes.com\/wp-content\/uploads\/2024\/06\/1gg-1-200x300.jpg 200w\" sizes=\"auto, (max-width: 414px) 100vw, 414px\" \/><\/figure>\n<\/div>\n\n\n<p>El mundo de la m\u00fasica urbana en Colombia, celebra un hito sin precedentes con el lanzamiento de \u00ab1 Of 1\u00bb (one of one), el primer \u00e1lbum realizado por dos artistas colombianos de g\u00e9nero urbano:\u00a0<strong><em>Maluma<\/em><\/strong>, un \u00edcono global con m\u00faltiples premios y reconocimientos; y\u00a0<strong><em>Blessd<\/em><\/strong>, la joven leyenda del reguet\u00f3n en ascenso con un estilo \u00fanico. Esta dupla se une para crear una obra que refleja la grandeza de cada uno como artista y su profundo compromiso con la cultura colombiana &#8211; Hecho en Medell\u00edn para todo el planeta.<\/p>\n\n\n\n<p>\u00ab1 Of 1\u00bb es m\u00e1s que un producto; es un retrato fiel de las vivencias y la cotidianidad de los barrios colombianos.\u00a0<strong>Maluma<\/strong>\u00a0y\u00a0<strong>Blessd<\/strong>\u00a0han plasmado en cada canci\u00f3n la realidad de diferentes estratos sociales, capturando la esencia de las calles y las historias de lucha y perseverancia que caracterizan a nuestra sociedad.\u00a0<em>\u201cEste trabajo impactar\u00e1 de manera muy positiva, hemos tenido sue\u00f1os desde muy muy j\u00f3venes y ver que si se pueden cumplir, es motivo de orgullo para quienes nos ven como modelos\u00bb,<\/em>\u00a0aseguran los artistas.<\/p>\n\n\n\n<p>Este lanzamiento es una invitaci\u00f3n a so\u00f1ar para todos aquellos que, como\u00a0<strong>Maluma<\/strong>\u00a0y\u00a0<strong>Blessd<\/strong>, comenzaron desde abajo y enfrentaron dificultades para alcanzar el \u00e9xito. Es un mensaje claro para los nuevos artistas: \u201cQue se mantengan motivados y no pierdan la esperanza\u201d.<\/p>\n\n\n\n<p><em>\u00abNunca antes se hab\u00eda hecho una producci\u00f3n completa a d\u00fao entre dos artistas colombianos. Si es el primero, no se puede dos veces\u00bb,<\/em>\u00a0afirm\u00f3 Maluma, subrayando la importancia hist\u00f3rica de este proyecto. Agradecido con Blessd y su equipo, Juan Luis, reconoce c\u00f3mo este \u00e1lbum lo ha motivado a reconectarse con su esencia y mostrar nuevamente qui\u00e9n es como artista, lo que lo hizo \u00abMaluma\u00bb.<\/p>\n\n\n\n<p>\u201cVuelvo lanzar algo con Maluma y es algo superchimba, poder hacer un \u00e1lbum en conjunto, es la primera vez que dos colombianos representantes del g\u00e9nero urbano se juntan para hacer algo tan grande como este disco y m\u00e1s tenerlo en el barrio el lugar donde todo comenz\u00f3 y donde podemos expresar muchas cosas que Juancho y yo compartimos. Dentro de esto se sum\u00f3 gente tan dura como Ronaldinho, el joyero #1 del mundo Jacob &amp; Co. Esto es algo muy incre\u00edble y sobre todo para m\u00ed que soy una nueva estrella que estar con estas superestrellas es un sue\u00f1o \u2026 Si Sabe\u201d \u2026 Menciona Blessd.<\/p>\n\n\n\n<p>Con la presentaci\u00f3n de este trabajo, sale el video de CALL ME, grabado en el barrio Antioquia, en Medell\u00edn, ciudad natal de los artistas. En las im\u00e1genes, Maluma y Blessd, como amigos, relatan sus andanzas en la cotidianidad de la vecindad.&nbsp;<\/p>\n\n\n\n<p>Adem\u00e1s, \u00ab1 Of 1\u00bb rinde homenaje a las generaciones anteriores de artistas colombianos, cuyo legado y trabajo han inspirado a Maluma y Blessd a llegar donde est\u00e1n hoy. Este disco es la continuaci\u00f3n del legado al esfuerzo y a la dedicaci\u00f3n y a aquellos que labraron el camino en la industria musical.<\/p>\n\n\n\n<p>Este disco es la muestra del respaldo y trabajo en equipo de las empresas que est\u00e1n detr\u00e1s de cada uno de los artistas: Royalty R\u00e9cords, Cigol Music Group, D\u00edmelo Jara Company, Sony Music Latin, Warner Music Latin qu\u00e9 unidos hacen historia con un producci\u00f3n de alto nivel.<\/p>\n\n\n\n<p><strong>E P\u00a0\u00a0\u00a0\u00a0 1 OF 1<\/strong><br><strong>M A L U M A\u00a0 \/ B L E S S D<\/strong><br><strong>Productores:<\/strong>\u00a0\u201cMadMuscik\u201d y \u201cThe RudeBoyz\u201d<\/p>\n\n\n\n<ul class=\"wp-block-list\">\n<li>\u00a0\u00a01 OF 1<\/li>\n\n\n\n<li>\u00a0CALL ME<\/li>\n\n\n\n<li>\u00a0OE BEB\u00c9<\/li>\n\n\n\n<li>\u00a0MANRIQUE<\/li>\n\n\n\n<li>\u00a0SISAS NADA FT HADES66<\/li>\n\n\n\n<li>\u00a0GOYARD \/GTA<\/li>\n<\/ul>\n\n\n\n<p>\u00ab1 Of 1\u00bb est\u00e1 disponible en todas las plataformas digitales a partir de hoy.<\/p>\n\n\n\n<p><strong><u>Acerca de Maluma:<\/u><\/strong><br>Juan Luis Londo\u00f1o Arias, mejor conocido por su nombre art\u00edstico MALUMA (compuesto por las primeras letras de los nombres de su madre, su padre y su hermana) se ha convertido en uno de los artistas de mayor impacto en la m\u00fasica urbana y el \u00eddolo de la m\u00fasica latina a nivel global.<\/p>\n\n\n\n<p>Ganador del Latin Grammy 2018 en la categor\u00eda a mejor \u00c1lbum Pop Vocal Contempor\u00e1neo (por&nbsp; FAME ). Maluma es uno de los cantantes m\u00e1s populares con fans activos en las redes sociales y el l\u00edder entre cantantes masculinos latinos con&nbsp; m\u00e1s de 64 millones de seguidores en Instagram. De hecho es el \u00fanico artista latino masculino que ha superado los 64 millones de seguidores. Esta cifra se le suma a m\u00e1s de 25 millones de fans en Facebook, 8 millones en X y m\u00e1s de 29.9 millones de suscriptores en su canal de YouTube sumando m\u00e1s de veintid\u00f3s mil novecientos catorce millones de visualizaciones.<\/p>\n\n\n\n<p>En el 2017 present\u00f3 105 conciertos en Am\u00e9rica Latina, Estados Unidos, Europa e Israel, vendiendo m\u00e1s de 1 mill\u00f3n de tickets en su MALUMA WORLD TOUR 2017 y convirti\u00e9ndose en el artista latino que vendi\u00f3 la mayor cantidad de tickets de conciertos en el 2017. El 2018 y el 2019 rompi\u00f3 r\u00e9cords con llenos totales en todos sus conciertos en Estados Unidos y Europa con su FAME World Tour y 11:11 World Tour llenando a capacidad el Madison Square Garden (Nueva York), American Airlines Arena (Miami) y dos Los Foros (Los \u00c1ngeles) entre otros. En el 2019, agot\u00f3 las entradas en el estadio m\u00e1s grande de Israel, el Yarkon Park en Tel Aviv con m\u00e1s de 60.000 espectadores; hizo historia en el 18\u00ba Festival Anual Mawazine en Rabat, Marruecos, present\u00f3 un registro de asistencia de todos los tiempos como protagonista del concierto frente a 200.000 personas; y se present\u00f3 por primera vez en Riyadh, Arabia Saudita ante 25.000 personas. En el 2021 y 2022 arras\u00f3 con sold outs en Estados Unidos, Europa, Asia y el Medio Oriente as\u00ed como en Colombia y M\u00e9xico con su Papi Juancho Maluma World Tour.<\/p>\n\n\n\n<p>En el 2022, la superestrella mundial regres\u00f3 con su Papi Juancho Maluma World Tour y debut\u00f3 en Hollywood con su papel protagonista como \u00abBastian\u00bb en la pel\u00edcula \u00abMarry Me\u00bb&nbsp; junto a Jennifer L\u00f3pez y Owen Wilson. Maluma adem\u00e1s, actu\u00f3 en su primera pel\u00edcula de animaci\u00f3n de Disney,&nbsp; \u00abEncanto\u00bb , ganadora del premio \u00d3scar 2022.<\/p>\n\n\n\n<p>Es el artista m\u00e1s joven en obtener simult\u00e1neamente las posiciones #1 y #2 en el listado \u00abLatin AirPlay\u00bb de Billboard, lo cual ha logrado tres veces. Hasta la fecha, Maluma tiene veinticinco \u00e9xitos #1 en el listado Latin AirPlay de Billboard.<\/p>\n\n\n\n<p>Desde su firma con Sony Music Latin en el 2015, Maluma ha lanzado siete \u00e1lbumes:&nbsp; Pretty Boy Dirty Boy&nbsp; (2015) ,&nbsp; FAME&nbsp; (2018),&nbsp; 11:11&nbsp; (2019),&nbsp; Papi Juancho&nbsp; (2020) llegando con el \u00e9xito Haw\u00e1i a mercados mucho m\u00e1s global.&nbsp;Continuo con: #7DJ&nbsp; (2021),&nbsp; The Love &amp; Sex Tape&nbsp; y&nbsp; The Love &amp; Sex Tape Deluxe&nbsp; (2022), Don Juan (2023).&nbsp;<\/p>\n\n\n\n<p>Su sexto \u00e1lbum de estudio Don Juan, fue nominado al Grammy anglo. Sus hit mundiales como \u201cSeg\u00fan Qui\u00e9n\u201d, se apoderaron de los chats de m\u00fasica en el mercado hispano de los Estados Unidos. El Don Juan Usa Tour recorri\u00f3 30 ciudades con una acogida arrolladora.<\/p>\n\n\n\n<p>En 2024, sorprendi\u00f3 con \u201cMionca\u201d junto a Pirlo, tema que ha superado los 1.8 millones de streams globales en plataformas digitales. Adem\u00e1s, ya tiene 2.5 millones de visitas en YouTube en una semana de lanzamiento y se encuentra en el top 50 Colombia en Spotify.<\/p>\n\n\n\n<p><strong><u>Acerca de Blessd<\/u><\/strong>:<br>Blessd, cuyo nombre real es Stiven Mesa Londo\u00f1o, es un talentoso artista del g\u00e9nero urbano colombiano. Desde su debut, Blessd ha capturado la atenci\u00f3n del planeta con su estilo \u00fanico y letras que reflejan las realidades del barrio que tan orgulloso lo hacen sentir. Con \u00e9xitos como \u00abMedallo\u00bb y \u00abSi Sabe Ferxxo\u00bb, ha logrado posicionarse contundentemente en la escena musical urbana mundial, dos #1 en en el listado Latin AirPlay de Billboard en 2022 y 2024 respectivamente son referente de su incansable trabajo.<\/p>\n\n\n\n<p>A sus 24 a\u00f1os Blessd se perfila como la joven leyenda y el futuro del g\u00e9nero urbano. A lo largo de su carrera, Blessd ha sido reconocido con varios premios, incluidos los Premios Nuestra Tierra, y ha recibido m\u00faltiples nominaciones en los Premios Juventud.<\/p>\n","protected":false},"excerpt":{"rendered":"","protected":false},"author":5,"featured_media":8354,"comment_status":"open","ping_status":"open","sticky":false,"template":"","format":"standard","meta":{"om_disable_all_campaigns":false,"_uf_show_specific_survey":0,"_uf_disable_surveys":false,"footnotes":""},"categories":[4],"tags":[],"class_list":["post-8352","post","type-post","status-publish","format-standard","has-post-thumbnail","hentry","category-musica"],"_links":{"self":[{"href":"https:\/\/entrenotasyacordes.com\/index.php?rest_route=\/wp\/v2\/posts\/8352","targetHints":{"allow":["GET"]}}],"collection":[{"href":"https:\/\/entrenotasyacordes.com\/index.php?rest_route=\/wp\/v2\/posts"}],"about":[{"href":"https:\/\/entrenotasyacordes.com\/index.php?rest_route=\/wp\/v2\/types\/post"}],"author":[{"embeddable":true,"href":"https:\/\/entrenotasyacordes.com\/index.php?rest_route=\/wp\/v2\/users\/5"}],"replies":[{"embeddable":true,"href":"https:\/\/entrenotasyacordes.com\/index.php?rest_route=%2Fwp%2Fv2%2Fcomments&post=8352"}],"version-history":[{"count":1,"href":"https:\/\/entrenotasyacordes.com\/index.php?rest_route=\/wp\/v2\/posts\/8352\/revisions"}],"predecessor-version":[{"id":8355,"href":"https:\/\/entrenotasyacordes.com\/index.php?rest_route=\/wp\/v2\/posts\/8352\/revisions\/8355"}],"wp:featuredmedia":[{"embeddable":true,"href":"https:\/\/entrenotasyacordes.com\/index.php?rest_route=\/wp\/v2\/media\/8354"}],"wp:attachment":[{"href":"https:\/\/entrenotasyacordes.com\/index.php?rest_route=%2Fwp%2Fv2%2Fmedia&parent=8352"}],"wp:term":[{"taxonomy":"category","embeddable":true,"href":"https:\/\/entrenotasyacordes.com\/index.php?rest_route=%2Fwp%2Fv2%2Fcategories&post=8352"},{"taxonomy":"post_tag","embeddable":true,"href":"https:\/\/entrenotasyacordes.com\/index.php?rest_route=%2Fwp%2Fv2%2Ftags&post=8352"}],"curies":[{"name":"wp","href":"https:\/\/api.w.org\/{rel}","templated":true}]}}