{"id":8356,"date":"2024-06-07T14:31:05","date_gmt":"2024-06-07T14:31:05","guid":{"rendered":"https:\/\/entrenotasyacordes.com\/?p=8356"},"modified":"2024-06-07T14:31:06","modified_gmt":"2024-06-07T14:31:06","slug":"tan-bionica-y-abel-pintos-juntos-obsesionario-en-la-mayor-en-vivo-en-river-plate","status":"publish","type":"post","link":"https:\/\/entrenotasyacordes.com\/?p=8356","title":{"rendered":"TAN BI\u00d3NICA Y ABEL PINTOS juntos \u201cObsesionario En La Mayor\u201d en vivo en River Plate"},"content":{"rendered":"\n<p>LA CANCI\u00d3N Y EL VIDEO FUERON GRABADOS EN LA HIST\u00d3RICA \u00daLTIMA NOCHE M\u00c1GICA EN EL ESTADIO RIVER PLATE<\/p>\n\n\n\n<!--more-->\n\n\n<div class=\"wp-block-image\">\n<figure class=\"aligncenter size-full is-resized\"><img loading=\"lazy\" decoding=\"async\" width=\"660\" height=\"660\" src=\"https:\/\/entrenotasyacordes.com\/wp-content\/uploads\/2024\/06\/1h.webp\" alt=\"\" class=\"wp-image-8357\" style=\"width:465px;height:auto\" srcset=\"https:\/\/entrenotasyacordes.com\/wp-content\/uploads\/2024\/06\/1h.webp 660w, https:\/\/entrenotasyacordes.com\/wp-content\/uploads\/2024\/06\/1h-300x300.webp 300w, https:\/\/entrenotasyacordes.com\/wp-content\/uploads\/2024\/06\/1h-150x150.webp 150w, https:\/\/entrenotasyacordes.com\/wp-content\/uploads\/2024\/06\/1h-50x50.webp 50w\" sizes=\"auto, (max-width: 660px) 100vw, 660px\" \/><\/figure>\n<\/div>\n\n\n<p><strong>Tan Bi\u00f3nica<\/strong>\u00a0y<strong>\u00a0Abel Pintos<\/strong>\u00a0presentan \u201cObsesionario en La Mayor\u201d, una versi\u00f3n en vivo del himno de la banda grabado el 8 de diciembre de 2023 en el Estadio River Plate. La canci\u00f3n es parte del \u00e1lbum en vivo que inmortalizar\u00e1 la hist\u00f3rica y emocionante noche que Chano, Bambi, Seby y Diega compartieron con m\u00e1s de 70 mil fan\u00e1ticos.<\/p>\n\n\n\n<p>Luego de un impasse de siete a\u00f1os, Tan Bi\u00f3nica regres\u00f3 a los escenarios para presentar su tour despedida \u201cLa \u00daltima Noche M\u00e1gica\u201d, y se consagr\u00f3 como el artista que m\u00e1s tickets vendi\u00f3 en Argentina en 2023 con 276.879 entradas vendidas en 5 estadios sold out.<\/p>\n\n\n\n<figure class=\"wp-block-embed is-type-video is-provider-youtube wp-block-embed-youtube wp-embed-aspect-16-9 wp-has-aspect-ratio\"><div class=\"wp-block-embed__wrapper\">\n<div class=\"epyt-video-wrapper\"><iframe loading=\"lazy\"  id=\"_ytid_62495\"  width=\"640\" height=\"360\"  data-origwidth=\"640\" data-origheight=\"360\" src=\"https:\/\/www.youtube.com\/embed\/V8hIlJt0lDY?enablejsapi=1&#038;autoplay=0&#038;cc_load_policy=0&#038;cc_lang_pref=&#038;iv_load_policy=1&#038;loop=0&#038;rel=1&#038;fs=1&#038;playsinline=0&#038;autohide=2&#038;theme=dark&#038;color=white&#038;controls=1&#038;\" class=\"__youtube_prefs__  epyt-is-override  no-lazyload\" data-vol=\"50\"  title=\"YouTube player\"  allow=\"fullscreen; accelerometer; autoplay; clipboard-write; encrypted-media; gyroscope; picture-in-picture; web-share\" referrerpolicy=\"strict-origin-when-cross-origin\" allowfullscreen data-no-lazy=\"1\" data-skipgform_ajax_framebjll=\"\"><\/iframe><\/div>\n<\/div><\/figure>\n\n\n\n<p>Sin dudas, uno de los momentos m\u00e1s emotivos del show fue la aparici\u00f3n de\u00a0<strong>Abel Pintos<\/strong>\u00a0para interpretar\u00a0<strong>\u201cObsesionario en La Mayor\u201d,<\/strong>\u00a0uno de los hits fundamentales de la discograf\u00eda de la banda. \u201cAs\u00ed como cualquier m\u00fasico sue\u00f1a con tocar en River, cualquier m\u00fasico argentino sue\u00f1a alguna vez cantar con Abel Pintos. Gracias amigo\u201d, declar\u00f3 Chano en el escenario, cumpliendo ambos sue\u00f1os en una misma noche m\u00e1gica.<\/p>\n\n\n<div class=\"wp-block-image\">\n<figure class=\"aligncenter size-full is-resized\"><img loading=\"lazy\" decoding=\"async\" width=\"660\" height=\"440\" src=\"https:\/\/entrenotasyacordes.com\/wp-content\/uploads\/2024\/06\/1hh-2.jpg\" alt=\"\" class=\"wp-image-8362\" style=\"width:482px;height:auto\" srcset=\"https:\/\/entrenotasyacordes.com\/wp-content\/uploads\/2024\/06\/1hh-2.jpg 660w, https:\/\/entrenotasyacordes.com\/wp-content\/uploads\/2024\/06\/1hh-2-300x200.jpg 300w\" sizes=\"auto, (max-width: 660px) 100vw, 660px\" \/><\/figure>\n<\/div>\n\n<div class=\"wp-block-image\">\n<figure class=\"aligncenter size-full is-resized\"><img loading=\"lazy\" decoding=\"async\" width=\"660\" height=\"440\" src=\"https:\/\/entrenotasyacordes.com\/wp-content\/uploads\/2024\/06\/1hhh-1.webp\" alt=\"\" class=\"wp-image-8363\" style=\"width:480px;height:auto\" srcset=\"https:\/\/entrenotasyacordes.com\/wp-content\/uploads\/2024\/06\/1hhh-1.webp 660w, https:\/\/entrenotasyacordes.com\/wp-content\/uploads\/2024\/06\/1hhh-1-300x200.webp 300w\" sizes=\"auto, (max-width: 660px) 100vw, 660px\" \/><\/figure>\n<\/div>\n\n\n<p><strong>Pr\u00f3ximas fechas:<\/strong><\/p>\n\n\n\n<p><strong>LA \u00daLTIMA NOCHE M\u00c1GICA TOUR<\/strong><\/p>\n\n\n\n<p>Buenos Aires:<br>1,2, 3, 4 y 18 de agosto &#8211; \u00a0Movistar Arena (Agotado)<br>17 de agosto \u2013 Movistar Arena (\u00daltimos tickets)<\/p>\n\n\n\n<p>Espa\u00f1a<br>4 de octubre &#8211; Paris 15, M\u00e1laga<br>7 de octubre &#8211; Razzmatazz 1, Barcelona<br>8 de octubre &#8211; La Riviera, Madrid<\/p>\n\n\n\n<p>Rosario<br>1 y 2 de noviembre &#8211; Metropolitano (agotado)<br>3 de noviembre &#8211; Metropolitano (\u00daltimos tickets)<\/p>\n","protected":false},"excerpt":{"rendered":"<p>LA CANCI\u00d3N Y EL VIDEO FUERON GRABADOS EN LA HIST\u00d3RICA \u00daLTIMA NOCHE M\u00c1GICA EN EL<\/p>\n","protected":false},"author":5,"featured_media":8357,"comment_status":"open","ping_status":"open","sticky":false,"template":"","format":"standard","meta":{"om_disable_all_campaigns":false,"_uf_show_specific_survey":0,"_uf_disable_surveys":false,"footnotes":""},"categories":[4],"tags":[],"class_list":["post-8356","post","type-post","status-publish","format-standard","has-post-thumbnail","hentry","category-musica"],"_links":{"self":[{"href":"https:\/\/entrenotasyacordes.com\/index.php?rest_route=\/wp\/v2\/posts\/8356","targetHints":{"allow":["GET"]}}],"collection":[{"href":"https:\/\/entrenotasyacordes.com\/index.php?rest_route=\/wp\/v2\/posts"}],"about":[{"href":"https:\/\/entrenotasyacordes.com\/index.php?rest_route=\/wp\/v2\/types\/post"}],"author":[{"embeddable":true,"href":"https:\/\/entrenotasyacordes.com\/index.php?rest_route=\/wp\/v2\/users\/5"}],"replies":[{"embeddable":true,"href":"https:\/\/entrenotasyacordes.com\/index.php?rest_route=%2Fwp%2Fv2%2Fcomments&post=8356"}],"version-history":[{"count":3,"href":"https:\/\/entrenotasyacordes.com\/index.php?rest_route=\/wp\/v2\/posts\/8356\/revisions"}],"predecessor-version":[{"id":8364,"href":"https:\/\/entrenotasyacordes.com\/index.php?rest_route=\/wp\/v2\/posts\/8356\/revisions\/8364"}],"wp:featuredmedia":[{"embeddable":true,"href":"https:\/\/entrenotasyacordes.com\/index.php?rest_route=\/wp\/v2\/media\/8357"}],"wp:attachment":[{"href":"https:\/\/entrenotasyacordes.com\/index.php?rest_route=%2Fwp%2Fv2%2Fmedia&parent=8356"}],"wp:term":[{"taxonomy":"category","embeddable":true,"href":"https:\/\/entrenotasyacordes.com\/index.php?rest_route=%2Fwp%2Fv2%2Fcategories&post=8356"},{"taxonomy":"post_tag","embeddable":true,"href":"https:\/\/entrenotasyacordes.com\/index.php?rest_route=%2Fwp%2Fv2%2Ftags&post=8356"}],"curies":[{"name":"wp","href":"https:\/\/api.w.org\/{rel}","templated":true}]}}